{"id":555920,"date":"2025-11-24T18:21:18","date_gmt":"2025-11-24T18:21:18","guid":{"rendered":"https:\/\/www.europesays.com\/fr\/555920\/"},"modified":"2025-11-24T18:21:18","modified_gmt":"2025-11-24T18:21:18","slug":"guerre-en-ukraine-cout-de-la-vie-et-climat-quels-sont-les-defis-les-plus-urgents-pour-les-europeens","status":"publish","type":"post","link":"https:\/\/www.europesays.com\/fr\/555920\/","title":{"rendered":"Guerre en Ukraine, co\u00fbt de la vie et climat : quels sont les d\u00e9fis les plus urgents pour les Europ\u00e9ens\u00a0?"},"content":{"rendered":"<p>L&rsquo;optimisme quant \u00e0 l&rsquo;avenir de l&rsquo;Union europ\u00e9enne a baiss\u00e9 depuis l&rsquo;ann\u00e9e derni\u00e8re parmi les habitants des Vingt-sept, m\u00eame si plus de la moiti\u00e9 d&rsquo;entre eux se disent encore optimistes.<\/p>\n<p>C&rsquo;est ce qui ressort d&rsquo;une r\u00e9cente enqu\u00eate Flash Eurobarom\u00e8tre, qui r\u00e9v\u00e8le que les niveaux d&rsquo;optimisme ont chut\u00e9 de six points de pourcentage par rapport \u00e0 la m\u00eame p\u00e9riode en 2024.<\/p>\n<p>\u00ab\u00a0Une analyse des diff\u00e9rents \u00c9tats membres montre que cette baisse est g\u00e9n\u00e9ralis\u00e9e\u00a0\u00bb, indique le rapport.<\/p>\n<p>Les baisses les plus importantes ont \u00e9t\u00e9 enregistr\u00e9es \u00e0 Malte (de 73 % \u00e0 57 %), en Autriche (de 51 % \u00e0 41 %), en Italie (de 60 % \u00e0 50 %) et en Gr\u00e8ce (de 48 % \u00e0 39 %).<\/p>\n<p>D\u00e9fense des droits de l&rsquo;Homme et puissance \u00e9conomique<\/p>\n<p>L&rsquo;optimisme quant \u00e0 l&rsquo;avenir de l&rsquo;UE tend \u00e0 \u00eatre plus \u00e9lev\u00e9 chez les jeunes r\u00e9pondants.<\/p>\n<p>\u00ab\u00a0Cette baisse d&rsquo;optimisme indique que les citoyens per\u00e7oivent un manque de leadership au niveau europ\u00e9en\u00a0\u00bb, a d\u00e9clar\u00e9 \u00e0 Europe in Motion Alberto Alemanno, professeur de droit et de politique de l&rsquo;Union europ\u00e9enne \u00e0 HEC Paris. <\/p>\n<p>\u00ab\u00a0Face \u00e0 la pression g\u00e9opolitique, \u00e0 l&rsquo;incertitude \u00e9conomique et \u00e0 l&rsquo;opportunit\u00e9 de forger une v\u00e9ritable ind\u00e9pendance europ\u00e9enne, les dirigeants de l&rsquo;UE ont plut\u00f4t choisi l&rsquo;accommodement, en particulier vis-\u00e0-vis des exigences am\u00e9ricaines en mati\u00e8re de politique commerciale et d&rsquo;autonomie r\u00e9glementaire\u00a0\u00bb.<\/p>\n<p>\u00ab\u00a0Les r\u00e9pondants plus \u00e2g\u00e9s, contrairement aux plus jeunes qui construisent encore leurs attentes, peuvent mesurer la ti\u00e9deur de la r\u00e9ponse d&rsquo;aujourd&rsquo;hui par rapport aux moments pr\u00e9c\u00e9dents o\u00f9 l&rsquo;Europe a fait preuve de plus de d\u00e9termination dans la d\u00e9fense de ses int\u00e9r\u00eats et de ses valeurs\u00a0\u00bb, ajoute le professeur.<\/p>\n<p>Dans l&rsquo;ensemble, les Europ\u00e9ens estiment que la principale force de l&rsquo;UE r\u00e9side dans son respect de la d\u00e9mocratie, des droits de l&rsquo;Homme et de l&rsquo;\u00c9tat de droit (36 %), les r\u00e9pondants du Luxembourg (43 %), du Danemark (45 %) et du Portugal (46 %) le pla\u00e7ant en t\u00eate de liste.<\/p>\n<p>Les Europ\u00e9ens ont \u00e9galement salu\u00e9 la puissance \u00e9conomique, industrielle et commerciale de l&rsquo;UE, cinq \u00c9tats membres la citant comme premier atout : l&rsquo;Irlande (43 %), les Pays-Bas (41 %), la Lituanie (36 %), la Slov\u00e9nie (36 %) et la France (35 %).<\/p>\n<p>Un peu plus d&rsquo;un quart des personnes interrog\u00e9es affirment que les bonnes relations et la solidarit\u00e9 entre les pays de l&rsquo;UE sont le meilleur atout de l&rsquo;Union. C&rsquo;est en Finlande que la proportion de r\u00e9pondants partageant ce point de vue est la plus \u00e9lev\u00e9e (38 %), tandis qu&rsquo;elle est la plus faible en Italie et en Hongrie (23 % chacun).<\/p>\n<p>Quels sont les principaux obstacles auxquels l&rsquo;UE est actuellement confront\u00e9e ?<\/p>\n<p>Pr\u00e8s de la moiti\u00e9 des personnes interrog\u00e9es dans l&rsquo;UE pensent que la guerre en Ukraine reste le principal d\u00e9fi pour l&rsquo;Union, alors qu&rsquo;<a href=\"https:\/\/fr.euronews.com\/2025\/11\/21\/volodymyr-zelensky-confirme-avoir-recu-le-plan-de-paix-americain\" target=\"_blank\" rel=\"noopener\"><strong>une nouvelle proposition de paix<\/strong><\/a> des \u00c9tats-Unis visant \u00e0 mettre fin \u00e0 l&rsquo;invasion russe de l&rsquo;Ukraine est en cours de discussion.<\/p>\n<p>Cette guerre est consid\u00e9r\u00e9e comme le plus grand d\u00e9fi dans 21 \u00c9tats membres, les personnes interrog\u00e9es en Lituanie (64 %), en Finlande (62 %) et au Danemark (61 %) estimant qu&rsquo;il s&rsquo;agit de la principale priorit\u00e9 de l&rsquo;UE.<\/p>\n<p>Dimanche dernier, la pr\u00e9sidente de la Commission europ\u00e9enne, Ursula von der Leyen, a pr\u00e9venu que l&rsquo;UE avait trois crit\u00e8res cl\u00e9s pour tout accord de paix.<\/p>\n<p>\u00ab\u00a0Premi\u00e8rement, les fronti\u00e8res ne peuvent \u00eatre modifi\u00e9es par la force\u00a0\u00bb, a-t-elle \u00e9crit <a href=\"https:\/\/ec.europa.eu\/commission\/presscorner\/detail\/en\/statement%5F25%5F2791\" target=\"_blank\" rel=\"noreferrer noopener\"><strong>dans un communiqu\u00e9<\/strong><\/a>. \u00ab\u00a0Deuxi\u00e8mement, en tant que nation souveraine, les forces arm\u00e9es ukrainiennes ne peuvent \u00eatre limit\u00e9es au point de rendre le pays vuln\u00e9rable \u00e0 de futures attaques et de compromettre ainsi la s\u00e9curit\u00e9 europ\u00e9enne\u00a0\u00bb.<\/p>\n<p>\u00ab\u00a0Troisi\u00e8mement, le r\u00f4le central de l&rsquo;Union europ\u00e9enne dans l&rsquo;instauration de la paix en Ukraine doit \u00eatre pleinement refl\u00e9t\u00e9\u00a0\u00bb, a-t-elle ajout\u00e9.<\/p>\n<p>La semaine derni\u00e8re, la responsable des affaires \u00e9trang\u00e8res de l&rsquo;UE, Kaja Kallas, a \u00e9galement r\u00e9it\u00e9r\u00e9 ses appels pour que les Europ\u00e9ens aient un si\u00e8ge \u00e0 la table des n\u00e9gociations de paix entre l&rsquo;Ukraine et la Russie.<\/p>\n<p>\u00ab\u00a0Notre position n&rsquo;a pas chang\u00e9\u00a0\u00bb, a-t-elle d\u00e9clar\u00e9 \u00e0 l&rsquo;issue d&rsquo;une r\u00e9union des ministres des Affaires \u00e9trang\u00e8res \u00e0 Bruxelles le 20 novembre. \u00ab\u00a0Pour qu&rsquo;un plan de paix aboutisse, il doit \u00eatre soutenu par l&rsquo;Ukraine et par l&rsquo;Europe\u00a0\u00bb.<\/p>\n<p>Les autres principaux d\u00e9fis cit\u00e9s par les Europ\u00e9ens sont l&rsquo;immigration clandestine (38 %), le co\u00fbt de la vie et les questions climatiques (29 %).<\/p>\n<p>Une grande majorit\u00e9 d&rsquo;Europ\u00e9ens pensent \u00e9galement que l&rsquo;UE devrait diversifier ses relations commerciales avec des pays du monde entier afin de renforcer son ind\u00e9pendance \u00e9conomique et de soutenir les entreprises de l&rsquo;UE.<\/p>\n<p>Enfin, quelque 81 % des personnes interrog\u00e9es estiment que l&rsquo;UE devrait prendre des mesures pour aider les industries europ\u00e9ennes \u00e0 devenir plus comp\u00e9titives et \u00e0 se d\u00e9carboniser, tandis que 82 % pensent que l&rsquo;UE devrait favoriser l&rsquo;\u00e9quit\u00e9 entre les groupes sociaux et les g\u00e9n\u00e9rations.<\/p>\n","protected":false},"excerpt":{"rendered":"L&rsquo;optimisme quant \u00e0 l&rsquo;avenir de l&rsquo;Union europ\u00e9enne a baiss\u00e9 depuis l&rsquo;ann\u00e9e derni\u00e8re parmi les habitants des Vingt-sept, m\u00eame&hellip;\n","protected":false},"author":2,"featured_media":555921,"comment_status":"","ping_status":"","sticky":false,"template":"","format":"standard","meta":{"footnotes":""},"categories":[1586],"tags":[11,2160,1777,674,1779,1011,27,131,12,25,1778,364],"class_list":{"0":"post-555920","1":"post","2":"type-post","3":"status-publish","4":"format-standard","5":"has-post-thumbnail","7":"category-europe","8":"tag-actualites","9":"tag-commerce-international","10":"tag-eu","11":"tag-europe","12":"tag-european-union","13":"tag-fr","14":"tag-france","15":"tag-guerre-en-ukraine","16":"tag-news","17":"tag-republique-francaise","18":"tag-ue","19":"tag-union-europeenne"},"share_on_mastodon":{"url":"https:\/\/pubeurope.com\/@fr\/115606066576761737","error":""},"_links":{"self":[{"href":"https:\/\/www.europesays.com\/fr\/wp-json\/wp\/v2\/posts\/555920","targetHints":{"allow":["GET"]}}],"collection":[{"href":"https:\/\/www.europesays.com\/fr\/wp-json\/wp\/v2\/posts"}],"about":[{"href":"https:\/\/www.europesays.com\/fr\/wp-json\/wp\/v2\/types\/post"}],"author":[{"embeddable":true,"href":"https:\/\/www.europesays.com\/fr\/wp-json\/wp\/v2\/users\/2"}],"replies":[{"embeddable":true,"href":"https:\/\/www.europesays.com\/fr\/wp-json\/wp\/v2\/comments?post=555920"}],"version-history":[{"count":0,"href":"https:\/\/www.europesays.com\/fr\/wp-json\/wp\/v2\/posts\/555920\/revisions"}],"wp:featuredmedia":[{"embeddable":true,"href":"https:\/\/www.europesays.com\/fr\/wp-json\/wp\/v2\/media\/555921"}],"wp:attachment":[{"href":"https:\/\/www.europesays.com\/fr\/wp-json\/wp\/v2\/media?parent=555920"}],"wp:term":[{"taxonomy":"category","embeddable":true,"href":"https:\/\/www.europesays.com\/fr\/wp-json\/wp\/v2\/categories?post=555920"},{"taxonomy":"post_tag","embeddable":true,"href":"https:\/\/www.europesays.com\/fr\/wp-json\/wp\/v2\/tags?post=555920"}],"curies":[{"name":"wp","href":"https:\/\/api.w.org\/{rel}","templated":true}]}}