{"id":555922,"date":"2025-11-24T18:22:13","date_gmt":"2025-11-24T18:22:13","guid":{"rendered":"https:\/\/www.europesays.com\/fr\/555922\/"},"modified":"2025-11-24T18:22:13","modified_gmt":"2025-11-24T18:22:13","slug":"ousmane-dembele-savait-quil-allait-gagner","status":"publish","type":"post","link":"https:\/\/www.europesays.com\/fr\/555922\/","title":{"rendered":"Ousmane Demb\u00e9l\u00e9 savait qu\u2019il allait gagner"},"content":{"rendered":"<p>Le 22 septembre dernier, <a href=\"https:\/\/www.footmercato.net\/joueur\/ousmane-dembele\/\" target=\"_blank\" rel=\"noopener\">Ousmane Demb\u00e9l\u00e9<\/a> a remport\u00e9 le Ballon d\u2019Or 2025. Un peu plus de deux mois plus tard, le Fran\u00e7ais a \u00e9t\u00e9 honor\u00e9 par <a href=\"https:\/\/www.gqmagazine.fr\/article\/ousmane-dembele-interview-hommes-de-lannee-gq-2025\" target=\"_blank\" rel=\"noopener\">GQ<\/a>. L\u2019occasion pour lui de se livrer lors d\u2019une longue interview, durant laquelle il est revenu sur sa victoire au Ballon d\u2019Or.<\/p>\n<p>            La suite apr\u00e8s cette publicit\u00e9<\/p>\n<p>Un journaliste lui a demand\u00e9 quelle aurait \u00e9t\u00e9 sa r\u00e9action si jamais il n\u2019avait pas gagn\u00e9. Dembouz a \u00e9t\u00e9 clair : \u00ab je n\u2019ai pas r\u00e9fl\u00e9chi \u00e0 \u00e7a parce que je savais que j\u2019allais le gagner. [rires] \u00bb Il a ensuite indiqu\u00e9 le moment o\u00f9 il l\u2019a su : \u00ab bah, quand Ronaldinho a ouvert l\u2019enveloppe\u2009! \u00bb Enfin, le Parisien a pr\u00e9cis\u00e9 : \u00ab non (il ne pensait pas le gagner apr\u00e8s la victoire en C1, ndlr). Je pense que c\u2019\u00e9tait plut\u00f4t apr\u00e8s la Supercoupe d\u2019Europe face \u00e0 Tottenham. \u00bb<\/p>\n<p>\n    Pub. le 24\/11\/2025 17:11<br \/>\n            &#8211; MAJ le 24\/11\/2025 19:15\n    <\/p>\n","protected":false},"excerpt":{"rendered":"Le 22 septembre dernier, Ousmane Demb\u00e9l\u00e9 a remport\u00e9 le Ballon d\u2019Or 2025. Un peu plus de deux mois&hellip;\n","protected":false},"author":2,"featured_media":555923,"comment_status":"","ping_status":"","sticky":false,"template":"","format":"standard","meta":{"footnotes":""},"categories":[2],"tags":[11,1011,27,12,25],"class_list":{"0":"post-555922","1":"post","2":"type-post","3":"status-publish","4":"format-standard","5":"has-post-thumbnail","7":"category-actualites","8":"tag-actualites","9":"tag-fr","10":"tag-france","11":"tag-news","12":"tag-republique-francaise"},"share_on_mastodon":{"url":"https:\/\/pubeurope.com\/@fr\/115606070598860323","error":""},"_links":{"self":[{"href":"https:\/\/www.europesays.com\/fr\/wp-json\/wp\/v2\/posts\/555922","targetHints":{"allow":["GET"]}}],"collection":[{"href":"https:\/\/www.europesays.com\/fr\/wp-json\/wp\/v2\/posts"}],"about":[{"href":"https:\/\/www.europesays.com\/fr\/wp-json\/wp\/v2\/types\/post"}],"author":[{"embeddable":true,"href":"https:\/\/www.europesays.com\/fr\/wp-json\/wp\/v2\/users\/2"}],"replies":[{"embeddable":true,"href":"https:\/\/www.europesays.com\/fr\/wp-json\/wp\/v2\/comments?post=555922"}],"version-history":[{"count":0,"href":"https:\/\/www.europesays.com\/fr\/wp-json\/wp\/v2\/posts\/555922\/revisions"}],"wp:featuredmedia":[{"embeddable":true,"href":"https:\/\/www.europesays.com\/fr\/wp-json\/wp\/v2\/media\/555923"}],"wp:attachment":[{"href":"https:\/\/www.europesays.com\/fr\/wp-json\/wp\/v2\/media?parent=555922"}],"wp:term":[{"taxonomy":"category","embeddable":true,"href":"https:\/\/www.europesays.com\/fr\/wp-json\/wp\/v2\/categories?post=555922"},{"taxonomy":"post_tag","embeddable":true,"href":"https:\/\/www.europesays.com\/fr\/wp-json\/wp\/v2\/tags?post=555922"}],"curies":[{"name":"wp","href":"https:\/\/api.w.org\/{rel}","templated":true}]}}