{"id":555924,"date":"2025-11-24T18:23:14","date_gmt":"2025-11-24T18:23:14","guid":{"rendered":"https:\/\/www.europesays.com\/fr\/555924\/"},"modified":"2025-11-24T18:23:14","modified_gmt":"2025-11-24T18:23:14","slug":"top-14-stade-toulousain-antoine-dupont-se-tient-pret-jack-willis-absent-quelques-semaines","status":"publish","type":"post","link":"https:\/\/www.europesays.com\/fr\/555924\/","title":{"rendered":"Top 14 &#8211; Stade toulousain\u00a0: Antoine Dupont se tient pr\u00eat, Jack Willis absent quelques semaines"},"content":{"rendered":"<p>\n                Si de nombreux internationaux devraient \u00eatre laiss\u00e9s au repos du c\u00f4t\u00e9 toulousain pour le match contre le Racing 92 samedi, d\u2019autres seront bien \u00e0 disposition du staff, comme Romain Ntamack, Emmanuel Meafou ou Kalvin Gourgues. Touch\u00e9 aux c\u00f4tes, Jack Willis sera en revanche indisponible durant un certain temps.\n            <\/p>\n<p>C\u2019est une semaine encore particuli\u00e8re qui s\u2019est ouverte pour le Stade toulousain. Deux jours apr\u00e8s sa large victoire sur le terrain de Montauban pour terminer la p\u00e9riode des doublons automnaux, le triple champion de France en titre a retrouv\u00e9 le chemin de l\u2019entra\u00eenement ce lundi, pour pr\u00e9parer la r\u00e9ception du Racing 92 samedi soir. Un match qui sera le dernier de Pita Ahki sous le maillot toulousain.<\/p>\n<p>Pr\u00e9sent sur toutes les feuilles de match des sept titres remport\u00e9s depuis 2019, le trois-quarts centre a trouv\u00e9 un accord pour \u00eatre lib\u00e9r\u00e9 de son contrat (qui prenait fin en juin\u00a02026) pour rejoindre les Auckland Blues et disputer le prochain Super Rugby.<\/p>\n<p>Grosse inqui\u00e9tude pour Mallia<\/p>\n<p>Une semaine avant de basculer sur la Champions Cup, cette 11e journ\u00e9e de Top 14 marquera aussi le retour aux affaires des internationaux. Du moins, ceux qui ne sont pas laiss\u00e9s au repos. Parmi les joueurs utilis\u00e9s en \u00e9quipe nationale r\u00e9cemment, dix n\u2019\u00e9taient pas pr\u00e9sents ce lundi\u00a0: Julien Marchand, Dorian Aldegheri, Thibaud Flament, Anthony Jelonch, Naoto Saito, Juan Cruz Mallia, Santiago Chocobares, Pierre-Louis Barassi, Blair Kinghorn et Thomas Ramos. Ils doivent \u00eatre examin\u00e9s mais, pour eux, les chances sont maigres de les voir dans le groupe samedi.<\/p>\n<p>En ce qui concerne Mallia, il a \u00e9t\u00e9 victime ce dimanche d\u2019une \u00ab\u00a0l\u00e9sion du ligament ant\u00e9rieur\u00a0\u00bb d\u2019un genou avec les Pumas, selon les informations d\u00e9livr\u00e9es par la F\u00e9d\u00e9ration argentine. Il doit encore passer des examens avant de conna\u00eetre la dur\u00e9e exacte de son indisponibilit\u00e9 mais l\u2019inqui\u00e9tude est de mise dans rangs toulousains. Il pourrait \u00eatre absent de longs mois.<\/p>\n<p>Pour autant, plusieurs internationaux ont d\u00e9j\u00e0 repris l\u2019entra\u00eenement et seront \u00e0 disposition du staff Toulouse\u00a0: Rodrigue Neti, Guillaume Cramont, Emmanuel Meafou, Romain Ntamack\u00a0Kalvin Gourgues, Matias Remue et Ange Capuozzo. Nelson Ep\u00e9e (cheville) est aussi de retour et pourrait postuler.<\/p>\n<p>Willis touch\u00e9 aux c\u00f4tes<\/p>\n<p>En revanche, Toulouse ne pourra pas compter sur Jack Willis. Sorti \u00e0 Montauban en raison d\u2019une blessure aux c\u00f4tes, le troisi\u00e8me ligne anglais est en fait touch\u00e9 au niveau du cartilage. Si les nouvelles sont plut\u00f4t rassurantes, il pourrait \u00eatre absent quelques semaines. Fran\u00e7ois Cros, qui a \u00e9t\u00e9 op\u00e9r\u00e9 d\u2019un genou, est \u00e9galement indisponible. Comme Th\u00e9o Ntamack (fracture de la main). Paul Mallez et Georges-Henri Colombe avaient d\u00e9j\u00e0 retrouv\u00e9 l\u2019entra\u00eenement la semaine derni\u00e8re. En revanche, s\u2019il a particip\u00e9 \u00e0 divers ateliers avec ses partenaires, Peato Mauvaka (genou) est toujours en reprise progressive.<\/p>\n<p>Quant \u00e0 Antoine Dupont, il se rapproche de plus en plus de son retour \u00e0 la comp\u00e9tition, huit mois apr\u00e8s son op\u00e9ration du genou droit. Il a encore particip\u00e9 \u00e0 la s\u00e9ance de mani\u00e8re intensive ce lundi apr\u00e8s-midi et il est aujourd\u2019hui consid\u00e9r\u00e9 comme op\u00e9rationnel. Sera-t-il relanc\u00e9 par Ugo Mola d\u00e8s samedi contre le Racing 92\u00a0? C\u2019est une possibilit\u00e9.<\/p>\n","protected":false},"excerpt":{"rendered":"Si de nombreux internationaux devraient \u00eatre laiss\u00e9s au repos du c\u00f4t\u00e9 toulousain pour le match contre le Racing&hellip;\n","protected":false},"author":2,"featured_media":555925,"comment_status":"","ping_status":"","sticky":false,"template":"","format":"standard","meta":{"footnotes":""},"categories":[2],"tags":[11,1011,27,12,25],"class_list":{"0":"post-555924","1":"post","2":"type-post","3":"status-publish","4":"format-standard","5":"has-post-thumbnail","7":"category-actualites","8":"tag-actualites","9":"tag-fr","10":"tag-france","11":"tag-news","12":"tag-republique-francaise"},"share_on_mastodon":{"url":"https:\/\/pubeurope.com\/@fr\/115606074556155940","error":""},"_links":{"self":[{"href":"https:\/\/www.europesays.com\/fr\/wp-json\/wp\/v2\/posts\/555924","targetHints":{"allow":["GET"]}}],"collection":[{"href":"https:\/\/www.europesays.com\/fr\/wp-json\/wp\/v2\/posts"}],"about":[{"href":"https:\/\/www.europesays.com\/fr\/wp-json\/wp\/v2\/types\/post"}],"author":[{"embeddable":true,"href":"https:\/\/www.europesays.com\/fr\/wp-json\/wp\/v2\/users\/2"}],"replies":[{"embeddable":true,"href":"https:\/\/www.europesays.com\/fr\/wp-json\/wp\/v2\/comments?post=555924"}],"version-history":[{"count":0,"href":"https:\/\/www.europesays.com\/fr\/wp-json\/wp\/v2\/posts\/555924\/revisions"}],"wp:featuredmedia":[{"embeddable":true,"href":"https:\/\/www.europesays.com\/fr\/wp-json\/wp\/v2\/media\/555925"}],"wp:attachment":[{"href":"https:\/\/www.europesays.com\/fr\/wp-json\/wp\/v2\/media?parent=555924"}],"wp:term":[{"taxonomy":"category","embeddable":true,"href":"https:\/\/www.europesays.com\/fr\/wp-json\/wp\/v2\/categories?post=555924"},{"taxonomy":"post_tag","embeddable":true,"href":"https:\/\/www.europesays.com\/fr\/wp-json\/wp\/v2\/tags?post=555924"}],"curies":[{"name":"wp","href":"https:\/\/api.w.org\/{rel}","templated":true}]}}