{"id":555926,"date":"2025-11-24T18:24:18","date_gmt":"2025-11-24T18:24:18","guid":{"rendered":"https:\/\/www.europesays.com\/fr\/555926\/"},"modified":"2025-11-24T18:24:18","modified_gmt":"2025-11-24T18:24:18","slug":"la-france-se-dit-prete-a-livrer-une-fregate-a-la-suede-des-2030","status":"publish","type":"post","link":"https:\/\/www.europesays.com\/fr\/555926\/","title":{"rendered":"La France se dit pr\u00eate \u00e0 livrer une fr\u00e9gate \u00e0 la Su\u00e8de d\u00e8s\u00a02030"},"content":{"rendered":"<p>La France pourrait-elle gagner l\u2019appel d\u2019offres de la <a href=\"https:\/\/www.20minutes.fr\/dossier\/suede\" class=\"c-link c-link--is-underlined\" target=\"_blank\" rel=\"noopener\">Su\u00e8de\u00a0<\/a>? C\u2019est en tout cas ce qu\u2019elle esp\u00e8re. Elle a assur\u00e9 ce lundi pouvoir fournir une fr\u00e9gate \u00ab\u00a0totalement \u00e9quip\u00e9e\u00a0\u00bb en\u00a02030 \u00e0 la Su\u00e8de. Stockholm souhaite <a href=\"https:\/\/www.20minutes.fr\/societe\/4183562-20251105-drones-sous-marins-navire-peut-neutraliser-mines-kilometres-distance\" class=\"c-link c-link--is-underlined\" target=\"_blank\" rel=\"noopener\">obtenir quatre b\u00e2timents de ce type<\/a> qu\u2019elle souhaite obtenir d\u2019ici\u00a02035.<\/p>\n<p>L\u2019Administration su\u00e9doise du mat\u00e9riel de d\u00e9fense (FMV) a effectu\u00e9 une \u00e9tude de march\u00e9 et a, avec les forces arm\u00e9es de Su\u00e8de, conseill\u00e9 le gouvernement. Aucune d\u00e9cision n\u2019a encore \u00e9t\u00e9 prise, mais Stockholm esp\u00e8re trancher la question d\u00e9but\u00a02026, a indiqu\u00e9 lundi le ministre su\u00e9dois de la D\u00e9fense P\u00e5l Jonson, qui accueillait son homologue fran\u00e7aise Catherine Vautrin, au ch\u00e2teau de Karlberg, \u00e0 Stockholm. Les offres du fran\u00e7ais Naval Group, du britannique Babcock, de l\u2019espagnol Navantia et du su\u00e9dois Saab sont en lice, selon les m\u00e9dias su\u00e9dois.<\/p>\n<\/p>\n<p>Les avions radars \u00e9voqu\u00e9s<\/p>\n<p>Interrog\u00e9e \u00e0 ce sujet, la ministre fran\u00e7aise de la d\u00e9fense Catherine Vautrin a dit que Paris avait \u00ab\u00a0fait une offre au mois d\u2019octobre dernier\u00a0\u00bb. \u00ab\u00a0Nous sommes en capacit\u00e9 de livrer une fr\u00e9gate en\u00a02030 totalement \u00e9quip\u00e9e y <a href=\"https:\/\/www.20minutes.fr\/monde\/4182569-20251030-europe-moyens-militaires-faire-face-russie-suppose-autre-coherence-strategique\" class=\"c-link c-link--is-underlined\" target=\"_blank\" rel=\"noopener\">compris en mati\u00e8re de d\u00e9fense<\/a>. Nous proposons bien s\u00fbr un partenariat avec l\u2019industrie su\u00e9doise et notamment Saab\u00a0\u00bb, a-t-elle dit devant la presse.<\/p>\n<p>\u00ab\u00a0Et notre mod\u00e8le est d\u00e9j\u00e0 existant puisque nous avons une fr\u00e9gate qui aujourd\u2019hui est op\u00e9rationnelle, la fr\u00e9gate Amiral Ronarc\u2019h qui sera d\u2019ailleurs \u00e0 G\u00f6teborg [ouest de la Su\u00e8de] en d\u00e9but d\u2019ann\u00e9e prochaine\u00a0\u00bb, a fait valoir la ministre. Pour la Su\u00e8de, le but est d\u2019avoir deux fr\u00e9gates d\u2019ici \u00e0\u00a02030 et deux autres d\u2019ici\u00a02035, a rappel\u00e9 pour sa part P\u00e5l Jonson.<\/p>\n<p>Les ministres fran\u00e7ais et su\u00e9dois ont \u00e9galement abord\u00e9 le sujet des avions radars Global Eye produits par le g\u00e9ant su\u00e9dois Saab. Une lettre d\u2019intention en vue d\u2019une \u00e9ventuelle acquisition de ces engins par la France avait \u00e9t\u00e9 sign\u00e9e en juin, portant sur l\u2019achat de deux Global Eye avec une option pour deux autres. \u00ab\u00a0C\u2019est un produit qui nous int\u00e9resse en mati\u00e8re de surveillance. C\u2019est la raison pour laquelle la France aura des annonces \u00e0 faire sur le sujet\u00a0\u00bb, a d\u00e9clar\u00e9 <a href=\"https:\/\/www.20minutes.fr\/politique\/catherine-vautrin\/\" class=\"c-link c-link--is-underlined\" target=\"_blank\" rel=\"noopener\">Catherine Vautrin<\/a>.<\/p>\n","protected":false},"excerpt":{"rendered":"La France pourrait-elle gagner l\u2019appel d\u2019offres de la Su\u00e8de\u00a0? C\u2019est en tout cas ce qu\u2019elle esp\u00e8re. Elle a&hellip;\n","protected":false},"author":2,"featured_media":555927,"comment_status":"","ping_status":"","sticky":false,"template":"","format":"standard","meta":{"footnotes":""},"categories":[4],"tags":[47,11,1813,33,1011,27,74,11678,12,25,7199],"class_list":{"0":"post-555926","1":"post","2":"type-post","3":"status-publish","4":"format-standard","5":"has-post-thumbnail","7":"category-france","8":"tag-actualite","9":"tag-actualites","10":"tag-armee","11":"tag-economie","12":"tag-fr","13":"tag-france","14":"tag-monde","15":"tag-navire","16":"tag-news","17":"tag-republique-francaise","18":"tag-suede"},"share_on_mastodon":{"url":"https:\/\/pubeurope.com\/@fr\/115606078337901392","error":""},"_links":{"self":[{"href":"https:\/\/www.europesays.com\/fr\/wp-json\/wp\/v2\/posts\/555926","targetHints":{"allow":["GET"]}}],"collection":[{"href":"https:\/\/www.europesays.com\/fr\/wp-json\/wp\/v2\/posts"}],"about":[{"href":"https:\/\/www.europesays.com\/fr\/wp-json\/wp\/v2\/types\/post"}],"author":[{"embeddable":true,"href":"https:\/\/www.europesays.com\/fr\/wp-json\/wp\/v2\/users\/2"}],"replies":[{"embeddable":true,"href":"https:\/\/www.europesays.com\/fr\/wp-json\/wp\/v2\/comments?post=555926"}],"version-history":[{"count":0,"href":"https:\/\/www.europesays.com\/fr\/wp-json\/wp\/v2\/posts\/555926\/revisions"}],"wp:featuredmedia":[{"embeddable":true,"href":"https:\/\/www.europesays.com\/fr\/wp-json\/wp\/v2\/media\/555927"}],"wp:attachment":[{"href":"https:\/\/www.europesays.com\/fr\/wp-json\/wp\/v2\/media?parent=555926"}],"wp:term":[{"taxonomy":"category","embeddable":true,"href":"https:\/\/www.europesays.com\/fr\/wp-json\/wp\/v2\/categories?post=555926"},{"taxonomy":"post_tag","embeddable":true,"href":"https:\/\/www.europesays.com\/fr\/wp-json\/wp\/v2\/tags?post=555926"}],"curies":[{"name":"wp","href":"https:\/\/api.w.org\/{rel}","templated":true}]}}