{"id":555934,"date":"2025-11-24T18:32:17","date_gmt":"2025-11-24T18:32:17","guid":{"rendered":"https:\/\/www.europesays.com\/fr\/555934\/"},"modified":"2025-11-24T18:32:17","modified_gmt":"2025-11-24T18:32:17","slug":"uno-x-mobility-leffectif-2026-actualite","status":"publish","type":"post","link":"https:\/\/www.europesays.com\/fr\/555934\/","title":{"rendered":"Uno-X Mobility : L&rsquo;effectif 2026 &#8211; Actualit\u00e9"},"content":{"rendered":"<p style=\"text-align: justify;\">Uno-X Mobility aura un effectif de 30 \u00e9l\u00e9ments en 2026. <strong><a href=\"https:\/\/www.directvelo.com\/actualite\/124780\/worldtour-le-verdict-pour-les-equipes\" target=\"_blank\" rel=\"noopener\">Bien que 19e au classement technique des \u00e9quipes<\/a><\/strong>, la fusion entre Lotto et Intermarch\u00e9-Wanty permet \u00e0 la structure norv\u00e9gienne d&rsquo;obtenir le 18e ticket synonyme d&rsquo;accession au WorldTour, en tout cas sur le papier. C\u00f4t\u00e9 d\u00e9parts, Alexander Kristoff prend sa retraite, alors que sept recrues arrivent, comme Martin Tjotta (Ark\u00e9a-B&amp;B H\u00f4tels) et Sven Erik Bystrom (Groupama-FDJ).<\/p>\n<p><strong>L&rsquo;effectif 2026 d&rsquo;Uno-X Mobility :<\/strong><br \/>Jonas Abrahamsen, 30 ans<br \/>Erlend Blikra, 28 ans<br \/>Sven Erik Bystrom, 33 ans (Groupama-FDJ)<br \/>Carl-Frederik B\u00e9vort, 22 ans<br \/>Anthon Charmig, 27 ans (XDS Astana Team)<br \/>Magnus Cort Nielsen, 32 ans<br \/>Simon Dalby, 22 ans<br \/>Fredrik Dversnes, 28 ans<br \/>Stian Edvardsen-Fredheim, 22 ans<br \/>Markus Hoelgaard, 31 ans<br \/>Adne Holter, 25 ans<br \/>Jonas Iversby Hvideberg, 26 ans<br \/>Storm Ingebrigsten, 20 ans (Team Coop-Repsol)<br \/>Anders Holland Johannessen, 26 ans<br \/>Tobias Halland Johannessen, 26 ans<br \/>Alexander Kamp, 32 ans (Intermarch\u00e9-Wanty)<br \/>Andreas Lorentz Kron, 27 ans<br \/>Johannes Kulset, 21 ans<br \/>Andreas Leknessund, 26 ans<br \/>William Blume Levy, 24 ans<br \/>Sakarias Koller Loland, 24 ans<br \/>Henrik Breiner Pedersen, 21 ans<br \/>Erik Nordsaeter Resell, 29 ans<br \/>Anders Skaarseth, 30 ans<br \/>Tobias Svarre, 21 ans (Team ColoQuick)<br \/>Rasmus Tiller, 29 ans<br \/>Martin Tjotta, 24 ans (Ark\u00e9a-B&amp;B H\u00f4tels)<br \/>Torstein Traeen, 30 ans (Bahrain-Victorious)<br \/>Martin Urianstad Bugge, 26 ans<br \/>Soren Waerenskjold, 25 ans<\/p>\n<p style=\"text-align: justify;\">Les d\u00e9parts : Alexander Kristoff (arr\u00eat), Amund Gr\u00f6ndahl Jansen, Magnus Kulset, Rasmus Bogh Wallin.<\/p>\n","protected":false},"excerpt":{"rendered":"Uno-X Mobility aura un effectif de 30 \u00e9l\u00e9ments en 2026. Bien que 19e au classement technique des \u00e9quipes,&hellip;\n","protected":false},"author":2,"featured_media":555935,"comment_status":"","ping_status":"","sticky":false,"template":"","format":"standard","meta":{"footnotes":""},"categories":[1411],"tags":[834,828,836,829,837,827,83,826,824,823,1154,207,814,817,815,816,822,821,832,211,839,1011,27,820,818,819,835,831,830,833,838,60,212,208,825],"class_list":{"0":"post-555934","1":"post","2":"type-post","3":"status-publish","4":"format-standard","5":"has-post-thumbnail","7":"category-cyclisme","8":"tag-attaque","9":"tag-belgique","10":"tag-braquet","11":"tag-bretagne","12":"tag-chute","13":"tag-competition","14":"tag-coupe-de-france","15":"tag-coureur","16":"tag-course-cyclisme","17":"tag-course-cycliste","18":"tag-cycling","19":"tag-cyclisme","20":"tag-direct","21":"tag-direct-velo","22":"tag-directvelo","23":"tag-directvelo-com","24":"tag-epreuve","25":"tag-epreuve-cycliste","26":"tag-federation-francaise-de-cyclisme","27":"tag-ffc","28":"tag-flandres","29":"tag-fr","30":"tag-france","31":"tag-live","32":"tag-live-course","33":"tag-live-epreuve","34":"tag-peloton","35":"tag-radio-peloton","36":"tag-radio-tour","37":"tag-ravitaillement","38":"tag-relance","39":"tag-sports","40":"tag-uci","41":"tag-velo","42":"tag-velos"},"share_on_mastodon":{"url":"https:\/\/pubeurope.com\/@fr\/115606109909782979","error":""},"_links":{"self":[{"href":"https:\/\/www.europesays.com\/fr\/wp-json\/wp\/v2\/posts\/555934","targetHints":{"allow":["GET"]}}],"collection":[{"href":"https:\/\/www.europesays.com\/fr\/wp-json\/wp\/v2\/posts"}],"about":[{"href":"https:\/\/www.europesays.com\/fr\/wp-json\/wp\/v2\/types\/post"}],"author":[{"embeddable":true,"href":"https:\/\/www.europesays.com\/fr\/wp-json\/wp\/v2\/users\/2"}],"replies":[{"embeddable":true,"href":"https:\/\/www.europesays.com\/fr\/wp-json\/wp\/v2\/comments?post=555934"}],"version-history":[{"count":0,"href":"https:\/\/www.europesays.com\/fr\/wp-json\/wp\/v2\/posts\/555934\/revisions"}],"wp:featuredmedia":[{"embeddable":true,"href":"https:\/\/www.europesays.com\/fr\/wp-json\/wp\/v2\/media\/555935"}],"wp:attachment":[{"href":"https:\/\/www.europesays.com\/fr\/wp-json\/wp\/v2\/media?parent=555934"}],"wp:term":[{"taxonomy":"category","embeddable":true,"href":"https:\/\/www.europesays.com\/fr\/wp-json\/wp\/v2\/categories?post=555934"},{"taxonomy":"post_tag","embeddable":true,"href":"https:\/\/www.europesays.com\/fr\/wp-json\/wp\/v2\/tags?post=555934"}],"curies":[{"name":"wp","href":"https:\/\/api.w.org\/{rel}","templated":true}]}}