{"id":55594,"date":"2025-04-27T00:13:17","date_gmt":"2025-04-27T00:13:17","guid":{"rendered":"https:\/\/www.europesays.com\/fr\/55594\/"},"modified":"2025-04-27T00:13:17","modified_gmt":"2025-04-27T00:13:17","slug":"le-musee-dorsay-sinstalle-en-seine-et-marne","status":"publish","type":"post","link":"https:\/\/www.europesays.com\/fr\/55594\/","title":{"rendered":"Le mus\u00e9e d\u2019Orsay s\u2019installe en Seine-et-Marne"},"content":{"rendered":"<p><img loading=\"lazy\" decoding=\"async\" alt=\"\u00a9\u00a0Shutterstock - 100 \u0153uvres qui racontent le climat, pilot\u00e9e par le mus\u00e9e d\u2019Orsay\u00a0\" data-zoom-src=\"https:\/\/www.europesays.com\/fr\/wp-content\/uploads\/2025\/04\/initial-musee-orsay.jpg\" data-zoomable=\"\" height=\"702\" src=\"https:\/\/www.europesays.com\/fr\/wp-content\/uploads\/2025\/04\/initial-musee-orsay.jpg\" width=\"1248\"\/>  <\/p>\n<p class=\"article-desc\">\u00a9\u00a0Shutterstock &#8211; 100 \u0153uvres qui racontent le climat, pilot\u00e9e par le mus\u00e9e d\u2019Orsay\u00a0 <\/p>\n<p>En 2024, le <strong>mus\u00e9e d\u2019Orsay<\/strong> avait d\u00e9j\u00e0 pr\u00eat\u00e9 <strong>178 \u0153uvres<\/strong> \u00e0 34 institutions. Cette ann\u00e9e, il r\u00e9it\u00e8re l\u2019exp\u00e9rience et souhaite f\u00e9d\u00e9rer autour de la question du climat et de la biodiversit\u00e9. Douze r\u00e9gions fran\u00e7aises accueilleront une ou plusieurs de ses \u0153uvres. Ainsi, le <a href=\"https:\/\/mesinfos.fr\/75000-paris\/le-musee-d-orsay-celebre-l-age-d-or-de-l-affiche-illustree-219159.html\" rel=\"noopener\" target=\"_blank\">mus\u00e9e parisien<\/a> a s\u00e9lectionn\u00e9 de sa collection 100 \u0153uvres \u201cqui racontent le climat\u201d. <\/p>\n<p>La Seine-et-Marne est le seul d\u00e9partement d\u2019\u00cele-de-France qui a \u00e9t\u00e9 choisi pour accueillir<strong> huit chefs-d\u2019\u0153uvre du XIX\u1d49 si\u00e8cle<\/strong>. Parmi ces lieux d\u2019accueil : le mus\u00e9e des peintres \u00e0 Barbizon, le mus\u00e9e de la Seine-et-Marne et le mus\u00e9e de St\u00e9phane Mallarm\u00e9.\u00a0 <\/p>\n<p>Le d\u00e9partement propose de d\u00e9couvrir ces \u0153uvres au sein d\u2019un parcours de<strong> trois expositions<\/strong>, interrogeant les enjeux du climat et de la biodiversit\u00e9 \u00e0 travers l\u2019art.\u00a0 <\/p>\n<p>Premier arr\u00eat : le mus\u00e9e des peintres de Barbizon <\/p>\n<p>Jusqu\u2019au 14 juillet, le mus\u00e9e des peintres de Barbizon \u00e0 <strong>Barbizon<\/strong> ouvre les portes \u00e0 l\u2019exposition \u201cPaysages et paysans\u201d. Il sera possible de venir admirer, la \u201cJeune paysanne faisant les foins\u201d et le \u201cPaysan fauchant\u201d de Constant Alexandre Famin, la \u201cMoisson\u201d de Charles-Fran\u00e7ois Daubigny et la \u201cClairi\u00e8re dans la Haute Futaie : for\u00eat de Fontainebleau\u201d de Th\u00e9odore Rousseau.<\/p>\n<p>  Deuxi\u00e8me arr\u00eat : le mus\u00e9e de la Seine-et-Marne <\/p>\n<p>Jusqu\u2019au 14 juillet toujours, au <a href=\"https:\/\/mesinfos.fr\/77750-saint-cyr-sur-morin\/le-monde-ovale-de-pierre-mac-orlan-expose-au-musee-de-la-seine-et-marne-184145.html\" rel=\"noopener\" target=\"_blank\">mus\u00e9e de la Seine-et-Marne<\/a> \u00e0 <strong>Saint-Cyr-sur-Morin<\/strong>, l\u2019exposition \u201cCharbon forever\u201d prendra vie autour de l\u2019immense Claude Monet \u00e0 travers son \u0153uvre \u201cLes d\u00e9chargeurs de charbon\u201d. Ce mus\u00e9e n\u2019a pas \u00e9t\u00e9 choisi au hasard, il conserve un panier \u00e0 charbon identique \u00e0 celui du tableau de Monet. Autour de cette \u0153uvre, le mus\u00e9e \u00e9voquera le charbon comme combustible fossile phare au XIX\u1d49 si\u00e8cle pour l\u2019industrie en plein essor, mais encore aujourd\u2019hui au niveau mondial.<\/p>\n<p> Troisi\u00e8me arr\u00eat : le mus\u00e9e St\u00e9phane Mallarm\u00e9 <\/p>\n<p>Enfin, pour cl\u00f4turer ce tour unique des \u0153uvres d\u2019Orsay, les visiteurs sont invit\u00e9s du 2 mai au 14 juillet au mus\u00e9e St\u00e9phane Mallarm\u00e9 \u00e0 <strong>Vulaines-sur-Seine <\/strong>pour prendre connaissance de l\u2019exposition \u201cEntre fleuves et fleurs\u201d, qui mettra en lumi\u00e8re trois sublimes peintures : \u201cBranche de pivoines blanches est s\u00e9cateurs\u201d d\u2019Edouard Manet, \u201cVase de fleurs\u201d d\u2019Odilon Redon et enfin \u201cUne baignade \u00e0 Asni\u00e8res\u201d de Georges Seurat.\u00a0 <\/p>\n<p>Informatiques pratiques : Mus\u00e9e d\u00e9partemental de la Seine-et-Marne  <\/p>\n<ul>\n<li>\n<p>Horaires :\u00a0 <\/p>\n<ul>\n<li style=\"list-style-type:disc\">\n<p>Ouvert tous les jours (sauf le samedi) de 10h \u00e0 12h30 et de 14h \u00e0 17h30 (18h en juillet-ao\u00fbt) <\/p>\n<\/li>\n<li style=\"list-style-type:disc\">\n<p>Le mercredi, de 10h \u00e0 12h30.\u00a0 <\/p>\n<\/li>\n<li style=\"list-style-type:disc\">\n<p>Ferm\u00e9 en d\u00e9cembre, janvier, f\u00e9vrier et ao\u00fbt en plus du 1er mai. <\/p>\n<\/li>\n<\/ul>\n<\/li>\n<\/ul>\n<ul>\n<li>\n<p>Tarifs <\/p>\n<ul>\n<li style=\"list-style-type:disc\">\n<p>Plein tarif : 7 \u20ac (en p\u00e9riode d\u2019exposition) et 5 \u20ac (hors exposition) <\/p>\n<\/li>\n<li style=\"list-style-type:disc\">\n<p>Tarif r\u00e9duit (plus de 65 ans) : 5 \u20ac (en p\u00e9riode d\u2019exposition) et 3 \u20ac (hors exposition) <\/p>\n<\/li>\n<li style=\"list-style-type:disc\">\n<p>Gratuit (moins de 25 ans, b\u00e9n\u00e9ficiaire de minimas sociaux, demandeur d\u2019emploi, personne en situation de handicap et victime de guerre et leur accompagnateur) <\/p>\n<\/li>\n<\/ul>\n<\/li>\n<\/ul>\n<p> Mus\u00e9e d\u00e9partemental des peintres de Barbizon  <\/p>\n<ul>\n<li>\n<p>Horaires : <\/p>\n<ul>\n<li style=\"list-style-type:disc\">\n<p>Ouvert tous les jours (sauf le mardi), de 10h \u00e0 12h30 et de 14h \u00e0 17h30 (jusqu\u2019\u00e0 18h d\u2019avril \u00e0 octobre).\u00a0 <\/p>\n<\/li>\n<li style=\"list-style-type:disc\">\n<p>Ferm\u00e9 le 1er janvier, le 1er mai et les 24 et 25 d\u00e9cembre. <\/p>\n<\/li>\n<\/ul>\n<\/li>\n<\/ul>\n<ul>\n<li>\n<p>Tarifs <\/p>\n<ul>\n<li style=\"list-style-type:disc\">\n<p>Plein tarif : 8 \u20ac <\/p>\n<\/li>\n<li style=\"list-style-type:disc\">\n<p>Tarif r\u00e9duit (plus de 65 ans) : 5 \u20ac <\/p>\n<\/li>\n<li style=\"list-style-type:disc\">\n<p>Gratuit (moins de 25 ans, b\u00e9n\u00e9ficiaire de minimas sociaux, demandeur d\u2019emploi, personne en situation de handicap et victime de guerre et leur accompagnateur) <\/p>\n<\/li>\n<\/ul>\n<\/li>\n<\/ul>\n<p> Mus\u00e9e d\u00e9partemental St\u00e9phane Mallarm\u00e9   <\/p>\n<ul>\n<li>\n<p>Tarifs\u00a0 <\/p>\n<ul>\n<li style=\"list-style-type:disc\">\n<p>Plein tarif : 6 \u20ac <\/p>\n<\/li>\n<li style=\"list-style-type:disc\">\n<p>Tarif r\u00e9duit (plus de 65 ans) : 4 \u20ac <\/p>\n<\/li>\n<li style=\"list-style-type:disc\">\n<p>Gratuit (moins de 25 ans, b\u00e9n\u00e9ficiaire de minimas sociaux, demandeur d\u2019emploi, personne en situation de handicap et victime de guerre et leur accompagnateur) <\/p>\n<\/li>\n<\/ul>\n<\/li>\n<\/ul>\n","protected":false},"excerpt":{"rendered":"\u00a9\u00a0Shutterstock &#8211; 100 \u0153uvres qui racontent le climat, pilot\u00e9e par le mus\u00e9e d\u2019Orsay\u00a0 En 2024, le mus\u00e9e d\u2019Orsay&hellip;\n","protected":false},"author":2,"featured_media":55595,"comment_status":"","ping_status":"","sticky":false,"template":"","format":"standard","meta":{"footnotes":""},"categories":[1358],"tags":[1348,1384,1385,1386,58,59,1011,27,11625],"class_list":{"0":"post-55594","1":"post","2":"type-post","3":"status-publish","4":"format-standard","5":"has-post-thumbnail","7":"category-arts-et-design","8":"tag-arts","9":"tag-arts-and-design","10":"tag-arts-et-design","11":"tag-design","12":"tag-divertissement","13":"tag-entertainment","14":"tag-fr","15":"tag-france","16":"tag-musu00e9es"},"share_on_mastodon":{"url":"https:\/\/pubeurope.com\/@fr\/114407040958897389","error":""},"_links":{"self":[{"href":"https:\/\/www.europesays.com\/fr\/wp-json\/wp\/v2\/posts\/55594","targetHints":{"allow":["GET"]}}],"collection":[{"href":"https:\/\/www.europesays.com\/fr\/wp-json\/wp\/v2\/posts"}],"about":[{"href":"https:\/\/www.europesays.com\/fr\/wp-json\/wp\/v2\/types\/post"}],"author":[{"embeddable":true,"href":"https:\/\/www.europesays.com\/fr\/wp-json\/wp\/v2\/users\/2"}],"replies":[{"embeddable":true,"href":"https:\/\/www.europesays.com\/fr\/wp-json\/wp\/v2\/comments?post=55594"}],"version-history":[{"count":0,"href":"https:\/\/www.europesays.com\/fr\/wp-json\/wp\/v2\/posts\/55594\/revisions"}],"wp:featuredmedia":[{"embeddable":true,"href":"https:\/\/www.europesays.com\/fr\/wp-json\/wp\/v2\/media\/55595"}],"wp:attachment":[{"href":"https:\/\/www.europesays.com\/fr\/wp-json\/wp\/v2\/media?parent=55594"}],"wp:term":[{"taxonomy":"category","embeddable":true,"href":"https:\/\/www.europesays.com\/fr\/wp-json\/wp\/v2\/categories?post=55594"},{"taxonomy":"post_tag","embeddable":true,"href":"https:\/\/www.europesays.com\/fr\/wp-json\/wp\/v2\/tags?post=55594"}],"curies":[{"name":"wp","href":"https:\/\/api.w.org\/{rel}","templated":true}]}}