{"id":555940,"date":"2025-11-24T18:35:15","date_gmt":"2025-11-24T18:35:15","guid":{"rendered":"https:\/\/www.europesays.com\/fr\/555940\/"},"modified":"2025-11-24T18:35:15","modified_gmt":"2025-11-24T18:35:15","slug":"photographe-de-sport-un-metier-a-risques","status":"publish","type":"post","link":"https:\/\/www.europesays.com\/fr\/555940\/","title":{"rendered":"Photographe de sport, un m\u00e9tier \u00e0 risques"},"content":{"rendered":"\n<p class=\"Paragraph__content\" data-v-e14a34bc=\"\">\u00ab\u00a0Il y a des risques, mais on n&rsquo;en prend pas\u00a0\u00bb, pose Franck Seguin, r\u00e9dacteur en chef et photographe \u00e0 L&rsquo;\u00c9quipe. En nous montrant des photos au milieu des requins&#8230; Dans un petit bureau, au journal, on regarde sur son t\u00e9l\u00e9phone un gros requin, gueule ouverte et air peu \u00e9panoui. \u00ab\u00a0Parce qu&rsquo;il a un hame\u00e7on pris au coin de la gueule.\u00a0\u00bb Ah. Sur une autre photo, il y en a 50 peut-\u00eatre. Et Franck qui les shoote par en dessous. \u00ab\u00a0Il y a un risque et il n&rsquo;y en a pas. Normalement, ils n&rsquo;attaquent pas. L\u00e0, c&rsquo;est vrai qu&rsquo;ils sont beaucoup, il suffit qu&rsquo;il y en ait un d\u00e9viant qui te croque et \u00e7a peut \u00eatre la panique totale, les autres peuvent s&rsquo;y mettre. Celui avec l&rsquo;hame\u00e7on, il \u00e9tait tr\u00e8s \u00e9nerv\u00e9, il faut rester calme.\u00a0\u00bb Dans l&rsquo;article qui allait avec cette plong\u00e9e avec l&rsquo;apn\u00e9iste Pierre Frolla, en l\u00e9gende d&rsquo;une photo il racontait\u00a0: \u00ab\u00a0\u00c7a grouille de partout\u00a0! L\u00e0, la b\u00eate du premier plan est \u00e0 15\u00a0cm de moi, l&rsquo;eau bouillonne tout autour et je me r\u00e9p\u00e8te sans cesse\u00a0: Pense \u00e0 ton cadrage, pense \u00e0 ton cadrage&#8230;\u00a0\u00bb<\/p>\n<p class=\"Paragraph__content\" data-v-e14a34bc=\"\">C&rsquo;est aussi sur \u00e7a que se concentrait S\u00e9bastien Leban pour un <a href=\"https:\/\/www.lequipe.fr\/Tous-sports\/Article\/Grand-recit--la-ville-s-est-construit-comme-une-bulle-de-plaisir-les-faces-cachees-de-dubai\/1567837\" notaddlevel=\"true\" target=\"_blank\" rel=\"noopener\">sujet sur les faces cach\u00e9es de Duba\u00ef<\/a>, tr\u00e8s pris\u00e9 par les champions. Avec le reporter Thymot\u00e9 Pinon, ils obtiennent de visiter un zoo priv\u00e9. \u00ab\u00a0Dans une salle, on nous am\u00e8ne un python gigantesque, ils sont trois pour le porter. Le propri\u00e9taire du zoo, Saif Ahmad Belhasa, s&rsquo;installe sur un tr\u00f4ne et pose avec sur les genoux. Je me mets par terre pour prendre les photos et je me rends compte qu&rsquo;il y a un b\u00e9b\u00e9 alligator dans un coin. Et un deuxi\u00e8me. En libert\u00e9. Je dis\u00a0: Les alligators, l\u00e0, c&rsquo;est normal\u00a0? \u00ab\u00a0T&rsquo;inqui\u00e8te\u00a0!\u00a0\u00bb L\u00e0, il ram\u00e8ne un b\u00e9b\u00e9 tigre et lui donne de la viande, \u00e0 un m\u00e8tre de nous. Pareil avec un aigle.\u00a0\u00bb Puis il fait entrer le photographe dans l&rsquo;enclos de l&rsquo;ours.<\/p>\n<p class=\"Paragraph__content\" data-v-e14a34bc=\"\">\u00ab\u00a0Il faisait peut-\u00eatre 2\u00a0m et 400\u00a0kg. On a pos\u00e9 la question, il n&rsquo;\u00e9tait ni s\u00e9dat\u00e9 ni drogu\u00e9. C&rsquo;est pas extr\u00eamement rassurant d&rsquo;\u00eatre dans une cage avec un ours gigantesque qui peut te tuer d&rsquo;un coup de patte. Je rep\u00e9rais toujours derri\u00e8re moi o\u00f9 \u00e9tait la porte, si jamais l&rsquo;autre se prenait un coup de patte et que j&rsquo;\u00e9tais le prochain sur la liste\u00a0! Tu es conscient du danger, mais tu es l\u00e0 pour faire le taf, tu restes concentr\u00e9 sur ton truc. Simplement, tu \u00e9values les possibilit\u00e9s en cas de probl\u00e8me.\u00a0\u00bb<\/p>\n<p class=\"Paragraph__content\" data-v-e14a34bc=\"\">Les probl\u00e8mes, on ne les imagine pas en regardant les photos. De ski de descente, par exemple, o\u00f9 il est n\u00e9cessaire d&rsquo;avoir un peu plus que le niveau Piou-Piou puisque les photographes font une reconnaissance de la piste pour trouver la meilleure place, qui donnera la meilleure photo.<\/p>\n<p class=\"Paragraph__content\" data-v-e14a34bc=\"\">\u00ab\u00a0Ma premi\u00e8re ann\u00e9e \u00e0 Kitzb\u00fchel (Autriche), j&rsquo;ai vite compris le probl\u00e8me, se souvient S\u00e9bastien Bou\u00e9. La piste, c&rsquo;est une patinoire avec des petites bosses, ton ski n&rsquo;accroche pas. En plus, tu as le mat\u00e9riel sur le dos, tu es en flip. Tu ne peux pas t&rsquo;arr\u00eater, tu ne peux pas freiner, tu ne peux pas tourner, tu ne peux rien faire.\u00a0\u00bb Tu fais comment, alors\u00a0? \u00ab\u00a0Ben, parfois, tu t&rsquo;arr\u00eates dans les filets\u00a0! Maintenant, quand c&rsquo;est trop dangereux sur une piste, je mets des crampons et je pars depuis le bas.\u00a0\u00bb<\/p>\n<p class=\"Paragraph__content\" data-v-e14a34bc=\"\">Il raconte Wengen, aussi, en Suisse. \u00ab\u00a0La premi\u00e8re fois, je monte au d\u00e9part et un peu apr\u00e8s je vois un endroit o\u00f9 \u00e7a descend \u00e0-pic et des gens qui descendent accroch\u00e9s \u00e0 des cordes. Je me dis\u00a0: Mince, elle est o\u00f9 la piste\u00a0? Et je fais demi-tour.\u00a0\u00bb Bon, ben, il \u00e9tait dessus, \u00e0 la T\u00eate de chien, la partie o\u00f9, avec la vitesse, les skieurs d\u00e9collent et atterrissent 40\u00a0m plus loin. Alors, Seb a retir\u00e9 ses skis et est descendu en rappel&#8230;<\/p>\n<p class=\"Paragraph__content\" data-v-e14a34bc=\"\">Dans la famille des c\u00f4tes et des descentes, il y a le Tour de France. Pour pouvoir suivre la course au plus pr\u00e8s, les photographes sont \u00e0 l&rsquo;arri\u00e8re de motos de presse sur lesquelles ils peuvent descendre des cols \u00e0 100, voire 120\u00a0km\/h. Le 15\u00a0juillet 2016, c&rsquo;est pour une \u00e9tape de contre-la-montre que le photographe de L&rsquo;\u00c9quipe Bernard Papon est derri\u00e8re Marc Meilleur. Lors d&rsquo;une remont\u00e9e vers le d\u00e9part, sur une route annexe ouverte \u00e0 la circulation, ils percutent une voiture arr\u00eat\u00e9e en plein milieu de la route dans un virage. \u00ab\u00a0Je vois la sc\u00e8ne. On sait qu&rsquo;on va s&rsquo;\u00e9clater sur la voiture. Marc pile tr\u00e8s fort. J&rsquo;ai le r\u00e9flexe de me mettre en flexion sur les cale-pieds, les fesses d\u00e9coll\u00e9es. Je me pr\u00e9pare au choc. J&rsquo;ai vol\u00e9 par-dessus la moto puis par-dessus la voiture. Un vol plan\u00e9\u00a0! \u00c7a va tr\u00e8s vite&#8230;\u00a0\u00bb Bernard se retrouve au sol.<\/p>\n<p class=\"Paragraph__content\" data-v-e14a34bc=\"\">\u00ab\u00a0Sur le cul. Les bo\u00eetiers compl\u00e8tement explos\u00e9s. Je me regarde, je me palpe. Pas une \u00e9gratignure. Un petit miracle\u00a0! En revanche, le lendemain j&rsquo;\u00e9tais un vieillard, des courbatures partout. Mais rien d&rsquo;autre.\u00a0\u00bb Si, quand m\u00eame. Le choc d&rsquo;avoir vu son pilote tr\u00e8s s\u00e9rieusement bless\u00e9 \u00e0 la jambe.<\/p>\n<p class=\"Paragraph__content\" data-v-e14a34bc=\"\">Deux ans plus tard, une deuxi\u00e8me chute \u00e0 moto, sur le Tour, \u00e0 Lorient, se finira moins bien pour le photographe. Triple fracture tibia-p\u00e9ron\u00e9. \u00ab\u00a0Deux cyclistes tombent sur un ilot directionnel. Je shoote, je me rassois, je regarde l&rsquo;\u00e9cran de mon bo\u00eetier pour \u00e9diter les photos. L&rsquo;instant d&rsquo;apr\u00e8s, on est par terre. C&rsquo;\u00e9tait une chute anodine, \u00e0 20\u00a0km\/h peut-\u00eatre, mais comme je regardais mon appareil cette fois je n&rsquo;ai pas pu anticiper.\u00a0\u00bb<\/p>\n<p class=\"Quote__content\" data-v-534d67d4=\"\">\u00ab\u00a0Tu viens faire des photos de foot et \u00e7a part en sucette. Les tessons volaient autour de nos t\u00eates\u00a0\u00bb<\/p>\n<p class=\"Paragraph__content\" data-v-e14a34bc=\"\">Dans un autre style, il n&rsquo;a pas pu non plus anticiper la r\u00e9action du Hezbollah, au Liban. Il \u00e9tait \u00e0 Beyrouth avec un autre photographe de L&rsquo;\u00c9quipe, St\u00e9phane Mantey, en 2000, pour la Coupe d&rsquo;Asie des nations. Un matin, ils partent avec une membre de l&rsquo;organisation pour faire des images de gamins jouant au foot. Quand un m\u00f4me envoie le ballon hors de l&rsquo;enceinte, ils vont le r\u00e9cup\u00e9rer. \u00ab\u00a0On est tomb\u00e9s sur un char cach\u00e9 sous une b\u00e2che, d\u00e9crit St\u00e9phane Mantey. On regarde un peu, on prend le ballon et on retourne sur le terrain. Cinq minutes apr\u00e8s, des gars du Hezbollah arrivent et nous posent des questions en arabe.\u00a0\u00bb Leur accompagnatrice traduit\u00a0: ils ont vu quelque chose qu&rsquo;ils n&rsquo;auraient pas d\u00fb voir.<\/p>\n<p class=\"Paragraph__content\" data-v-e14a34bc=\"\">On les embarque dans une voiture jusqu&rsquo;\u00e0 une boutique dont le rideau m\u00e9tallique est referm\u00e9 derri\u00e8re eux. \u00ab\u00a0C&rsquo;\u00e9tait apr\u00e8s les prises d&rsquo;otages dans la r\u00e9gion, on a commenc\u00e9 \u00e0 se faire des films, se souvient St\u00e9phane Mantey. Pendant le trajet, j&rsquo;ai discr\u00e8tement cach\u00e9 une pellicule, je n&rsquo;avais pas envie de perdre mes photos.\u00a0\u00bb Bien vu.<\/p>\n<p class=\"Paragraph__content\" data-v-e14a34bc=\"\">\u00ab\u00a0Ils nous ont fait ouvrir nos appareils, ils ont pris ma pellicule et la carte num\u00e9rique de Bernard. Et ils sont all\u00e9s passer des coups de fil. On sentait la fille de l&rsquo;orga pas tr\u00e8s s\u00fbre d&rsquo;elle. Il y avait de la tension. On s&rsquo;est vus en photo au Journal de 20\u00a0heures\u00a0: \u00ab\u00a0237 jours que nos coll\u00e8gues sont prisonniers.\u00a0\u00bb\u00a0\u00bb<\/p>\n<p class=\"Paragraph__content\" data-v-e14a34bc=\"\">Et puis, au bout d&rsquo;une demi-heure, on les ram\u00e8ne. \u00ab\u00a0Ils ont fini par jouer avec les gamins, ils nous ont m\u00eame demand\u00e9 de faire une photo avec eux.\u00a0\u00bb St\u00e9phane r\u00e9fl\u00e9chit\u00a0: \u00ab\u00a0Dans notre m\u00e9tier, le vrai risque c&rsquo;est plut\u00f4t les supporters de foot. Je me suis d\u00e9j\u00e0 fait taper dans un kop. C&rsquo;est impr\u00e9visible. Tu as un connard qui va d\u00e9cider de te mettre un coup de latte parce qu&rsquo;il a vu ton appareil photo, son copain va trouver \u00e7a dr\u00f4le et t&rsquo;en mettre un deuxi\u00e8me.\u00a0\u00bb<\/p>\n<p class=\"Paragraph__content\" data-v-e14a34bc=\"\">S\u00e9bastien Bou\u00e9 nous a aussi racont\u00e9 le <a href=\"https:\/\/www.lequipe.fr\/Football\/Actualites\/Incidents-autour-du-parc-ol-avant-lyon-besiktas\/793059\" notaddlevel=\"true\" target=\"_blank\" rel=\"noopener\">Lyon-Besiktas du 13\u00a0avril 2017<\/a>, en Ligue Europa. \u00ab\u00a0Une de mes pires exp\u00e9riences. Sur le parvis, ce n&rsquo;\u00e9tait plus des bagarres, c&rsquo;\u00e9tait une guerre civile. Tu viens faire des photos de foot et \u00e7a part en sucette, \u00e7a se bastonne dans tous les sens et toi, tu es au milieu, \u00e0 te dire qu&rsquo;il faut aller faire des photos. C&rsquo;\u00e9tait chaud, les tessons nous volaient au-dessus de la t\u00eate. Franchement, je ne sais pas si j&rsquo;irais encore faire ce genre de photos. C&rsquo;est trop dangereux.\u00a0\u00bb<\/p>\n<p class=\"Paragraph__content\" data-v-e14a34bc=\"\">Dans le genre, on a aussi Franck Seguin, parti \u00e0 Rio avec le reporter Karim Ben Isma\u00efl pour un magazine sp\u00e9cial avant les JO de 2016, et qui vont suivre une op\u00e9ration du BOPE, un groupe d&rsquo;intervention qui ne fait pas de quartiers\u00a0: leur op\u00e9ration de la semaine derni\u00e8re a fait 64 morts. \u00ab\u00a0C&rsquo;est ce que j&rsquo;ai trouv\u00e9 le plus dangereux, avoue Franck. Les h\u00e9licos tournaient, on montait dans les ruelles avec des gars qui avaient des fusils d&rsquo;assaut \u00e0 la main, sachant qu&rsquo;ils tiraient pour tuer. Il y avait un vrai risque d&rsquo;\u00eatre pris sous un feu nourri.\u00a0\u00bb Il souligne qu&rsquo;ils avaient suivi des militaires fran\u00e7ais en Afghanistan, \u00e0 Uzbin en 2008, quelques mois apr\u00e8s l&#8217;embuscade dans laquelle dix soldats fran\u00e7ais avaient \u00e9t\u00e9 tu\u00e9s, pour un reportage sur le sport dans l&rsquo;arm\u00e9e fran\u00e7aise en op\u00e9ration ext\u00e9rieure.<\/p>\n<p class=\"Quote__content\" data-v-534d67d4=\"\">\u00ab\u00a0Il y avait un vrai risque d&rsquo;\u00eatre pris sous un feu nourri\u00a0\u00bb<\/p>\n<p class=\"Paragraph__content\" data-v-e14a34bc=\"\">Pourtant, il a trouv\u00e9 qu&rsquo;il y avait plus \u00e0 craindre \u00e0 Rio. Il montre une photo de groupe. \u00ab\u00a0C&rsquo;est au moment du brief du d\u00e9part, quand ils leur disent\u00a0: \u00ab\u00a0On tire \u00e0 vue les gars.\u00a0\u00bb\u00a0\u00bb Ce jour-l\u00e0, il ne s&rsquo;est rien pass\u00e9, les hommes vis\u00e9s s&rsquo;\u00e9taient enfuis avant. Il montre une autre photo. Un tournoi de foot de trafiquants. \u00ab\u00a0Le chef local avait douze t\u00eates de mort tatou\u00e9es sur l&rsquo;omoplate, pour symboliser les personnes qu&rsquo;il avait tu\u00e9es. C&rsquo;est lui qui avait autoris\u00e9 qu&rsquo;on soit l\u00e0. Tu te dis que si tu fais un truc qui lui pla\u00eet pas, bon&#8230;\u00a0\u00bb<\/p>\n<p class=\"Paragraph__content\" data-v-e14a34bc=\"\">Bernard Le Bars, ce qui ne lui pla\u00eet pas, ce sont les risques qu&rsquo;il fallait prendre au d\u00e9part des courses au large. Photographe ind\u00e9pendant sp\u00e9cialiste de voile, pas le plus \u00ab\u00a0trouillou\u00a0\u00bb du monde puisque ancien pompier de Paris, sa plus grosse frayeur, il l&rsquo;a eue au d\u00e9part de la <a href=\"https:\/\/www.lequipe.fr\/Voile\/Article\/Charles-caudrelier-vainqueur-de-la-route-du-rhum-2022-j-ai-donne-tout-ce-que-je-pouvais\/1365218\" notaddlevel=\"true\" target=\"_blank\" rel=\"noopener\">Route du Rhum 2022<\/a>, au large de Saint-Malo, sur le bateau de presse. Ce jour-l\u00e0, les conditions de mer sont dantesques, le d\u00e9part a d\u00e9j\u00e0 \u00e9t\u00e9 report\u00e9 de plusieurs jours. \u00ab\u00a0Les bateaux de course vont de plus en plus vite, \u00e0 plus de 30-35 noeuds, donc il est de plus en plus compliqu\u00e9 de les suivre, a fortiori dans des mers form\u00e9es, analyse Bernard Le Bars. Pour shooter, je devais monter sur une esp\u00e8ce de plateforme en hauteur. Je prenais beaucoup d&rsquo;eau dans la figure. Notre bateau allait vite et il y avait tellement de mer qu&rsquo;\u00e0 un moment il a fait une embard\u00e9e et j&rsquo;ai failli passer par-dessus bord.\u00a0\u00bb<\/p>\n<p class=\"Paragraph__content\" data-v-e14a34bc=\"\">Il heurte tr\u00e8s violemment le bastingage. \u00ab\u00a0Les mecs qui \u00e9taient avec moi m&rsquo;ont entendu gueuler, ils ont eu vachement peur, d&rsquo;autant que je n&rsquo;\u00e9tais pas attach\u00e9 et que quand on tombe de plusieurs m\u00e8tres dans une mer comme \u00e7a, avec des bateaux dans tous les sens, m\u00eame avec un gilet de sauvetage, on n&rsquo;est jamais s\u00fbr de comment \u00e7a se termine. Surtout dans l&rsquo;eau froide du mois de novembre.\u00a0\u00bb Coude touch\u00e9, attelle, arr\u00eat de travail. Il dit qu&rsquo;il s&rsquo;en sort bien. \u00ab\u00a0On dit que, sur un bateau, il faut une main pour toi, une main pour le bateau. Mais nous, on a besoin d&rsquo;une main pour d\u00e9clencher et une pour faire la mise au point. Alors, on doit r\u00e9ussir \u00e0 se caler sans risquer d&rsquo;\u00eatre emport\u00e9. Quand tu regardes dans le viseur pour chercher ta photo, si ton bateau prend une vague de travers, tu peux \u00eatre \u00e9ject\u00e9. Il y a un gros danger.\u00a0\u00bb<\/p>\n","protected":false},"excerpt":{"rendered":"\u00ab\u00a0Il y a des risques, mais on n&rsquo;en prend pas\u00a0\u00bb, pose Franck Seguin, r\u00e9dacteur en chef et photographe&hellip;\n","protected":false},"author":2,"featured_media":555941,"comment_status":"","ping_status":"","sticky":false,"template":"","format":"standard","meta":{"footnotes":""},"categories":[1358],"tags":[1348,1384,1385,1386,58,59,1011,27],"class_list":{"0":"post-555940","1":"post","2":"type-post","3":"status-publish","4":"format-standard","5":"has-post-thumbnail","7":"category-arts-et-design","8":"tag-arts","9":"tag-arts-and-design","10":"tag-arts-et-design","11":"tag-design","12":"tag-divertissement","13":"tag-entertainment","14":"tag-fr","15":"tag-france"},"share_on_mastodon":{"url":"https:\/\/pubeurope.com\/@fr\/115606121598468461","error":""},"_links":{"self":[{"href":"https:\/\/www.europesays.com\/fr\/wp-json\/wp\/v2\/posts\/555940","targetHints":{"allow":["GET"]}}],"collection":[{"href":"https:\/\/www.europesays.com\/fr\/wp-json\/wp\/v2\/posts"}],"about":[{"href":"https:\/\/www.europesays.com\/fr\/wp-json\/wp\/v2\/types\/post"}],"author":[{"embeddable":true,"href":"https:\/\/www.europesays.com\/fr\/wp-json\/wp\/v2\/users\/2"}],"replies":[{"embeddable":true,"href":"https:\/\/www.europesays.com\/fr\/wp-json\/wp\/v2\/comments?post=555940"}],"version-history":[{"count":0,"href":"https:\/\/www.europesays.com\/fr\/wp-json\/wp\/v2\/posts\/555940\/revisions"}],"wp:featuredmedia":[{"embeddable":true,"href":"https:\/\/www.europesays.com\/fr\/wp-json\/wp\/v2\/media\/555941"}],"wp:attachment":[{"href":"https:\/\/www.europesays.com\/fr\/wp-json\/wp\/v2\/media?parent=555940"}],"wp:term":[{"taxonomy":"category","embeddable":true,"href":"https:\/\/www.europesays.com\/fr\/wp-json\/wp\/v2\/categories?post=555940"},{"taxonomy":"post_tag","embeddable":true,"href":"https:\/\/www.europesays.com\/fr\/wp-json\/wp\/v2\/tags?post=555940"}],"curies":[{"name":"wp","href":"https:\/\/api.w.org\/{rel}","templated":true}]}}