{"id":555942,"date":"2025-11-24T18:37:18","date_gmt":"2025-11-24T18:37:18","guid":{"rendered":"https:\/\/www.europesays.com\/fr\/555942\/"},"modified":"2025-11-24T18:37:18","modified_gmt":"2025-11-24T18:37:18","slug":"une-star-de-la-serie-annonce-son-cance","status":"publish","type":"post","link":"https:\/\/www.europesays.com\/fr\/555942\/","title":{"rendered":"une star de la s\u00e9rie annonce son cance &#8230;"},"content":{"rendered":"<p>EN BREF<\/p>\n<ul class=\"bloc_resume_post_list\">\n<li>La saison 22 de Grey\u00a0\u00bbs Anatomy continue aux Etats-Unis et<br \/>\nelle a entam\u00e9 sa pause hivernale avec un \u00e9pisode<br \/>\ncrucial.<\/li>\n<li>En plus de la situation compliqu\u00e9e de Jo, Richard Webber<br \/>\na annonc\u00e9 \u00e0 Bailey \u00eatre atteint d&rsquo;un cancer.<\/li>\n<li>L&rsquo;\u00e9pisode s&rsquo;est termin\u00e9 par un message de l&rsquo;acteur James<br \/>\nPickens Jr. qui s&rsquo;est adress\u00e9 aux t\u00e9l\u00e9spectateurs pour annoncer son<br \/>\npropre cancer.<\/li>\n<\/ul>\n<p>La date de diffusion de la saison 22 de Grey\u2019s Anatomy<br \/>\nn\u2019est pas encore connue sur <a href=\"https:\/\/www.tf1.fr\/\" rel=\"nofollow noopener\" target=\"_blank\">TF1<\/a>, mais la saison est d\u00e9j\u00e0 bien entam\u00e9e aux<br \/>\nEtats-Unis. Apr\u00e8s l\u2019\u00e9pisode du 13 novembre dernier, la s\u00e9rie<br \/>\nm\u00e9dicale cr\u00e9\u00e9e par Shonda Rhimes entame son habituelle pause<br \/>\nhivernale sur ABC. Mais comme souvent, c\u2019est avec un gros suspense<br \/>\nquant \u00e0 la situation de plusieurs personnages que la s\u00e9rie a laiss\u00e9<br \/>\nses fans. Outre le cas de <a href=\"https:\/\/www.telestar.fr\/serie_tv\/grey_s_anatomy\/greys-anatomy-saison-22-spoiler-jo-et-ses-jumeaux-vont-ils-mourir-1746394\" rel=\"noopener\" target=\"_blank\">Jo (Camilla Luddington) et de ses jumeaux qui inqui\u00e8te<\/a>,<br \/>\n<strong>l\u2019annonce de Richard Webber (James Pickens Jr.) a \u00e9galement<br \/>\nboulevers\u00e9<\/strong> les t\u00e9l\u00e9spectateurs.<\/p>\n<p>Apr\u00e8s avoir \u00e9t\u00e9 en d\u00e9calage avec Bailey (Chandra Wilson) pendant<br \/>\ntout l\u2019\u00e9pisode car il refusait d\u2019abandonner malgr\u00e9 l\u2019\u00e9tat<br \/>\nquasi-d\u00e9sesp\u00e9r\u00e9 d\u2019un patient, Webber finit par lui dire qu\u2019il est<br \/>\natteint d\u2019un cancer. Apr\u00e8s <strong>une sc\u00e8ne qui n\u2019augure rien de<br \/>\nbon pour Jo et ses jumeaux<\/strong>, l\u2019\u00e9pisode se termine. Mais pas<br \/>\navant <a href=\"https:\/\/www.closermag.fr\/people\/un-acteur-mythique-de-greys-anatomy-atteint-dun-cancer-il-livre-un-temoignage-bouleversant-3595259\" target=\"_blank\" rel=\"noopener\"><br \/>\nune intervention de James Pickens Jr.<\/a> qui s\u2019adresse \u00e0 la<br \/>\ncam\u00e9ra, et donc aux t\u00e9l\u00e9spectateurs.<\/p>\n<p>Grey\u2019s Anatomy : James Pickens Jr. (Richard Webber) annonce<br \/>\navoir eu un cancer<\/p>\n<p>L\u2019acteur, \u00e2g\u00e9 de 71 ans, explique qu\u2019un homme sur 8 est touch\u00e9<br \/>\npar le cancer de la prostate et que <strong>le risque est encore<br \/>\nplus \u00e9lev\u00e9 pour les hommes noirs<\/strong>. S\u2019il est d\u00e9tect\u00e9<br \/>\nrapidement cependant, c\u2019est un cancer qui se traite tr\u00e8s bien.<br \/>\nJames Pickens Jr. ajoute qu\u2019il travaille avec l\u2019association Black<br \/>\nHealth Matters depuis des ann\u00e9es pour encore les hommes \u00e0 faire des<br \/>\ntests de d\u00e9pistage.<\/p>\n<p>\u00ab\u00a0Aujourd\u2019hui, je suis la preuve vivante que le d\u00e9pistage t\u00f4t<br \/>\nde la maladie sauve des vies\u00a0\u00bb continue-t-il, <strong>annon\u00e7ant<br \/>\nainsi avoir \u00e9t\u00e9 atteint d\u2019un cancer de la prostate<\/strong>. Le 16<br \/>\nnovembre, trois jours apr\u00e8s la diffusion de l\u2019\u00e9pisode, l\u2019acteur a<br \/>\ntenu \u00e0 rassurer les fans. Sur son compte Instagram, James Pickens<br \/>\nJr. a confirm\u00e9 \u00eatre d\u00e9sormais gu\u00e9ri et a une fois encore encourag\u00e9<br \/>\nles gens \u00e0 se faire d\u00e9pister.<\/p>\n<blockquote class=\"instagram-media\" style=\"background: #ffffff;border: 0;margin: 1px;width: 100%;padding: 0;max-width: 500px;\" data-instgrm-permalink=\"https:\/\/www.instagram.com\/p\/DRGJI-5kvJG\/?utm_source=ig_web_copy_link&amp;igsh=MzRlODBiNWFlZA==\" data-instgrm-version=\"14\"\/><p>\nL\u2019acteur a rassur\u00e9 ses fans sur son<br \/>\n\u00e9tat de sant\u00e9<\/p>\n<p>Interview\u00e9 par Black Health Matters, celui qui <strong>incarne<br \/>\nle docteur Richard Webber depuis la toute premi\u00e8re saison<\/strong><br \/>\nde Grey\u2019s Anatomy a parl\u00e9 de ses ant\u00e9c\u00e9dents familiaux<br \/>\navec la maladie. \u00ab\u00a0Ce n\u2019est pas le genre de nouvelle qu\u2019on veut<br \/>\nentendre, mais c\u2019est un cancer qui a touch\u00e9 beaucoup de membres de<br \/>\nma famille. Mon p\u00e8re l\u2019a eu, plusieurs de mes oncles \u00e9galement.<br \/>\nJ\u2019aurais \u00e9t\u00e9 surpris de ne pas l\u2019avoir\u00a0\u00bb avait-il confi\u00e9. Cette<br \/>\nannonce vient plusieurs mois apr\u00e8s qu&rsquo;un autre acteur de la s\u00e9rie,<br \/>\nEric Dane, ait publiquement annonc\u00e9 <a href=\"https:\/\/www.telestar.fr\/serie_tv\/greys-anatomy-un-acteur-de-la-serie-gravement-malade-il-est-meconnaissable-1743302\" rel=\"noopener\" target=\"_blank\">\u00eatre atteint de la maladie de Charcot<\/a>.<\/p>\n<p><script async src=\"\/\/www.instagram.com\/embed.js\"><\/script><\/p>\n","protected":false},"excerpt":{"rendered":"EN BREF La saison 22 de Grey\u00a0\u00bbs Anatomy continue aux Etats-Unis et elle a entam\u00e9 sa pause hivernale&hellip;\n","protected":false},"author":2,"featured_media":555943,"comment_status":"","ping_status":"","sticky":false,"template":"","format":"standard","meta":{"footnotes":""},"categories":[1356],"tags":[548,58,59,1011,27,6885,252,1364],"class_list":{"0":"post-555942","1":"post","2":"type-post","3":"status-publish","4":"format-standard","5":"has-post-thumbnail","7":"category-television","8":"tag-article-simple","9":"tag-divertissement","10":"tag-entertainment","11":"tag-fr","12":"tag-france","13":"tag-greys-anatomy","14":"tag-television","15":"tag-tv"},"share_on_mastodon":{"url":"https:\/\/pubeurope.com\/@fr\/115606129679126097","error":""},"_links":{"self":[{"href":"https:\/\/www.europesays.com\/fr\/wp-json\/wp\/v2\/posts\/555942","targetHints":{"allow":["GET"]}}],"collection":[{"href":"https:\/\/www.europesays.com\/fr\/wp-json\/wp\/v2\/posts"}],"about":[{"href":"https:\/\/www.europesays.com\/fr\/wp-json\/wp\/v2\/types\/post"}],"author":[{"embeddable":true,"href":"https:\/\/www.europesays.com\/fr\/wp-json\/wp\/v2\/users\/2"}],"replies":[{"embeddable":true,"href":"https:\/\/www.europesays.com\/fr\/wp-json\/wp\/v2\/comments?post=555942"}],"version-history":[{"count":0,"href":"https:\/\/www.europesays.com\/fr\/wp-json\/wp\/v2\/posts\/555942\/revisions"}],"wp:featuredmedia":[{"embeddable":true,"href":"https:\/\/www.europesays.com\/fr\/wp-json\/wp\/v2\/media\/555943"}],"wp:attachment":[{"href":"https:\/\/www.europesays.com\/fr\/wp-json\/wp\/v2\/media?parent=555942"}],"wp:term":[{"taxonomy":"category","embeddable":true,"href":"https:\/\/www.europesays.com\/fr\/wp-json\/wp\/v2\/categories?post=555942"},{"taxonomy":"post_tag","embeddable":true,"href":"https:\/\/www.europesays.com\/fr\/wp-json\/wp\/v2\/tags?post=555942"}],"curies":[{"name":"wp","href":"https:\/\/api.w.org\/{rel}","templated":true}]}}