{"id":555946,"date":"2025-11-24T18:39:12","date_gmt":"2025-11-24T18:39:12","guid":{"rendered":"https:\/\/www.europesays.com\/fr\/555946\/"},"modified":"2025-11-24T18:39:12","modified_gmt":"2025-11-24T18:39:12","slug":"premier-apercu-de-laudio-animatronique-dolaf-qui-rencontrera-les-visiteurs-a-world-of-frozen-a-disneyland-paris","status":"publish","type":"post","link":"https:\/\/www.europesays.com\/fr\/555946\/","title":{"rendered":"Premier aper\u00e7u de l&rsquo;audio-animatronique d&rsquo;Olaf qui rencontrera les visiteurs \u00e0 World of Frozen \u00e0 Disneyland Paris"},"content":{"rendered":"<p dir=\"auto\" style=\"text-align: justify;\">Ce 24 novembre 2025, au c\u0153ur d\u2019une conf\u00e9rence de presse anim\u00e9e \u00e0 <strong>Disneyland Paris<\/strong>, <strong>Bruce Vaughn<\/strong>, pr\u00e9sident de <strong>Walt Disney Imagineering<\/strong>, a franchi un nouveau cap dans l\u2019univers enchant\u00e9 de <strong>La Reine des Neiges.<\/strong> Devant une assembl\u00e9e de journalistes, d\u2019Imagineers et de fans tri\u00e9s sur le volet, il a d\u00e9voil\u00e9 un Olaf robotique de derni\u00e8re g\u00e9n\u00e9ration \u2013 cet adorable bonhomme de neige aux bras de brindilles et au sourire contagieux, qui s\u2019est impos\u00e9 comme l\u2019un des personnages les plus aim\u00e9s de la franchise<strong> Disney<\/strong> depuis 2013. Ce n\u2019est pas une simple figurine statique ni un animatronique fig\u00e9 sur rails : il s\u2019agit d\u2019un compagnon autonome, capable d\u2019interagir en temps r\u00e9el avec son environnement et les visiteurs, comme s\u2019il sortait tout droit de l\u2019\u00e9cran. Cette innovation, fruit d\u2019ann\u00e9es de recherche, marque une \u00e9tape d\u00e9cisive pour <strong>Disney Adventure World<\/strong> et son land embl\u00e9matique,<strong> World of Frozen<\/strong>, ouvert au printemps 2026.<\/p>\n<p>Des coulisses de l\u2019innovation : une collaboration transatlantique pour un Olaf vivant<\/p>\n<p dir=\"auto\" style=\"text-align: justify;\">L\u2019histoire de cet Olaf commence bien avant la conf\u00e9rence, dans les laboratoires de <strong>Walt Disney Imagineering Research &amp; Development<\/strong>, situ\u00e9s \u00e0 Glendale, en Californie. C\u2019est l\u00e0 que des ing\u00e9nieurs, des animateurs et des roboticiennes ont uni leurs forces avec <strong>Disney Live Entertainment<\/strong> \u2013 la branche d\u00e9di\u00e9e aux spectacles vivants \u2013 et les studios d\u2019animation <strong>Walt Disney<\/strong>, pour transposer le Olaf espi\u00e8gle des films en une entit\u00e9 physique interactive. Le r\u00e9sultat ? Un robot bip\u00e8de qui marche, tourne sur lui-m\u00eame, exprime des \u00e9motions via des mouvements fluides des bras et de la t\u00eate, et r\u00e9agit aux stimuli environnants avec un r\u00e9alisme saisissant. Imaginez : ses yeux en boutons de charbon p\u00e9tillent d\u2019une curiosit\u00e9 enfantine, ses bras de brindilles s\u2019agitent pour un high-five impromptu, et sa voix \u2013 doubl\u00e9e par <strong>Josh Gad<\/strong> en version originale.<\/p>\n<p dir=\"auto\"><a href=\"https:\/\/www.disneyphile.fr\/wp-content\/uploads\/2025\/11\/audio-animatronic-olaf-02.webp\" target=\"_blank\" rel=\"noopener\"><img loading=\"lazy\" data-od-replaced- data-od-xpath=\"\/HTML\/BODY\/DIV[@id='page']\/*[4][self::DIV]\/*[2][self::DIV]\/*[1][self::DIV]\/*[1][self::MAIN]\/*[1][self::DIV]\/*[1][self::DIV]\/*[1][self::DIV]\/*[1][self::DIV]\/*[2][self::DIV]\/*[2][self::ARTICLE]\/*[2][self::DIV]\/*[4][self::P]\/*[1][self::A]\/*[1][self::IMG]\" decoding=\"async\" class=\"aligncenter wp-image-162007\" data-pagespeed-lazy-src=\"https:\/\/www.disneyphile.fr\/wp-content\/uploads\/2025\/11\/xaudio-animatronic-olaf-02.webp.pagespeed.ic.ZQAM6dfu-k.webp\" alt=\"audio-animatronic olaf\" width=\"400\" height=\"225\" data-pagespeed-lazy-  src=\"\/pagespeed_static\/1.JiBnMqyl6S.gif\" onload=\"pagespeed.lazyLoadImages.loadIfVisibleAndMaybeBeacon(this);\" onerror=\"this.onerror=null;pagespeed.lazyLoadImages.loadIfVisibleAndMaybeBeacon(this);\"\/><\/a><\/p>\n<p dir=\"auto\" style=\"text-align: justify;\"><strong>Bruce Vaughn<\/strong>, dont le parcours chez <strong>Disney<\/strong> inclut des projets comme <strong>Star Wars : Galaxy\u2019s Edge<\/strong>, a insist\u00e9 lors de la pr\u00e9sentation : ces avanc\u00e9es en robotique ne visent pas la perfection m\u00e9canique, mais l\u2019\u00e9motion pure. Pour plonger dans les entrailles de cette cr\u00e9ation, <strong>Disney<\/strong> invite \u00e0 visionner le dernier \u00e9pisode de la s\u00e9rie YouTube <strong>We Call It Imagineering<\/strong>, diffus\u00e9 ce m\u00eame 24 novembre sur la cha\u00eene officielle de<strong> Walt Disney Imagineering<\/strong>. Ce neuvi\u00e8me volet, centr\u00e9 sur les laboratoires <strong>R&amp;D<\/strong>, offre un aper\u00e7u rare : des croquis anim\u00e9s aux premiers prototypes chancelants, en passant par les algorithmes d\u2019apprentissage machine qui permettent \u00e0 Olaf d\u2019improviser une danse.<\/p>\n<p dir=\"auto\"><a href=\"https:\/\/www.disneyphile.fr\/wp-content\/uploads\/2025\/11\/audio-animatronic-olaf-03.webp\" target=\"_blank\" rel=\"noopener\"><img data-od-xpath=\"\/HTML\/BODY\/DIV[@id='page']\/*[4][self::DIV]\/*[2][self::DIV]\/*[1][self::DIV]\/*[1][self::MAIN]\/*[1][self::DIV]\/*[1][self::DIV]\/*[1][self::DIV]\/*[1][self::DIV]\/*[2][self::DIV]\/*[2][self::ARTICLE]\/*[2][self::DIV]\/*[6][self::P]\/*[1][self::A]\/*[1][self::IMG]\" loading=\"lazy\" decoding=\"async\" class=\"aligncenter wp-image-162008\" data-pagespeed-lazy-src=\"https:\/\/www.disneyphile.fr\/wp-content\/uploads\/2025\/11\/xaudio-animatronic-olaf-03.webp.pagespeed.ic.rNL5YO61U1.webp\" alt=\"audio-animatronic olaf\" width=\"400\" height=\"225\" data-pagespeed-lazy-  src=\"\/pagespeed_static\/1.JiBnMqyl6S.gif\" onload=\"pagespeed.lazyLoadImages.loadIfVisibleAndMaybeBeacon(this);\" onerror=\"this.onerror=null;pagespeed.lazyLoadImages.loadIfVisibleAndMaybeBeacon(this);\"\/><\/a><\/p>\n<p>Olaf sur sc\u00e8ne : ma\u00eetre de c\u00e9r\u00e9monie \u00e0 la Baie d\u2019Arendelle<\/p>\n<p dir=\"auto\" style=\"text-align: justify;\">D\u00e8s l\u2019ouverture de <strong>World of Frozen<\/strong>, cet Olaf robotis\u00e9 prendra vie sur la Baie d\u2019Arendelle, le plan d\u2019eau central qui relie le village nordique \u00e0 la Montagne du Nord. Il int\u00e9grera le spectacle <strong>C\u00e9l\u00e9bration \u00e0 Arendelle<\/strong>, une production flottante de 15 minutes jou\u00e9e plusieurs fois par jour. \u00c0 bord de drakkars vikings \u2013 trois embarcations construites par le chantier naval fran\u00e7ais Couach, \u00e0 Arcachon, et d\u00e9cor\u00e9es par des artisans locaux comme Prelud pr\u00e8s de Dijon \u2013, Anna, Elsa, Kristoff et les villageois navigueront au fil de l\u2019eau, invit\u00e9s par Olaf \u00e0 des chor\u00e9graphies interactives. Le public, depuis les berges, pourra r\u00e9pondre aux appels du bonhomme de neige : lever les bras pour \u00ab\u00a0faire neiger\u00a0\u00bb des confettis virtuels, ou chanter en ch\u0153ur \u00ab\u00a0Lib\u00e9r\u00e9e, d\u00e9livr\u00e9e\u00a0\u00bb tandis qu\u2019il improvise une pirouette aquatique.<\/p>\n<\/p>\n<p dir=\"auto\" style=\"text-align: justify;\">Ce qui rend Olaf unique ici, c\u2019est son autonomie : pas de rails ni de c\u00e2bles visibles. Il se d\u00e9place librement sur une plateforme stable pr\u00e8s de l\u2019eau, r\u00e9agissant aux mouvements des bateaux ou aux applaudissements des spectateurs. Les capteurs embarqu\u00e9s \u2013 cam\u00e9ras 3D, microphones directionnels et IA embarqu\u00e9e \u2013 lui permettent d\u2019ajuster ses gestes en temps r\u00e9el. Cette interactivit\u00e9, affin\u00e9e par des tests en conditions r\u00e9elles depuis l\u2019\u00e9t\u00e9 2025, \u00e9l\u00e8ve le spectacle au-del\u00e0 d\u2019une simple parade : c\u2019est une conversation vivante, o\u00f9 le robot semble vraiment \u00ab\u00a0sentir\u00a0\u00bb l\u2019\u00e9nergie de la foule.<\/p>\n<p dir=\"auto\"><a href=\"https:\/\/www.disneyphile.fr\/wp-content\/uploads\/2025\/11\/audio-animatronic-olaf-04.webp\" target=\"_blank\" rel=\"noopener\"><img data-od-xpath=\"\/HTML\/BODY\/DIV[@id='page']\/*[4][self::DIV]\/*[2][self::DIV]\/*[1][self::DIV]\/*[1][self::MAIN]\/*[1][self::DIV]\/*[1][self::DIV]\/*[1][self::DIV]\/*[1][self::DIV]\/*[2][self::DIV]\/*[2][self::ARTICLE]\/*[2][self::DIV]\/*[11][self::P]\/*[1][self::A]\/*[1][self::IMG]\" loading=\"lazy\" decoding=\"async\" class=\"aligncenter wp-image-162009\" data-pagespeed-lazy-src=\"https:\/\/www.disneyphile.fr\/wp-content\/uploads\/2025\/11\/audio-animatronic-olaf-04.webp\" alt=\"audio-animatronic olaf\" width=\"400\" height=\"225\" data-pagespeed-lazy-  src=\"\/pagespeed_static\/1.JiBnMqyl6S.gif\" onload=\"pagespeed.lazyLoadImages.loadIfVisibleAndMaybeBeacon(this);\" onerror=\"this.onerror=null;pagespeed.lazyLoadImages.loadIfVisibleAndMaybeBeacon(this);\"\/><\/a> <a href=\"https:\/\/www.disneyphile.fr\/wp-content\/uploads\/2025\/11\/audio-animatronic-olaf-05.webp\" target=\"_blank\" rel=\"noopener\"><img data-od-xpath=\"\/HTML\/BODY\/DIV[@id='page']\/*[4][self::DIV]\/*[2][self::DIV]\/*[1][self::DIV]\/*[1][self::MAIN]\/*[1][self::DIV]\/*[1][self::DIV]\/*[1][self::DIV]\/*[1][self::DIV]\/*[2][self::DIV]\/*[2][self::ARTICLE]\/*[2][self::DIV]\/*[11][self::P]\/*[2][self::A]\/*[1][self::IMG]\" loading=\"lazy\" decoding=\"async\" class=\"aligncenter wp-image-162010\" data-pagespeed-lazy-src=\"https:\/\/www.disneyphile.fr\/wp-content\/uploads\/2025\/11\/audio-animatronic-olaf-05.webp\" alt=\"\" width=\"400\" height=\"225\" data-pagespeed-lazy-  src=\"\/pagespeed_static\/1.JiBnMqyl6S.gif\" onload=\"pagespeed.lazyLoadImages.loadIfVisibleAndMaybeBeacon(this);\" onerror=\"this.onerror=null;pagespeed.lazyLoadImages.loadIfVisibleAndMaybeBeacon(this);\"\/><\/a><\/p>\n<p>\u00a9 Disneyphile 2025 \/ Tous droits r\u00e9serv\u00e9s \/ Reproduction interdite<\/p>\n","protected":false},"excerpt":{"rendered":"Ce 24 novembre 2025, au c\u0153ur d\u2019une conf\u00e9rence de presse anim\u00e9e \u00e0 Disneyland Paris, Bruce Vaughn, pr\u00e9sident de&hellip;\n","protected":false},"author":2,"featured_media":555947,"comment_status":"","ping_status":"","sticky":false,"template":"","format":"standard","meta":{"footnotes":""},"categories":[1354],"tags":[49283,4906,58,59,1346,1011,27,7792,1360],"class_list":{"0":"post-555946","1":"post","2":"type-post","3":"status-publish","4":"format-standard","5":"has-post-thumbnail","7":"category-films","8":"tag-disney-adventure-world","9":"tag-disneyland-paris","10":"tag-divertissement","11":"tag-entertainment","12":"tag-films","13":"tag-fr","14":"tag-france","15":"tag-la-reine-des-neiges","16":"tag-movies"},"share_on_mastodon":{"url":"https:\/\/pubeurope.com\/@fr\/115606138291015739","error":""},"_links":{"self":[{"href":"https:\/\/www.europesays.com\/fr\/wp-json\/wp\/v2\/posts\/555946","targetHints":{"allow":["GET"]}}],"collection":[{"href":"https:\/\/www.europesays.com\/fr\/wp-json\/wp\/v2\/posts"}],"about":[{"href":"https:\/\/www.europesays.com\/fr\/wp-json\/wp\/v2\/types\/post"}],"author":[{"embeddable":true,"href":"https:\/\/www.europesays.com\/fr\/wp-json\/wp\/v2\/users\/2"}],"replies":[{"embeddable":true,"href":"https:\/\/www.europesays.com\/fr\/wp-json\/wp\/v2\/comments?post=555946"}],"version-history":[{"count":0,"href":"https:\/\/www.europesays.com\/fr\/wp-json\/wp\/v2\/posts\/555946\/revisions"}],"wp:featuredmedia":[{"embeddable":true,"href":"https:\/\/www.europesays.com\/fr\/wp-json\/wp\/v2\/media\/555947"}],"wp:attachment":[{"href":"https:\/\/www.europesays.com\/fr\/wp-json\/wp\/v2\/media?parent=555946"}],"wp:term":[{"taxonomy":"category","embeddable":true,"href":"https:\/\/www.europesays.com\/fr\/wp-json\/wp\/v2\/categories?post=555946"},{"taxonomy":"post_tag","embeddable":true,"href":"https:\/\/www.europesays.com\/fr\/wp-json\/wp\/v2\/tags?post=555946"}],"curies":[{"name":"wp","href":"https:\/\/api.w.org\/{rel}","templated":true}]}}