{"id":555956,"date":"2025-11-24T18:44:17","date_gmt":"2025-11-24T18:44:17","guid":{"rendered":"https:\/\/www.europesays.com\/fr\/555956\/"},"modified":"2025-11-24T18:44:17","modified_gmt":"2025-11-24T18:44:17","slug":"soyez-radin-7-offres-de-pure-folie-pour-ce-lundi-soir-%f0%9f%8e%81","status":"publish","type":"post","link":"https:\/\/www.europesays.com\/fr\/555956\/","title":{"rendered":"soyez radin, 7 offres de pure FOLIE pour ce lundi soir \ud83c\udf81"},"content":{"rendered":"<p>La Black Friday Week a officiellement d\u00e9but\u00e9 ce lundi et les offres ont inond\u00e9 le web. Pour vous simplifier le travail, on a fait la liste de toutes les offres \u00e0 ne pas rater ce lundi soir, principalement sur les produits high-tech.<\/p>\n<p>La <strong>Black Friday Week a d\u00e9but\u00e9 ce lundi 24 novembre 2025<\/strong> avec une intensit\u00e9 sans pr\u00e9c\u00e9dent sur Amazon et sur les principales plateformes de e-commerce (Cdiscount, Fnac, Darty, etc). Depuis l\u2019ouverture des offres jeudi dernier (20 novembre), nos experts ont pass\u00e9 au crible des milliers de r\u00e9f\u00e9rences pour mettre au point une s\u00e9lection rigoureuse des meilleures affaires du Black Friday. Ci-dessous, vous avez le d\u00e9tail de toutes les <strong>p\u00e9pites pour ce lundi soir de Black Friday<\/strong>.<\/p>\n<p><strong>Amazon enregistre d\u00e9j\u00e0 des ruptures de stock<\/strong> en ce d\u00e9but de Black Friday Week alors que nous ne sommes que lundi soir. Les produits les plus recherch\u00e9s disparaissent des catalogues \u00e0 une vitesse folles et certaines r\u00e9f\u00e9rences du Black Friday sont impossibles \u00e0 trouver apr\u00e8s quatre jours de promotions. Cette situation t\u00e9moigne de l\u2019engouement exceptionnel des Fran\u00e7ais pour cette \u00e9dition du Black Friday, et la qualit\u00e9 des offres d\u2019Amazon.<\/p>\n<p>Les cat\u00e9gories high-tech concentrent l\u2019essentiel des tensions sur les stocks pendant ce Black Friday avec des produits comme les \u00e9couteurs sans fil, les aspirateurs robots, des smartphones et les TV qui partent \u00e0 toute vitesse des entrep\u00f4ts Amazon. Les d\u00e9lais de livraison s\u2019allongent pour certaines r\u00e9f\u00e9rences du Black Friday m\u00eame si Amazon conserve toujours sa <strong>promesse de livraison gratuite<\/strong>. A noter qu\u2019elle autorise aussi <strong>tous les retours jusqu\u2019au 31 janvier 2026<\/strong>, ce qui vous permet de renvoyer d\u2019\u00e9ventuels cadeaux de No\u00ebl qui n\u2019ont pas eu l\u2019effet escompt\u00e9.<\/p>\n<p>Les p\u00e9pites du Black Friday<\/p>\n<p>Notre s\u00e9lection pour ce Black Friday se focalise sur les produits qui sont toujours disponibles en stock chez Amazon et les autres marchands partenaires tout en garantissant des remises folles par rapport aux prix pratiqu\u00e9s habituellement durant le reste de l\u2019ann\u00e9e. Chaque produit retenu dans cette liste tenue \u00e0 jour en temps r\u00e9el a fait l\u2019objet d\u2019une v\u00e9rification pour s\u2019assurer que la r\u00e9duction affich\u00e9e correspond bien \u00e0 une baisse significative.<\/p>\n<p>L\u2019\u00e9lectrom\u00e9nager est un segment tr\u00e8s dynamique de ce Black Friday 2025 avec des promotions agressives sur les robots aspirateurs, les machines \u00e0 caf\u00e9 et les purificateurs d\u2019air propos\u00e9s par Amazon. Les marques haut de gamme comme Dyson, Roborock ou encore Tineco affichent des r\u00e9ductions jamais observ\u00e9es en dehors du Black Friday ce qui explique la folie des acheteurs en ce lundi.<\/p>\n<p>Le secteur de l\u2019informatique et des accessoires pour le gaming (PS5, PS Portal, manettes, etc) explose pendant ce Black Friday sur Amazon avec des configurations compl\u00e8tes en promotion. Les cartes graphiques (comme les RTX 5070 ou 5080), les \u00e9crans gaming (Samsung ou LG) et les claviers m\u00e9caniques b\u00e9n\u00e9ficient de remises spectaculaires lors du Black Friday et constituent des opportunit\u00e9s exceptionnelles pour renouveler son setup. Amazon propose aussi des bundles exclusifs Black Friday qui regroupent plusieurs appareils de sa marque \u00e0 des tarifs d\u00e9fiant toute concurrence par rapport aux prix unitaires pratiqu\u00e9s le reste de l\u2019ann\u00e9e.<\/p>\n<p class=\"text-center not-prose\"><a class=\"comp-button\" href=\"https:\/\/shop.01net.com\/go\/16060\/\" target=\"_self\" rel=\"sponsored nofollow noopener\">Voir toutes les offres sur Amazon<\/a><\/p>\n<p>Les objets connect\u00e9s pour la maison intelligente repr\u00e9sentent une autre cat\u00e9gorie vedette de ce Black Friday avec les enceintes Echo qui ont int\u00e9gr\u00e9 Alexa, les thermostats Nest et les cam\u00e9ras de surveillance disponibles \u00e0 prix cass\u00e9s chez Amazon. L\u2019\u00e9cosyst\u00e8me Alexa b\u00e9n\u00e9ficie d\u2019une mise en avant particuli\u00e8re pendant le Black Friday puisque Amazon cherche aussi \u00e0 pousser ses propres produits en parall\u00e8le des r\u00e9f\u00e9rences tierces.<\/p>\n<p>Le segment des jouets explose toujours pendant le Black Friday puisque cette p\u00e9riode pr\u00e9c\u00e8de imm\u00e9diatement la saison des achats de No\u00ebl et Amazon l\u2019a bien compris. Les parents profitent massivement du Black Friday pour anticiper leurs emplettes de d\u00e9cembre avec r\u00e9ductions jusqu\u2019\u00e0 50% sur les licences les plus demand\u00e9es. Amazon affiche d\u2019ailleurs des ruptures de stock tr\u00e8s t\u00f4t sur certaines r\u00e9f\u00e9rences du Black Friday comme les sets LEGO (et notamment Star Wars ou Harry Potter), les Barbie ou les figurines Pok\u00e9mon qui disparaissent tr\u00e8s vite.<\/p>\n<p>Comment faire son choix au Black Friday\u00a0?<\/p>\n<p>La politique de retour \u00e9tendue est un argument d\u00e9cisif pour privil\u00e9gier Amazon pendant ce Black Friday puisque<strong> tous les achats effectu\u00e9s en ce moment peuvent \u00eatre renvoy\u00e9s jusqu\u2019\u00e0 fin janvier 2026<\/strong>. Cette flexibilit\u00e9 transforme le Black Friday en p\u00e9riode id\u00e9ale pour les achats cadeaux puisque les destinataires disposeront de plusieurs semaines apr\u00e8s No\u00ebl pour \u00e9changer les produits qui ne leur conviendraient pas.<\/p>\n<p>Les volumes de transactions enregistr\u00e9s depuis mercredi dernier laissent pr\u00e9sager un Black Friday record pour Amazon et l\u2019ensemble du e-commerce fran\u00e7ais avec une progression \u00e0 deux chiffres par rapport \u00e0 l\u2019\u00e9dition 2024. Les analyses indiquent que le Black Friday 2025 pourrait g\u00e9n\u00e9rer plus d\u2019un milliard d\u2019euros de chiffre d\u2019affaires sur l\u2019ensemble de la <strong>semaine commerciale contre 800 millions l\u2019an dernier<\/strong>. Amazon capte m\u00e9caniquement la part majoritaire de ce g\u00e2teau Black Friday gr\u00e2ce \u00e0 la diversit\u00e9 de son catalogue et \u00e0 la confiance que lui accordent les Fran\u00e7ais.<\/p>\n<p>Pour voir toutes les offres sur Amazon, \u00e7a se pass ici\u00a0:<\/p>\n<p class=\"text-center not-prose\"><a class=\"comp-button\" href=\"https:\/\/shop.01net.com\/go\/16060\/\" target=\"_self\" rel=\"sponsored nofollow noopener\">Voir toutes les offres sur Amazon<\/a><\/p>\n<blockquote style=\"border:1px solid grey;border-radius:8px;\">\n<p class=\"text-base text-neutral-700 dark:text-neutral-300\" style=\"color:grey;\">\ud83d\udc49\ud83c\udffb Suivez l\u2019actualit\u00e9 tech en temps r\u00e9el\u00a0: ajoutez 01net \u00e0 vos sources sur <a href=\"https:\/\/news.google.com\/publications\/CAAqBwgKMJPsvAswoIfUAw?hl=fr&amp;gl=FR&amp;ceid=FR%3Afr\" target=\"_blank\" rel=\"noopener\">Google Actualit\u00e9s<\/a>, abonnez-vous \u00e0 notre canal <a href=\"https:\/\/whatsapp.com\/channel\/0029VaH5gKg6xCSG9nQQhQ1Z\" target=\"_blank\" rel=\"noopener\">WhatsApp<\/a> ou suivez-nous en vid\u00e9o sur <a href=\"https:\/\/www.tiktok.com\/@01net.com\" target=\"_blank\" rel=\"noopener\">TikTok<\/a>.<\/p>\n<\/blockquote>\n<p>        Ce qu&rsquo;il faut savoir sur nos bons plans<\/p>\n<p>Ce contenu vous est propos\u00e9 par les experts bons plans de 01net.<br \/>&#13;<br \/>\nLa r\u00e9daction n\u2019a pas particip\u00e9 \u00e0 la r\u00e9alisation de ce contenu. 01net est susceptible de percevoir une r\u00e9mun\u00e9ration lorsqu\u2019un des lecteurs proc\u00e8de \u00e0 un achat via les liens int\u00e9gr\u00e9s dans cet article. Les prix mentionn\u00e9s dans cet article sont susceptibles d&rsquo;\u00e9voluer tr\u00e8s rapidement.<\/p>\n<p>              <script async src=\"\/\/www.tiktok.com\/embed.js\"><\/script><\/p>\n","protected":false},"excerpt":{"rendered":"La Black Friday Week a officiellement d\u00e9but\u00e9 ce lundi et les offres ont inond\u00e9 le web. Pour vous&hellip;\n","protected":false},"author":2,"featured_media":537424,"comment_status":"","ping_status":"","sticky":false,"template":"","format":"standard","meta":{"footnotes":""},"categories":[6],"tags":[35,33,34,1011,27],"class_list":{"0":"post-555956","1":"post","2":"type-post","3":"status-publish","4":"format-standard","5":"has-post-thumbnail","7":"category-economie","8":"tag-business","9":"tag-economie","10":"tag-economy","11":"tag-fr","12":"tag-france"},"share_on_mastodon":{"url":"https:\/\/pubeurope.com\/@fr\/115606157137849668","error":""},"_links":{"self":[{"href":"https:\/\/www.europesays.com\/fr\/wp-json\/wp\/v2\/posts\/555956","targetHints":{"allow":["GET"]}}],"collection":[{"href":"https:\/\/www.europesays.com\/fr\/wp-json\/wp\/v2\/posts"}],"about":[{"href":"https:\/\/www.europesays.com\/fr\/wp-json\/wp\/v2\/types\/post"}],"author":[{"embeddable":true,"href":"https:\/\/www.europesays.com\/fr\/wp-json\/wp\/v2\/users\/2"}],"replies":[{"embeddable":true,"href":"https:\/\/www.europesays.com\/fr\/wp-json\/wp\/v2\/comments?post=555956"}],"version-history":[{"count":0,"href":"https:\/\/www.europesays.com\/fr\/wp-json\/wp\/v2\/posts\/555956\/revisions"}],"wp:featuredmedia":[{"embeddable":true,"href":"https:\/\/www.europesays.com\/fr\/wp-json\/wp\/v2\/media\/537424"}],"wp:attachment":[{"href":"https:\/\/www.europesays.com\/fr\/wp-json\/wp\/v2\/media?parent=555956"}],"wp:term":[{"taxonomy":"category","embeddable":true,"href":"https:\/\/www.europesays.com\/fr\/wp-json\/wp\/v2\/categories?post=555956"},{"taxonomy":"post_tag","embeddable":true,"href":"https:\/\/www.europesays.com\/fr\/wp-json\/wp\/v2\/tags?post=555956"}],"curies":[{"name":"wp","href":"https:\/\/api.w.org\/{rel}","templated":true}]}}