{"id":555957,"date":"2025-11-24T18:45:25","date_gmt":"2025-11-24T18:45:25","guid":{"rendered":"https:\/\/www.europesays.com\/fr\/555957\/"},"modified":"2025-11-24T18:45:25","modified_gmt":"2025-11-24T18:45:25","slug":"xi-jinping-sest-entretenu-au-telephone-avec-donald-trump-pour-maintenir-lelan-dans-les-relations-entre-la-chine-et-les-etats-unis","status":"publish","type":"post","link":"https:\/\/www.europesays.com\/fr\/555957\/","title":{"rendered":"Xi Jinping s&rsquo;est entretenu au t\u00e9l\u00e9phone avec Donald Trump pour \u00ab\u00a0maintenir l&rsquo;\u00e9lan dans les relations\u00a0\u00bb entre la Chine et les Etats-Unis"},"content":{"rendered":"\n<p class=\"c-chapo \">\n  Le pr\u00e9sident chinois a insist\u00e9 aupr\u00e8s de son homologue am\u00e9ricain, lundi, sur l&rsquo;importance \u00ab\u00a0du retour de Ta\u00efwan \u00e0 la Chine\u00a0\u00bb, selon l&rsquo;agence officielle Chine nouvelle.\n<\/p>\n<p>      lire plus tard<\/p>\n<p id=\"dialog__title\" class=\"dialog__title\">Pour sauvegarder cet article, connectez-vous ou cr\u00e9ez un compte franceinfo<\/p>\n<p class=\"dialog__description\">Sans paiement. Sans abonnement.<\/p>\n<p>        Fermer la fen\u00eatre d\u2019activation des notifications France Info<\/p>\n<p>      cr\u00e9er votre compte<\/p>\n<p>      se connecter<\/p>\n<p>        Fermer la fen\u00eatre de pr\u00e9sentation<\/p>\n<p>    <img loading=\"lazy\" decoding=\"async\" class=\"signature__image lazyload\" width=\"100\" height=\"100\" data- alt=\"\" src=\"https:\/\/www.europesays.com\/fr\/wp-content\/uploads\/2025\/05\/64a68815cd1a7_placeholder-36b69ec8.png\"\/><\/p>\n<p>    Publi\u00e9 le 24\/11\/2025 17:17<\/p>\n<p>        Temps de lecture : 1min<\/p>\n<p>    <img decoding=\"async\"  alt=\"Montage photo du pr\u00e9sident chinois Xi Jinping et du pr\u00e9sident am\u00e9ricain Donald Trump. (MAXIM SHEMETOV, ALEX WROBLEWSKI \/ POOL\/AFP)\" width=\"432\" height=\"243\" src=\"https:\/\/www.europesays.com\/fr\/wp-content\/uploads\/2025\/11\/000-84zl363-692483cc625e6232277526.jpg\" fetchpriority=\"high\"\/><\/p>\n<p>      Montage photo du pr\u00e9sident chinois Xi Jinping et du pr\u00e9sident am\u00e9ricain Donald Trump. (MAXIM SHEMETOV, ALEX WROBLEWSKI \/ POOL\/AFP)<\/p>\n<p>Le pr\u00e9sident chinois, Xi Jinping, et <a href=\"https:\/\/www.franceinfo.fr\/monde\/usa\/presidentielle\/donald-trump\/rencontre-entre-donald-trump-et-xi-jinping-les-deux-superpuissances-optent-pour-l-apaisement_7584743.html\" target=\"_self\" rel=\"noopener noreferrer nofollow\" data-tooltip-url=\"https:\/\/www.franceinfo.fr\/monde\/usa\/presidentielle\/donald-trump\/rencontre-entre-donald-trump-et-xi-jinping-les-deux-superpuissances-optent-pour-l-apaisement_7584743.html\">son homologue am\u00e9ricain<\/a>, Donald Trump, se sont entretenu par t\u00e9l\u00e9phone, lundi 24\u00a0novembre, a rapport\u00e9 l&rsquo;agence officielle Chine nouvelle. Xi Jinping a assur\u00e9 \u00e0 Donald Trump que les deux pays devraient \u00ab\u00a0maintenir l&rsquo;\u00e9lan dans leurs relations\u00a0\u00bb apr\u00e8s leur rencontre en octobre en Cor\u00e9e du Sud. <\/p>\n<p>Il a aussi \u00ab\u00a0soulign\u00e9 que le retour de Ta\u00efwan \u00e0 la Chine \u00e9tait une partie importante de l&rsquo;ordre international de l&rsquo;apr\u00e8s-guerre\u00a0\u00bb, selon l&rsquo;agence. La Chine revendique Ta\u00efwan et n&rsquo;\u00e9carte pas l&rsquo;option d&rsquo;une invasion arm\u00e9e de l&rsquo;\u00eele, qu&rsquo;elle soumet \u00e0 une forte pression militaire, \u00e9conomique et diplomatique.<\/p>\n<p><a href=\"https:\/\/www.franceinfo.fr\/monde\/usa\/terres-rares-guerre-en-ukraine-droits-de-douane-ce-qu-il-faut-retenir-de-la-premiere-rencontre-entre-donald-trump-et-xi-jinping-en-six-ans_7584341.html\" target=\"_self\" rel=\"noopener noreferrer nofollow\" data-tooltip-url=\"https:\/\/www.franceinfo.fr\/monde\/usa\/terres-rares-guerre-en-ukraine-droits-de-douane-ce-qu-il-faut-retenir-de-la-premiere-rencontre-entre-donald-trump-et-xi-jinping-en-six-ans_7584341.html\">Donald Trump et Xi Jinping se sont rencontr\u00e9s<\/a> en octobre, \u00e0 Busan, en Cor\u00e9e du Sud, pour la premi\u00e8re fois depuis 2019, et ont engag\u00e9 des discussions tr\u00e8s suivies, en pleine guerre commerciale entre les deux pays. <a href=\"https:\/\/www.franceinfo.fr\/monde\/usa\/presidentielle\/donald-trump\/droits-de-douane-americains-quel-impact-sur-l-economie-de-la-chine-severement-taxee-par-donald-trump_7167999.html\" target=\"_self\" rel=\"noopener noreferrer nofollow\" data-tooltip-url=\"https:\/\/www.franceinfo.fr\/monde\/usa\/presidentielle\/donald-trump\/droits-de-douane-americains-quel-impact-sur-l-economie-de-la-chine-severement-taxee-par-donald-trump_7167999.html\">La lutte entre les deux plus grandes \u00e9conomies mondiales<\/a>, qui englobe tout, des terres rares au soja en passant par les droits portuaires, a secou\u00e9 les march\u00e9s et perturb\u00e9 les cha\u00eenes d&rsquo;approvisionnement pendant des mois.<\/p>\n<p>Selon le compte rendu de l&rsquo;\u00e9change de lundi, Xi Jinping a \u00e9galement d\u00e9clar\u00e9 \u00e0 Donald Trump que la r\u00e9union \u00ab\u00a0r\u00e9ussie\u00a0\u00bb de Busan avait contribu\u00e9 \u00e0 \u00ab\u00a0produire un \u00e9lan dans le mouvement constant du gigantesque navire des relations sino-am\u00e9ricaines\u00a0\u00bb, a rapport\u00e9 Chine nouvelle. \u00ab\u00a0Depuis la r\u00e9union de Busan, les relations sino-am\u00e9ricaines sont dans l&rsquo;ensemble rest\u00e9es stables et ont continu\u00e9 de s&rsquo;am\u00e9liorer, ce qui a \u00e9t\u00e9 largement salu\u00e9 par les deux pays et la communaut\u00e9 internationale\u00a0\u00bb, a ajout\u00e9 Xi Jinping.<\/p>\n","protected":false},"excerpt":{"rendered":"Le pr\u00e9sident chinois a insist\u00e9 aupr\u00e8s de son homologue am\u00e9ricain, lundi, sur l&rsquo;importance \u00ab\u00a0du retour de Ta\u00efwan \u00e0&hellip;\n","protected":false},"author":2,"featured_media":555958,"comment_status":"","ping_status":"","sticky":false,"template":"","format":"standard","meta":{"footnotes":""},"categories":[5],"tags":[11,1011,27,14,12,28],"class_list":{"0":"post-555957","1":"post","2":"type-post","3":"status-publish","4":"format-standard","5":"has-post-thumbnail","7":"category-international","8":"tag-actualites","9":"tag-fr","10":"tag-france","11":"tag-international","12":"tag-news","13":"tag-world"},"share_on_mastodon":{"url":"https:\/\/pubeurope.com\/@fr\/115606161796754390","error":""},"_links":{"self":[{"href":"https:\/\/www.europesays.com\/fr\/wp-json\/wp\/v2\/posts\/555957","targetHints":{"allow":["GET"]}}],"collection":[{"href":"https:\/\/www.europesays.com\/fr\/wp-json\/wp\/v2\/posts"}],"about":[{"href":"https:\/\/www.europesays.com\/fr\/wp-json\/wp\/v2\/types\/post"}],"author":[{"embeddable":true,"href":"https:\/\/www.europesays.com\/fr\/wp-json\/wp\/v2\/users\/2"}],"replies":[{"embeddable":true,"href":"https:\/\/www.europesays.com\/fr\/wp-json\/wp\/v2\/comments?post=555957"}],"version-history":[{"count":0,"href":"https:\/\/www.europesays.com\/fr\/wp-json\/wp\/v2\/posts\/555957\/revisions"}],"wp:featuredmedia":[{"embeddable":true,"href":"https:\/\/www.europesays.com\/fr\/wp-json\/wp\/v2\/media\/555958"}],"wp:attachment":[{"href":"https:\/\/www.europesays.com\/fr\/wp-json\/wp\/v2\/media?parent=555957"}],"wp:term":[{"taxonomy":"category","embeddable":true,"href":"https:\/\/www.europesays.com\/fr\/wp-json\/wp\/v2\/categories?post=555957"},{"taxonomy":"post_tag","embeddable":true,"href":"https:\/\/www.europesays.com\/fr\/wp-json\/wp\/v2\/tags?post=555957"}],"curies":[{"name":"wp","href":"https:\/\/api.w.org\/{rel}","templated":true}]}}