{"id":555960,"date":"2025-11-24T18:47:15","date_gmt":"2025-11-24T18:47:15","guid":{"rendered":"https:\/\/www.europesays.com\/fr\/555960\/"},"modified":"2025-11-24T18:47:15","modified_gmt":"2025-11-24T18:47:15","slug":"larcom-demande-le-blocage-dun-site-diffusant-des-contenus-violents-et-gore","status":"publish","type":"post","link":"https:\/\/www.europesays.com\/fr\/555960\/","title":{"rendered":"L\u2019Arcom demande le blocage d\u2019un site diffusant des contenus violents et gore"},"content":{"rendered":"<p>                      <img loading=\"lazy\" decoding=\"async\" src=\"https:\/\/www.europesays.com\/fr\/wp-content\/uploads\/2025\/11\/1aa2a76_upload-1-wtuqqd5uiguw-000-76496ju.jpg\" alt=\"Le si\u00e8ge de l\u2019Autorit\u00e9 de r\u00e9gulation de la communication audiovisuelle et num\u00e9rique, \u00e0 Paris, le 19\u00a0septembre\u00a02025.\"   width=\"664\" height=\"443\"\/>    Le si\u00e8ge de l\u2019Autorit\u00e9 de r\u00e9gulation de la communication audiovisuelle et num\u00e9rique, \u00e0 Paris, le 19\u00a0septembre\u00a02025.  THIBAUD MORITZ\/AFP                            <\/p>\n<p class=\"article__paragraph  \">L\u2019Autorit\u00e9 de r\u00e9gulation de la communication audiovisuelle et num\u00e9rique (Arcom) a demand\u00e9 le blocage d\u2019un site am\u00e9ricain \u00ab\u00a0enti\u00e8rement [consacr\u00e9] \u00e0 la diffusion de contenus illicites, violents et portant atteinte \u00e0 la dignit\u00e9 humaine\u00a0\u00bb, a-t-elle rapport\u00e9, lundi 24\u00a0novembre, \u00e0 l\u2019Agence France-Presse (AFP), confirmant <a href=\"https:\/\/www.linforme.com\/tech-telecom\/article\/l-arcom-demande-le-blocage-du-site-gore-watchpeopledie-tv_3428.html\" target=\"_blank\" rel=\"noopener\" title=\"Nouvelle fen\u00eatre\">une information du site L\u2019Inform\u00e9<\/a>.<\/p>\n<p class=\"article__paragraph  \">Le r\u00e9gulateur du num\u00e9rique a assign\u00e9 devant le tribunal judiciaire de Paris six fournisseurs d\u2019acc\u00e8s \u00e0 Internet \u2013 Orange, Free, Free Mobile, SFR, SFR Fibre et Bouygues Telecom \u2013, \u00ab\u00a0afin qu\u2019ils prennent toutes mesures permettant d\u2019interdire de mani\u00e8re effective l\u2019acc\u00e8s du site en cause depuis le territoire fran\u00e7ais dans un d\u00e9lai de sept jours sous astreinte de 1\u00a0000\u00a0euros par jour de retard\u00a0\u00bb, a-t-il d\u00e9taill\u00e9. \u00ab\u00a0Cette mesure fait notamment suite \u00e0 des demandes de retrait de trois vid\u00e9os montrant des actes de torture et de barbarie, demandes \u00e9mises par l\u2019Office anticybercriminalit\u00e9 (OFAC) et rest\u00e9es sans r\u00e9ponse\u00a0\u00bb, a pr\u00e9cis\u00e9 l\u2019Arcom.<\/p>\n<p class=\"article__paragraph  \">Dans le collimateur de l\u2019autorit\u00e9 ind\u00e9pendante depuis plusieurs mois, le site incrimin\u00e9 est connu pour h\u00e9berger des vid\u00e9os tr\u00e8s violentes, comme des accidents mortels, des homicides, des suicides ou encore des sc\u00e8nes de guerre. Sur sa page d\u2019accueil, il revendique plus de 4,4\u00a0millions d\u2019utilisateurs inscrits dans le monde.<\/p>\n<p>                                         Lire aussi |  <a href=\"https:\/\/www.lemonde.fr\/pixels\/article\/2025\/08\/28\/cinq-sites-pornographiques-qui-avaient-recu-une-mise-en-demeure-de-l-arcom-ont-pris-des-mesures-de-verification-d-age_6636969_4408996.html\" class=\"js-article-read-also catcher--favoris__link\" data-premium=\"\" id=\"article-title-3435845\" target=\"_blank\" rel=\"noopener\">Cinq sites pornographiques, qui avaient re\u00e7u une mise en demeure de l\u2019Arcom, ont pris des mesures de v\u00e9rification d\u2019\u00e2ge<\/a>    <\/p>\n<p>   Lire plus tard  <\/p>\n<p class=\"article__paragraph  \">\u00ab\u00a0Ce site n\u2019a pas sa place en France et je condamne les d\u00e9rives graves dont il s\u2019est rendu coupable\u00a0\u00bb, a r\u00e9agi aupr\u00e8s de l\u2019AFP la ministre d\u00e9l\u00e9gu\u00e9e au num\u00e9rique, Anne Le H\u00e9nanff, qui s\u2019est f\u00e9licit\u00e9e de cette demande de blocage.<\/p>\n<p class=\"article__paragraph  \">Interrog\u00e9 par l\u2019AFP sur cette proc\u00e9dure, Free n\u2019a pas souhait\u00e9 faire de commentaire, tandis que SFR a renvoy\u00e9 vers la F\u00e9d\u00e9ration fran\u00e7aise des t\u00e9l\u00e9coms. Orange et Bouygues T\u00e9l\u00e9com n\u2019avaient pas r\u00e9pondu dans l\u2019imm\u00e9diat.<\/p>\n<p class=\"article__paragraph  \">L\u2019Arcom explique s\u2019appuyer sur l\u2019article\u00a06.3 de la loi pour la confiance dans l\u2019\u00e9conomie num\u00e9rique, qui peut \u00ab\u00a0prescrire \u00e0 toute personne susceptible d\u2019y contribuer toutes les mesures propres \u00e0 pr\u00e9venir un dommage ou \u00e0 faire cesser un dommage occasionn\u00e9 par le contenu d\u2019un service de communication au public en ligne\u00a0\u00bb.<\/p>\n<p class=\"article__paragraph  \">C\u2019est sur ce m\u00eame texte que l\u2019ancienne ministre du num\u00e9rique Clara Chappaz avait attaqu\u00e9 en justice en ao\u00fbt la plateforme de diffusion en direct Kick, apr\u00e8s que cette derni\u00e8re eut diffus\u00e9 des sc\u00e8nes de maltraitance <a href=\"https:\/\/www.lemonde.fr\/societe\/article\/2025\/08\/26\/mort-du-streameur-jean-pormanove-le-parquet-de-paris-ouvre-une-enquete-les-pratiques-de-la-plateforme-kick_6635714_3224.html\" target=\"_blank\" rel=\"noopener\">du streamer fran\u00e7ais Jean Pormanove, jusqu\u2019\u00e0 sa mort<\/a>.<\/p>\n<p>                                         Lire aussi |  Article r\u00e9serv\u00e9 \u00e0 nos abonn\u00e9s  <a href=\"https:\/\/www.lemonde.fr\/pixels\/article\/2025\/09\/05\/la-trajectoire-eclair-de-jean-pormanove-streameur-pris-dans-le-piege-mortel-d-une-popularite-exploitee_6639069_4408996.html\" class=\"js-article-read-also catcher--favoris__link\" data-premium=\"1\" id=\"article-title-3435384\" target=\"_blank\" rel=\"noopener\">La trajectoire \u00e9clair de Jean Pormanove, streameur pris dans le pi\u00e8ge d\u2019une popularit\u00e9 exploit\u00e9e<\/a>    <\/p>\n<p>   Lire plus tard  <\/p>\n<p class=\"author__detail\">  Le Monde avec AFP  <\/p>\n<p>                <a href=\"https:\/\/www.lemonde.fr\/syndication\/\" class=\"reuse__content\" title=\"R\u00e9utiliser ce contenu\" target=\"_blank\" rel=\"noopener\">R\u00e9utiliser ce contenu<\/a>      <\/p>\n","protected":false},"excerpt":{"rendered":"Le si\u00e8ge de l\u2019Autorit\u00e9 de r\u00e9gulation de la communication audiovisuelle et num\u00e9rique, \u00e0 Paris, le 19\u00a0septembre\u00a02025. THIBAUD MORITZ\/AFP&hellip;\n","protected":false},"author":2,"featured_media":555961,"comment_status":"","ping_status":"","sticky":false,"template":"","format":"standard","meta":{"footnotes":""},"categories":[2],"tags":[11,1011,27,12],"class_list":{"0":"post-555960","1":"post","2":"type-post","3":"status-publish","4":"format-standard","5":"has-post-thumbnail","7":"category-actualites","8":"tag-actualites","9":"tag-fr","10":"tag-france","11":"tag-news"},"share_on_mastodon":{"url":"https:\/\/pubeurope.com\/@fr\/115606169988231641","error":""},"_links":{"self":[{"href":"https:\/\/www.europesays.com\/fr\/wp-json\/wp\/v2\/posts\/555960","targetHints":{"allow":["GET"]}}],"collection":[{"href":"https:\/\/www.europesays.com\/fr\/wp-json\/wp\/v2\/posts"}],"about":[{"href":"https:\/\/www.europesays.com\/fr\/wp-json\/wp\/v2\/types\/post"}],"author":[{"embeddable":true,"href":"https:\/\/www.europesays.com\/fr\/wp-json\/wp\/v2\/users\/2"}],"replies":[{"embeddable":true,"href":"https:\/\/www.europesays.com\/fr\/wp-json\/wp\/v2\/comments?post=555960"}],"version-history":[{"count":0,"href":"https:\/\/www.europesays.com\/fr\/wp-json\/wp\/v2\/posts\/555960\/revisions"}],"wp:featuredmedia":[{"embeddable":true,"href":"https:\/\/www.europesays.com\/fr\/wp-json\/wp\/v2\/media\/555961"}],"wp:attachment":[{"href":"https:\/\/www.europesays.com\/fr\/wp-json\/wp\/v2\/media?parent=555960"}],"wp:term":[{"taxonomy":"category","embeddable":true,"href":"https:\/\/www.europesays.com\/fr\/wp-json\/wp\/v2\/categories?post=555960"},{"taxonomy":"post_tag","embeddable":true,"href":"https:\/\/www.europesays.com\/fr\/wp-json\/wp\/v2\/tags?post=555960"}],"curies":[{"name":"wp","href":"https:\/\/api.w.org\/{rel}","templated":true}]}}