{"id":555964,"date":"2025-11-24T18:49:37","date_gmt":"2025-11-24T18:49:37","guid":{"rendered":"https:\/\/www.europesays.com\/fr\/555964\/"},"modified":"2025-11-24T18:49:37","modified_gmt":"2025-11-24T18:49:37","slug":"loire-les-vtc-en-maraude-illegale-dans-le-viseur-des-forces-de-lordre-a-saint-etienne","status":"publish","type":"post","link":"https:\/\/www.europesays.com\/fr\/555964\/","title":{"rendered":"Loire. Les VTC en maraude ill\u00e9gale dans le viseur des forces de l\u2019ordre \u00e0\u00a0Saint-\u00c9tienne"},"content":{"rendered":"<p>Ce conducteur de VTC (Voiture de transport avec chauffeur) est tomb\u00e9 dans les mailles du filet tendu par la police st\u00e9phanoise, ce lundi 24\u00a0novembre, devant la gare de Ch\u00e2teaucreux. Il attendait rue de l\u2019artisanat qu\u2019un client le contacte. Ce qui rel\u00e8ve d\u2019une maraude ill\u00e9gale, et d\u2019une concurrence d\u00e9loyale pour <a href=\"https:\/\/www.leprogres.fr\/social\/2025\/05\/19\/les-chauffeurs-de-taxi-manifestent-contre-la-nouvelle-convention-de-l-assurance-maladie\" target=\"_blank\" rel=\"noopener\">les taxis<\/a>.<\/p>\n<p>\u00ab\u00a0Les VTC doivent attendre les r\u00e9servations au lieu de d\u00e9claration de leur entreprise\u00a0\u00bb, explique le commandant Claude Lara, chef de la s\u00e9curit\u00e9 publique \u00e0 la direction interd\u00e9partementale de la Loire.<\/p>\n<p>  Plus de 100 VTC contr\u00f4l\u00e9s en 2025<\/p>\n<p>Lors de ce contr\u00f4le, les policiers v\u00e9rifient aussi que les macarons de <a href=\"https:\/\/www.leprogres.fr\/loire-42-edition-saint-etienne-metropole\/2019\/04\/24\/uber-debarque-officiellement-dans-la-ville-ce-mercredi\" target=\"_blank\" rel=\"noopener\">VTC<\/a> et la carte professionnelle soient bien affich\u00e9s, sinon c\u2019est une amende de 68 euros.<\/p>\n<p>En 2025, 38 autres dispositifs de ce type ont \u00e9t\u00e9 r\u00e9alis\u00e9s. Plus de 100 v\u00e9hicules ont \u00e9t\u00e9 contr\u00f4l\u00e9s, 43 contreventions ont \u00e9t\u00e9 dress\u00e9es et six maraudes sanctionn\u00e9es d\u2019une amende de 500 euros.<\/p>\n<p>\u00ab\u00a0Vous m\u2019avez chop\u00e9, c\u2019est la r\u00e8gle\u00a0\u00bb, sourit, beau joueur, le conducteur de VTC pendant qu\u2019un policier lui dresse sa contravention.<\/p>\n","protected":false},"excerpt":{"rendered":"Ce conducteur de VTC (Voiture de transport avec chauffeur) est tomb\u00e9 dans les mailles du filet tendu par&hellip;\n","protected":false},"author":2,"featured_media":555965,"comment_status":"","ping_status":"","sticky":false,"template":"","format":"standard","meta":{"footnotes":""},"categories":[9653],"tags":[1111,11,2430,271,272,7539,1777,674,274,1011,27,3367,12,25,4001,7538],"class_list":{"0":"post-555964","1":"post","2":"type-post","3":"status-publish","4":"format-standard","5":"has-post-thumbnail","7":"category-saint-etienne","8":"tag-actu","9":"tag-actualites","10":"tag-auvergne-rhone-alpes","11":"tag-crime","12":"tag-delit-et-contravention","13":"tag-edition-loire-sud","14":"tag-eu","15":"tag-europe","16":"tag-faits-divers-justice","17":"tag-fr","18":"tag-france","19":"tag-loire","20":"tag-news","21":"tag-republique-francaise","22":"tag-saint-etienne","23":"tag-saint-etienne-ville"},"share_on_mastodon":{"url":"https:\/\/pubeurope.com\/@fr\/115606176748758995","error":""},"_links":{"self":[{"href":"https:\/\/www.europesays.com\/fr\/wp-json\/wp\/v2\/posts\/555964","targetHints":{"allow":["GET"]}}],"collection":[{"href":"https:\/\/www.europesays.com\/fr\/wp-json\/wp\/v2\/posts"}],"about":[{"href":"https:\/\/www.europesays.com\/fr\/wp-json\/wp\/v2\/types\/post"}],"author":[{"embeddable":true,"href":"https:\/\/www.europesays.com\/fr\/wp-json\/wp\/v2\/users\/2"}],"replies":[{"embeddable":true,"href":"https:\/\/www.europesays.com\/fr\/wp-json\/wp\/v2\/comments?post=555964"}],"version-history":[{"count":0,"href":"https:\/\/www.europesays.com\/fr\/wp-json\/wp\/v2\/posts\/555964\/revisions"}],"wp:featuredmedia":[{"embeddable":true,"href":"https:\/\/www.europesays.com\/fr\/wp-json\/wp\/v2\/media\/555965"}],"wp:attachment":[{"href":"https:\/\/www.europesays.com\/fr\/wp-json\/wp\/v2\/media?parent=555964"}],"wp:term":[{"taxonomy":"category","embeddable":true,"href":"https:\/\/www.europesays.com\/fr\/wp-json\/wp\/v2\/categories?post=555964"},{"taxonomy":"post_tag","embeddable":true,"href":"https:\/\/www.europesays.com\/fr\/wp-json\/wp\/v2\/tags?post=555964"}],"curies":[{"name":"wp","href":"https:\/\/api.w.org\/{rel}","templated":true}]}}