{"id":555966,"date":"2025-11-24T18:50:20","date_gmt":"2025-11-24T18:50:20","guid":{"rendered":"https:\/\/www.europesays.com\/fr\/555966\/"},"modified":"2025-11-24T18:50:20","modified_gmt":"2025-11-24T18:50:20","slug":"meurthe-et-moselle-aide-alimentaire-groupe-scolaire-du-sanon-vaccination-contre-le-papillonavirus-des-questions-dactualite-au-menu-du-conseil-departemental","status":"publish","type":"post","link":"https:\/\/www.europesays.com\/fr\/555966\/","title":{"rendered":"Meurthe-et-Moselle Aide alimentaire, groupe scolaire du Sanon, vaccination contre le papillonavirus\u2026 Des questions d\u2019actualit\u00e9 au menu du conseil d\u00e9partemental"},"content":{"rendered":"<p>  Aide alimentaire<\/p>\n<p>\u00ab\u00a0La demande explose, les structures saturent\u00a0\u00bb\u2026 Conseiller d\u00e9partemental du canton de Nancy 2, Anthony Perrin a pos\u00e9 le cadre pour \u00e9voquer la question de l\u2019aide alimentaire.<\/p>\n<p>Vice-pr\u00e9sidente d\u00e9l\u00e9gu\u00e9e notamment \u00e0 l\u2019action sociale, Rosemary Lupo a annonc\u00e9 que le d\u00e9partement avait maintenu ses aides aux associations luttant contre la pr\u00e9carit\u00e9 alimentaire pour un total de 277\u00a0000\u00a0euros.<\/p>\n<p>L\u2019\u00e9lue du canton de Pays-de-Briey a \u00e9galement rappel\u00e9 que le d\u00e9partement avait \u00e9t\u00e9 laur\u00e9at de l\u2019appel \u00e0 projets \u00ab\u00a0Mieux manger pour tous\u00a0\u00bb. \u00ab\u00a0Nous b\u00e9n\u00e9ficions d\u2019un financement de pr\u00e8s de 600\u00a0000\u00a0euros sur trois ans, qui vient abonder les accompagnements que nous mettons en place\u00a0\u00bb l\u00e2chait-elle.<\/p>\n<p>  Groupe scolaire du Sanon<\/p>\n<p><a href=\"https:\/\/www.estrepublicain.fr\/education\/2025\/06\/25\/premiere-pierre-posee-le-chantier-de-l-ecole-demarre\" target=\"_blank\" rel=\"noopener\">Lanc\u00e9s en juin dernier<\/a> dans le cadre du plan \u00ab\u00a0Coll\u00e8ges nouvelle g\u00e9n\u00e9ration\u00a0\u00bb, les travaux du futur groupe scolaire du Sanon, \u00e0 Einville-au-Jard, avancent. Mais en attendant que la salle de restauration soit construite, les acteurs devront trouver une solution provisoire entre\u00a02027 et\u00a02028.<\/p>\n<p>L\u2019utilisation d\u2019un pr\u00e9au couvert est \u00e9voqu\u00e9e mais, ce lundi, Michel Marchal (canton de Baccarat) la jugeait inacceptable. \u00ab\u00a0Comment expliquer aux familles que cette \u00e9cole neuve \u00e0 12\u00a0millions d\u2019euros ne soit pas en capacit\u00e9 d\u2019accueillir dignement leurs enfants\u00a0?\u00a0\u00bb, interrogeait-il en demandant au conseil d\u00e9partemental, le ma\u00eetre d\u2019ouvrage, de prioriser \u00ab\u00a0dans l\u2019urgence\u00a0\u00bb la construction de la salle de restauration. \u00ab\u00a0C\u2019est d\u00e9j\u00e0 le cas\u00a0\u00bb, r\u00e9pondait Jacky Zanardo, vice-pr\u00e9sident d\u00e9l\u00e9gu\u00e9 \u00e0 la jeunesse, \u00e0 l\u2019\u00e9ducation et \u00e0 l\u2019\u00e9ducation populaire.<\/p>\n<p>Apr\u00e8s avoir annonc\u00e9 qu\u2019une rencontre avec la direction et le principal \u00e9tait pr\u00e9vue d\u00e9but d\u00e9cembre, l\u2019\u00e9lu s\u2019est montr\u00e9 rassurant. \u00ab\u00a0Je peux comprendre que la d\u00e9nomination \u2018\u2019pr\u00e9au\u2019\u2019 peut interpeller pour accueillir des enfants \u00e0 table mais si cette solution est retenue, ce lieu couvert sera am\u00e9nag\u00e9 afin de garantir les conditions d\u2019accueil des \u00e9l\u00e8ves.\u00a0\u00bb<\/p>\n<p>  Vaccination contre les infections \u00e0 papillomavirus<\/p>\n<p>Alors qu\u2019elle permet de limiter les risques de d\u00e9velopper certains cancers, la vaccination\u00a0est gratuite depuis septembre\u00a02023 dans les coll\u00e8ges pour les \u00e9l\u00e8ves d\u00e8s la cinqui\u00e8me. Questionn\u00e9e par Anne Lassus (canton de Lun\u00e9ville 2), Rosemary Lupo a donn\u00e9 quelques chiffres de Sant\u00e9 Publique France pour le Grand Est\u00a0: 50,6\u00a0% des jeunes filles de quinze ans ont ainsi re\u00e7u une dose et 41,6\u00a0% deux doses \u00e0 seize ans. 6,2\u00a0% des gar\u00e7ons de quinze ans se sont \u00e9galement faits vacciner. Des taux un peu meilleurs ou identiques aux chiffres nationaux mais \u00ab\u00a0encore insuffisants\u00a0\u00bb (l\u2019objectif est de 80\u00a0% \u00e0 l\u2019horizon 2030). \u00ab\u00a0La campagne 2026 d\u00e9butera en janvier et se poursuivra jusqu\u2019en avril\u00a0\u00bb pr\u00e9cisait l\u2019\u00e9lue.<\/p>\n","protected":false},"excerpt":{"rendered":"Aide alimentaire \u00ab\u00a0La demande explose, les structures saturent\u00a0\u00bb\u2026 Conseiller d\u00e9partemental du canton de Nancy 2, Anthony Perrin a&hellip;\n","protected":false},"author":2,"featured_media":555967,"comment_status":"","ping_status":"","sticky":false,"template":"","format":"standard","meta":{"footnotes":""},"categories":[9635],"tags":[1111,11,1707,1704,1706,1705,1777,674,1011,27,775,3457,1702,1703,12,316,25],"class_list":{"0":"post-555966","1":"post","2":"type-post","3":"status-publish","4":"format-standard","5":"has-post-thumbnail","7":"category-nancy","8":"tag-actu","9":"tag-actualites","10":"tag-edition-luneville","11":"tag-edition-nancy-et-agglomeration","12":"tag-edition-pont-a-mousson","13":"tag-edition-toul","14":"tag-eu","15":"tag-europe","16":"tag-fr","17":"tag-france","18":"tag-grand-est","19":"tag-meurthe-et-moselle","20":"tag-nancy","21":"tag-nancy-ville-54b","22":"tag-news","23":"tag-politique","24":"tag-republique-francaise"},"share_on_mastodon":{"url":"https:\/\/pubeurope.com\/@fr\/115606180549270993","error":""},"_links":{"self":[{"href":"https:\/\/www.europesays.com\/fr\/wp-json\/wp\/v2\/posts\/555966","targetHints":{"allow":["GET"]}}],"collection":[{"href":"https:\/\/www.europesays.com\/fr\/wp-json\/wp\/v2\/posts"}],"about":[{"href":"https:\/\/www.europesays.com\/fr\/wp-json\/wp\/v2\/types\/post"}],"author":[{"embeddable":true,"href":"https:\/\/www.europesays.com\/fr\/wp-json\/wp\/v2\/users\/2"}],"replies":[{"embeddable":true,"href":"https:\/\/www.europesays.com\/fr\/wp-json\/wp\/v2\/comments?post=555966"}],"version-history":[{"count":0,"href":"https:\/\/www.europesays.com\/fr\/wp-json\/wp\/v2\/posts\/555966\/revisions"}],"wp:featuredmedia":[{"embeddable":true,"href":"https:\/\/www.europesays.com\/fr\/wp-json\/wp\/v2\/media\/555967"}],"wp:attachment":[{"href":"https:\/\/www.europesays.com\/fr\/wp-json\/wp\/v2\/media?parent=555966"}],"wp:term":[{"taxonomy":"category","embeddable":true,"href":"https:\/\/www.europesays.com\/fr\/wp-json\/wp\/v2\/categories?post=555966"},{"taxonomy":"post_tag","embeddable":true,"href":"https:\/\/www.europesays.com\/fr\/wp-json\/wp\/v2\/tags?post=555966"}],"curies":[{"name":"wp","href":"https:\/\/api.w.org\/{rel}","templated":true}]}}