{"id":555972,"date":"2025-11-24T18:54:11","date_gmt":"2025-11-24T18:54:11","guid":{"rendered":"https:\/\/www.europesays.com\/fr\/555972\/"},"modified":"2025-11-24T18:54:11","modified_gmt":"2025-11-24T18:54:11","slug":"brigitte-bardot-de-nouveau-hospitalisee-a-toulon-depuis-plusieurs-jours","status":"publish","type":"post","link":"https:\/\/www.europesays.com\/fr\/555972\/","title":{"rendered":"Brigitte Bardot de nouveau hospitalis\u00e9e \u00e0 Toulon depuis plusieurs jours"},"content":{"rendered":"<p>Brigitte Bardot est hospitalis\u00e9e depuis plusieurs jours \u00e0 l&rsquo;h\u00f4pital Saint-Jean de Toulon, selon <a href=\"https:\/\/www.francebleu.fr\/infos\/medias-people\/brigitte-bardot-est-une-nouvelle-fois-hospitalisee-a-toulon-depuis-plusieurs-jours-6767535\" target=\"_blank\" rel=\"noopener\">ICI Provence<\/a> et <a href=\"https:\/\/www.nicematin.com\/faits-divers\/exclusif-brigitte-bardot-a-nouveau-hospitalisee-a-toulon-10657972\" target=\"_blank\" rel=\"noopener\">Var Matin<\/a>. Il s&rsquo;agit de sa deuxi\u00e8me hospitalisation cet automne.<\/p>\n<p>Aucune prise de parole publique<\/p>\n<p>Pour l&rsquo;heure, la principale concern\u00e9e n&rsquo;a fait aucune prise de parole publique. Depuis sa retraite du cin\u00e9ma dans les ann\u00e9es 1970, elle partage sa vie entre La Madrague et La Garrigue, ses deux propri\u00e9t\u00e9s trop\u00e9ziennes d\u00e9di\u00e9es \u00e0 la protection animale.<\/p>\n<p>En janvier 2023, elle avait d\u00e9j\u00e0 \u00e9t\u00e9 hospitalis\u00e9e pour une insuffisance respiratoire.<\/p>\n","protected":false},"excerpt":{"rendered":"Brigitte Bardot est hospitalis\u00e9e depuis plusieurs jours \u00e0 l&rsquo;h\u00f4pital Saint-Jean de Toulon, selon ICI Provence et Var Matin.&hellip;\n","protected":false},"author":2,"featured_media":555973,"comment_status":"","ping_status":"","sticky":false,"template":"","format":"standard","meta":{"footnotes":""},"categories":[9619],"tags":[17,1111,11,57061,38114,394,1777,674,1011,27,20213,12,4565,2513,882,25,104,2310],"class_list":{"0":"post-555972","1":"post","2":"type-post","3":"status-publish","4":"format-standard","5":"has-post-thumbnail","7":"category-toulon","8":"tag-17","9":"tag-actu","10":"tag-actualites","11":"tag-bardot","12":"tag-brigitte","13":"tag-depuis","14":"tag-eu","15":"tag-europe","16":"tag-fr","17":"tag-france","18":"tag-hospitalisee","19":"tag-news","20":"tag-nouveau","21":"tag-plusieurs","22":"tag-provence-alpes-cote-dazur","23":"tag-republique-francaise","24":"tag-societe","25":"tag-toulon"},"share_on_mastodon":{"url":"https:\/\/pubeurope.com\/@fr\/115606196352575741","error":""},"_links":{"self":[{"href":"https:\/\/www.europesays.com\/fr\/wp-json\/wp\/v2\/posts\/555972","targetHints":{"allow":["GET"]}}],"collection":[{"href":"https:\/\/www.europesays.com\/fr\/wp-json\/wp\/v2\/posts"}],"about":[{"href":"https:\/\/www.europesays.com\/fr\/wp-json\/wp\/v2\/types\/post"}],"author":[{"embeddable":true,"href":"https:\/\/www.europesays.com\/fr\/wp-json\/wp\/v2\/users\/2"}],"replies":[{"embeddable":true,"href":"https:\/\/www.europesays.com\/fr\/wp-json\/wp\/v2\/comments?post=555972"}],"version-history":[{"count":0,"href":"https:\/\/www.europesays.com\/fr\/wp-json\/wp\/v2\/posts\/555972\/revisions"}],"wp:featuredmedia":[{"embeddable":true,"href":"https:\/\/www.europesays.com\/fr\/wp-json\/wp\/v2\/media\/555973"}],"wp:attachment":[{"href":"https:\/\/www.europesays.com\/fr\/wp-json\/wp\/v2\/media?parent=555972"}],"wp:term":[{"taxonomy":"category","embeddable":true,"href":"https:\/\/www.europesays.com\/fr\/wp-json\/wp\/v2\/categories?post=555972"},{"taxonomy":"post_tag","embeddable":true,"href":"https:\/\/www.europesays.com\/fr\/wp-json\/wp\/v2\/tags?post=555972"}],"curies":[{"name":"wp","href":"https:\/\/api.w.org\/{rel}","templated":true}]}}