{"id":555974,"date":"2025-11-24T18:55:17","date_gmt":"2025-11-24T18:55:17","guid":{"rendered":"https:\/\/www.europesays.com\/fr\/555974\/"},"modified":"2025-11-24T18:55:17","modified_gmt":"2025-11-24T18:55:17","slug":"objectif-depasser-2-500-jouets-pour-les-enfants-hospitalises","status":"publish","type":"post","link":"https:\/\/www.europesays.com\/fr\/555974\/","title":{"rendered":"objectif, d\u00e9passer 2 500 jouets pour les enfants hospitalis\u00e9s"},"content":{"rendered":"<p>                    Par<br \/>\n        <strong><br \/>\n            <a href=\"https:\/\/actu.fr\/auteur\/metropoop\" title=\"Consulter tous les articles de R\u00e9daction M\u00e9tropolitain\" target=\"_blank\" rel=\"noopener\">R\u00e9daction M\u00e9tropolitain<\/a><br \/>\n                    <\/strong><\/p>\n<p>        Publi\u00e9 le<\/p>\n<p>            24 nov. 2025 \u00e0 16h55        <\/p>\n<p>GB I Guyle\u0300ne Berge\u0301 Immobilier et La Foncie\u0300re Berge\u0301 re\u0301ite\u0300rent leur engagement aupre\u0300s des \u00ab\u00a0Supers He\u0301ros au Grand C\u0153ur\u00a0\u00bb pour les <strong>enfants hospitalise\u0301s<\/strong> : L\u2019objectif ? De\u0301passer les 2 500 jouets collect\u00e9s.<\/p>\n<p class=\" wall-content\">Apre\u0300s une e\u0301dition pre\u0301ce\u0301dente couronne\u0301e de succe\u0300s, en 2024, qui avait permis de distribuer un total impressionnant de <strong>2 500 jouets<\/strong> a\u0300 l\u2019association \u00ab\u00a0Les Supers He\u0301ros au Grand C\u0153ur\u00a0\u00bb, les entreprises montpellie\u0301raines GB I Guyle\u0300ne Berge\u0301 immobilier et La Foncie\u0300re Berge\u0301 relancent leur initiative solidaire. \u00a0Du vendredi 12 au dimanche 14 de\u0301cembre 2025 inclus, une <strong>grande collecte<\/strong> de jouets sera organise\u0301e dans la re\u0301gion, afin d\u2019offrir un moment de joie et de re\u0301confort aux enfants hospitalise\u0301s.<\/p>\n<p>    <a href=\"https:\/\/www.google.com\/maps\/embed?pb=!1m18!1m12!1m3!1d3272.2671664702866!2d3.91418488881562!3d43.618204882861015!2m3!1f0!2f0!3f0!3m2!1i1024!2i768!4f13.1!3m3!1m2!1s0x12b6a59aab8c0c15%3A0x67a78ba5730cb6a5!2s256%20Rue%20de%20Thor%2C%2034000%20Montpellier!5e0!3m2!1sfr!2sfr!4v1763999096910!5m2!1sfr!2sfr\" title=\"Ouvrie le lien\" target=\"_blank\" rel=\"noopener\">Cliquez ici pour visualiser le contenu<\/a><\/p>\n<p class=\" wall-content\">Cette ope\u0301ration est rendue possible gra\u0302ce a\u0300 la ge\u0301ne\u0301reuse collaboration de plusieurs enseignes partenaires, qui ouvriront leurs portes pour accueillir vos dons. Dans l\u2019H\u00e9rault, rendez-vous dans les enseignes\u00a0GIFI a\u0300 Saint-Aune\u0300s, Juvignac, Pre\u0300s d\u2019Are\u0300nes \u00e0 Montpellier et Lattes, ainsi qu\u2019au magasin Joue\u0301Club a\u0300 Saint-Aune\u0300s.<\/p>\n<p>\u00ab\u00a0Valeurs de partage et de solidarit\u00e9\u00a0\u00bb<\/p>\n<p class=\" wall-content\">Pour ceux qui ne pourraient pas e\u0302tre disponibles durant ces trois jours, il est possible de de\u0301poser vos dons de\u0300s maintenant et jusqu\u2019au 14 de\u0301cembre dans les agences participantes. \u00c0 Montpellier, c\u2019est au 256 rue de Thor, dans le quartier du Mill\u00e9naire.<\/p>\n<p class=\" wall-content\">\u201cNous sommes profonde\u0301ment attache\u0301s aux valeurs de partage et de solidarite\u0301, surtout en cette pe\u0301riode de l\u2019anne\u0301e. En s\u2019associant aux \u2018Supers He\u0301ros au Grand C\u0153ur\u2019, nous souhaitons offrir un peu de magie et de re\u0301confort aux enfants hospitalise\u0301s,\u201d de\u0301clare Audrey Mula, directrice de l\u2019agence GB I Guyle\u0300ne Berge\u0301.<\/p>\n<p>Vid\u00e9os : en ce moment sur ActuFaites un don et partagez la joie des f\u00eates<\/p>\n<p class=\" wall-content\"><strong>GB I Guyle\u0300ne Berge\u0301 Immobilier<\/strong> est une agence immobilie\u0300re ou\u0300 l\u2019humain, l\u2019exigence et la confiance donnent vie a\u0300 chaque projet. Elle s\u2019associe a\u0300 La Foncie\u0300re Berge\u0301, spe\u0301cialise\u0301e dans la gestion immobilie\u0300re pour former un partenariat solide ancre\u0301 dans la re\u0301gion montpellie\u0301raine et engage\u0301 pour des actions socie\u0301tales.<\/p>\n<p>Votre r\u00e9gion, votre actu !<\/p>\n<p>Recevez chaque jour les infos qui comptent pour vous.<\/p>\n<p>\t<a href=\"https:\/\/actu.fr\/newsletter\" class=\"ac-btn ac-btn--corner ac-btn--medium ac-btn--blue800\" target=\"_blank\" rel=\"noopener\">S&rsquo;incrire<\/a><\/p>\n<p class=\" wall-content\"><strong>L\u2019association Les Super-He\u0301ros Grand C\u0153ur<\/strong> est engage\u0301e depuis plusieurs anne\u0301es pour distribuer des jouets aux enfants hospitalise\u0301s ou en situation de handicap partout en France, dans le but de leur offrir des instants d\u2019e\u0301vasion et de bonheur, notamment durant les pe\u0301riodes de fe\u0302tes. R\u00e9cemment, ces policiers d\u2019\u00e9lite du Raid, en activit\u00e9 ou \u00e0 la retraite ont offert un moment festif inoubliable pour les enfants malades ou bless\u00e9s admis \u00e0 l\u2019h\u00f4pital Arnaud de Villeneuve, sur le site du CHU de Montpellier.<\/p>\n<p>&gt; Pour plus d\u2019informations ou pour faire un don direct c\u2019est <a href=\"https:\/\/www.helloasso.com\/associations\/superherosgrandcoeur\/formulaires\/1\" target=\"_blank\" rel=\"noopener\">ici<\/a>\u00a0\u00a0<\/p>\n<p class=\" wall-content\">Personnalisez votre actualit\u00e9 en ajoutant vos villes et m\u00e9dias en favori avec <a href=\"https:\/\/moncompte.actu.fr\" title=\"D\u00e9couvez Mon Actu\" rel=\"nofollow noopener\" data-trk=\"{&quot;cta&quot;:{&quot;action&quot;:&quot;https:\\\/\\\/moncompte.actu.fr&quot;,&quot;category&quot;:&quot;mon compte&quot;,&quot;from&quot;:&quot;article footer&quot;,&quot;name&quot;:&quot;Mon actu&quot;,&quot;type&quot;:&quot;cta&quot;}}\" target=\"_blank\">Mon Actu<\/a>.<\/p>\n","protected":false},"excerpt":{"rendered":"Par R\u00e9daction M\u00e9tropolitain Publi\u00e9 le 24 nov. 2025 \u00e0 16h55 GB I Guyle\u0300ne Berge\u0301 Immobilier et La Foncie\u0300re&hellip;\n","protected":false},"author":2,"featured_media":555975,"comment_status":"","ping_status":"","sticky":false,"template":"","format":"standard","meta":{"footnotes":""},"categories":[9599],"tags":[1111,11,1719,1777,674,1011,27,2075,1305,2208,12,2680,25],"class_list":{"0":"post-555974","1":"post","2":"type-post","3":"status-publish","4":"format-standard","5":"has-post-thumbnail","7":"category-montpellier","8":"tag-actu","9":"tag-actualites","10":"tag-enfants","11":"tag-eu","12":"tag-europe","13":"tag-fr","14":"tag-france","15":"tag-gifi","16":"tag-lifestyle","17":"tag-montpellier","18":"tag-news","19":"tag-occitanie","20":"tag-republique-francaise"},"share_on_mastodon":{"url":"https:\/\/pubeurope.com\/@fr\/115606200417457034","error":""},"_links":{"self":[{"href":"https:\/\/www.europesays.com\/fr\/wp-json\/wp\/v2\/posts\/555974","targetHints":{"allow":["GET"]}}],"collection":[{"href":"https:\/\/www.europesays.com\/fr\/wp-json\/wp\/v2\/posts"}],"about":[{"href":"https:\/\/www.europesays.com\/fr\/wp-json\/wp\/v2\/types\/post"}],"author":[{"embeddable":true,"href":"https:\/\/www.europesays.com\/fr\/wp-json\/wp\/v2\/users\/2"}],"replies":[{"embeddable":true,"href":"https:\/\/www.europesays.com\/fr\/wp-json\/wp\/v2\/comments?post=555974"}],"version-history":[{"count":0,"href":"https:\/\/www.europesays.com\/fr\/wp-json\/wp\/v2\/posts\/555974\/revisions"}],"wp:featuredmedia":[{"embeddable":true,"href":"https:\/\/www.europesays.com\/fr\/wp-json\/wp\/v2\/media\/555975"}],"wp:attachment":[{"href":"https:\/\/www.europesays.com\/fr\/wp-json\/wp\/v2\/media?parent=555974"}],"wp:term":[{"taxonomy":"category","embeddable":true,"href":"https:\/\/www.europesays.com\/fr\/wp-json\/wp\/v2\/categories?post=555974"},{"taxonomy":"post_tag","embeddable":true,"href":"https:\/\/www.europesays.com\/fr\/wp-json\/wp\/v2\/tags?post=555974"}],"curies":[{"name":"wp","href":"https:\/\/api.w.org\/{rel}","templated":true}]}}