{"id":555980,"date":"2025-11-24T18:58:15","date_gmt":"2025-11-24T18:58:15","guid":{"rendered":"https:\/\/www.europesays.com\/fr\/555980\/"},"modified":"2025-11-24T18:58:15","modified_gmt":"2025-11-24T18:58:15","slug":"en-images-decouvrez-le-futur-centre-des-cultures-urbaines-a-rouen","status":"publish","type":"post","link":"https:\/\/www.europesays.com\/fr\/555980\/","title":{"rendered":"EN IMAGES &#8211; D\u00e9couvrez le futur centre des cultures urbaines \u00e0 Rouen"},"content":{"rendered":"<p>La M\u00e9tropole a d\u00e9voil\u00e9 le projet du futur centre des cultures urbaines qui sera construit sur l&rsquo;\u00eele Lacroix \u00e0 Rouen. Un projet de 4000 m\u00e8tres carr\u00e9s, qui int\u00e8gre le b\u00e2timent de l&rsquo;ancienne piscine Oc\u00e9ade, \u00e0 l&rsquo;abandon depuis 35 ans. Le centre abritera notamment un espace pour les sports de glisse.<\/p>\n<p>On sait maintenant \u00e0 quoi va ressembler le futur <strong>centre des cultures urbaines<\/strong> qui va voir le jour sur l&rsquo;\u00eele Lacroix \u00e0 Rouen, en lieu et place de l&rsquo;ancienne piscine Oc\u00e9ade, situ\u00e9e derri\u00e8re le centre sportif Guy Boissi\u00e8re. Une friche <strong>\u00e0 l&rsquo;abandon depuis 35 ans<\/strong>, et qui devrait bient\u00f4t devenir <strong>un centre sportif de 4000 m2<\/strong>. Ce complexe aquatique dernier cri \u00e0 la fin des ann\u00e9es 80 a ferm\u00e9 en 1991, apr\u00e8s \u00e0 peine deux ans d&rsquo;activit\u00e9. L&rsquo;\u00e9quipement n&rsquo;\u00e9tait pas rentable.<\/p>\n<p> <img decoding=\"async\" src=\"https:\/\/www.europesays.com\/fr\/wp-content\/uploads\/2025\/11\/1764010694_155_1280\" alt=\"illustration agrandir l'image\" style=\"--_image-preview:url('data:image\/jpeg;base64,\/9j\/2wBDACgcHiMeGSgjISMtKygwPGRBPDc3PHtYXUlkkYCZlo+AjIqgtObDoKrarYqMyP\/L2u71\/\/\/\/m8H\/\/\/\/6\/+b9\/\/j\/2wBDASstLTw1PHZBQXb4pYyl+Pj4+Pj4+Pj4+Pj4+Pj4+Pj4+Pj4+Pj4+Pj4+Pj4+Pj4+Pj4+Pj4+Pj4+Pj4+Pj4+Pj\/wAARCAAfACoDASIAAhEBAxEB\/8QAGAAAAwEBAAAAAAAAAAAAAAAAAAECAwT\/xAAYEAEBAQEBAAAAAAAAAAAAAAAAEQESAv\/EABUBAQEAAAAAAAAAAAAAAAAAAAAB\/8QAFREBAQAAAAAAAAAAAAAAAAAAABH\/2gAMAwEAAhEDEQA\/AOaHmK5PPKKnMVDhwCBwQKrkctIICIcVDgjOCNIUUf\/Z');\" loading=\"lazy\" fetchpriority=\"low\" class=\"svelte-1cksh76 rounded\" onload=\"this.__e=event\" onerror=\"this.__e=event\"\/> Le b\u00e2timent abandonn\u00e9 depuis 35 ans sera conserv\u00e9 mais recompos\u00e9 dans le projet. \u00a9 Radio France &#8211; Christine Wurtz  <\/p>\n<p>Le futur centre des cultures urbaines, tr\u00e8s attendu par les amateurs de sports de glisse, abritera <strong>un espace de 1.800 m2 sp\u00e9cialement d\u00e9di\u00e9 \u00e0 la pratique du skate<\/strong> mais aussi de la trottinette, du roller et du BMX. Un espace qui sera pens\u00e9 pour et avec les associations. Il y aura \u00e9galement une salle de danse, des terrains de basket, et des espaces pour le graff et le parkour, deux disciplines n\u00e9es dans la rue, ainsi qu&rsquo;un Club House et une salle de r\u00e9union. Parmi les trois projets en lice, c&rsquo;est celui de <strong>l&rsquo;architecte Jean-Pierre Lott<\/strong> qui a \u00e9t\u00e9 retenu.<\/p>\n<p> <img decoding=\"async\" src=\"https:\/\/www.europesays.com\/fr\/wp-content\/uploads\/2025\/11\/1764010695_106_1280\" alt=\"illustration agrandir l'image\" style=\"--_image-preview:url('data:image\/jpeg;base64,\/9j\/2wBDACgcHiMeGSgjISMtKygwPGRBPDc3PHtYXUlkkYCZlo+AjIqgtObDoKrarYqMyP\/L2u71\/\/\/\/m8H\/\/\/\/6\/+b9\/\/j\/2wBDASstLTw1PHZBQXb4pYyl+Pj4+Pj4+Pj4+Pj4+Pj4+Pj4+Pj4+Pj4+Pj4+Pj4+Pj4+Pj4+Pj4+Pj4+Pj4+Pj4+Pj\/wAARCAAiACoDASIAAhEBAxEB\/8QAGAAAAwEBAAAAAAAAAAAAAAAAAAIDAQT\/xAAYEAEBAQEBAAAAAAAAAAAAAAAAARICEf\/EABYBAQEBAAAAAAAAAAAAAAAAAAABAv\/EABQRAQAAAAAAAAAAAAAAAAAAAAD\/2gAMAwEAAhEDEQA\/AIZGVPB4w2nkZU8bICWBhectyqI+mlQnZp0C0pojOjzoFY1KdN0DihoAoeGgCDWgCv\/Z');\" loading=\"lazy\" fetchpriority=\"low\" class=\"svelte-1cksh76 rounded\" onload=\"this.__e=event\" onerror=\"this.__e=event\"\/> Le futur espace de glisse de 1800 m2 sera pens\u00e9 pour et en concertation avec les int\u00e9ress\u00e9s. \u00a9 Aucun(e) &#8211; Agence Jean-Pierre Lott\/ IVAN ROBIN  <\/p>\n<p>Le\u00a0projet s&rsquo;inscrit dans celui plus global de la r\u00e9habilitation d&rsquo;un quartier vieillissant mais qui se transforme. Les espaces ext\u00e9rieurs seront aussi am\u00e9nag\u00e9s avec des pr\u00e9aux couverts, un gymnase, un jardin, et un parking. Co\u00fbt de l&rsquo;op\u00e9ration\u00a0: 18 millions d&rsquo;euros financ\u00e9s par la Ville, la M\u00e9tropole, l&rsquo;Etat, la R\u00e9gion et le D\u00e9partement.<\/p>\n","protected":false},"excerpt":{"rendered":"La M\u00e9tropole a d\u00e9voil\u00e9 le projet du futur centre des cultures urbaines qui sera construit sur l&rsquo;\u00eele Lacroix&hellip;\n","protected":false},"author":2,"featured_media":555981,"comment_status":"","ping_status":"","sticky":false,"template":"","format":"standard","meta":{"footnotes":""},"categories":[9587],"tags":[1111,11,1777,674,1011,27,12,5161,25,9590],"class_list":{"0":"post-555980","1":"post","2":"type-post","3":"status-publish","4":"format-standard","5":"has-post-thumbnail","7":"category-rouen","8":"tag-actu","9":"tag-actualites","10":"tag-eu","11":"tag-europe","12":"tag-fr","13":"tag-france","14":"tag-news","15":"tag-normandie","16":"tag-republique-francaise","17":"tag-rouen"},"share_on_mastodon":{"url":"https:\/\/pubeurope.com\/@fr\/115606214528795121","error":""},"_links":{"self":[{"href":"https:\/\/www.europesays.com\/fr\/wp-json\/wp\/v2\/posts\/555980","targetHints":{"allow":["GET"]}}],"collection":[{"href":"https:\/\/www.europesays.com\/fr\/wp-json\/wp\/v2\/posts"}],"about":[{"href":"https:\/\/www.europesays.com\/fr\/wp-json\/wp\/v2\/types\/post"}],"author":[{"embeddable":true,"href":"https:\/\/www.europesays.com\/fr\/wp-json\/wp\/v2\/users\/2"}],"replies":[{"embeddable":true,"href":"https:\/\/www.europesays.com\/fr\/wp-json\/wp\/v2\/comments?post=555980"}],"version-history":[{"count":0,"href":"https:\/\/www.europesays.com\/fr\/wp-json\/wp\/v2\/posts\/555980\/revisions"}],"wp:featuredmedia":[{"embeddable":true,"href":"https:\/\/www.europesays.com\/fr\/wp-json\/wp\/v2\/media\/555981"}],"wp:attachment":[{"href":"https:\/\/www.europesays.com\/fr\/wp-json\/wp\/v2\/media?parent=555980"}],"wp:term":[{"taxonomy":"category","embeddable":true,"href":"https:\/\/www.europesays.com\/fr\/wp-json\/wp\/v2\/categories?post=555980"},{"taxonomy":"post_tag","embeddable":true,"href":"https:\/\/www.europesays.com\/fr\/wp-json\/wp\/v2\/tags?post=555980"}],"curies":[{"name":"wp","href":"https:\/\/api.w.org\/{rel}","templated":true}]}}