{"id":555984,"date":"2025-11-24T19:00:17","date_gmt":"2025-11-24T19:00:17","guid":{"rendered":"https:\/\/www.europesays.com\/fr\/555984\/"},"modified":"2025-11-24T19:00:17","modified_gmt":"2025-11-24T19:00:17","slug":"ils-reclament-des-requisitions-de-logements","status":"publish","type":"post","link":"https:\/\/www.europesays.com\/fr\/555984\/","title":{"rendered":"ils r\u00e9clament des r\u00e9quisitions de logements"},"content":{"rendered":"<p>\u00ab\u00a0Rien ne nous d\u00e9couragera. Il y a 183 personnes qui occupent la M\u00e9tropole et parmi elles des femmes et des enfants. Il faut absolument que les maires r\u00e9quisitionnent des logements. Tant que l\u2019on n\u2019en aura pas, on ne bougera pas.\u00a0\u00bb<\/p>\n<p>Derri\u00e8re Mohamed Fofana, membre de \u201cSolidarit\u00e9 expulsions\u201d, ils sont des dizaines ce lundi \u00e0 marcher sous la pluie grenobloise en direction de la mairie. Plus de 200 personnes dont Kadiyatou, arriv\u00e9e en France en 2016.<\/p>\n<p>Femmes de m\u00e9nages, auxiliaires de vie, livreurs \u00e0 v\u00e9lo\u2026<\/p>\n<p>\u00ab\u00a0On est&#8230;<\/p>\n","protected":false},"excerpt":{"rendered":"\u00ab\u00a0Rien ne nous d\u00e9couragera. Il y a 183 personnes qui occupent la M\u00e9tropole et parmi elles des femmes&hellip;\n","protected":false},"author":2,"featured_media":555985,"comment_status":"","ping_status":"","sticky":false,"template":"","format":"standard","meta":{"footnotes":""},"categories":[9566],"tags":[1111,11,2430,9671,112,113,1777,674,1011,27,2731,2732,108,1908,1985,12,25,801,104],"class_list":{"0":"post-555984","1":"post","2":"type-post","3":"status-publish","4":"format-standard","5":"has-post-thumbnail","7":"category-grenoble","8":"tag-actu","9":"tag-actualites","10":"tag-auvergne-rhone-alpes","11":"tag-conflit-social","12":"tag-edition-grenoble-agglomeration","13":"tag-edition-gresivaudan-oisans","14":"tag-eu","15":"tag-europe","16":"tag-fr","17":"tag-france","18":"tag-grenoble","19":"tag-grenoble-bassin","20":"tag-isere","21":"tag-logement","22":"tag-metropole-de-grenoble","23":"tag-news","24":"tag-republique-francaise","25":"tag-social","26":"tag-societe"},"share_on_mastodon":{"url":"https:\/\/pubeurope.com\/@fr\/115606219853747171","error":""},"_links":{"self":[{"href":"https:\/\/www.europesays.com\/fr\/wp-json\/wp\/v2\/posts\/555984","targetHints":{"allow":["GET"]}}],"collection":[{"href":"https:\/\/www.europesays.com\/fr\/wp-json\/wp\/v2\/posts"}],"about":[{"href":"https:\/\/www.europesays.com\/fr\/wp-json\/wp\/v2\/types\/post"}],"author":[{"embeddable":true,"href":"https:\/\/www.europesays.com\/fr\/wp-json\/wp\/v2\/users\/2"}],"replies":[{"embeddable":true,"href":"https:\/\/www.europesays.com\/fr\/wp-json\/wp\/v2\/comments?post=555984"}],"version-history":[{"count":0,"href":"https:\/\/www.europesays.com\/fr\/wp-json\/wp\/v2\/posts\/555984\/revisions"}],"wp:featuredmedia":[{"embeddable":true,"href":"https:\/\/www.europesays.com\/fr\/wp-json\/wp\/v2\/media\/555985"}],"wp:attachment":[{"href":"https:\/\/www.europesays.com\/fr\/wp-json\/wp\/v2\/media?parent=555984"}],"wp:term":[{"taxonomy":"category","embeddable":true,"href":"https:\/\/www.europesays.com\/fr\/wp-json\/wp\/v2\/categories?post=555984"},{"taxonomy":"post_tag","embeddable":true,"href":"https:\/\/www.europesays.com\/fr\/wp-json\/wp\/v2\/tags?post=555984"}],"curies":[{"name":"wp","href":"https:\/\/api.w.org\/{rel}","templated":true}]}}