{"id":555990,"date":"2025-11-24T19:04:20","date_gmt":"2025-11-24T19:04:20","guid":{"rendered":"https:\/\/www.europesays.com\/fr\/555990\/"},"modified":"2025-11-24T19:04:20","modified_gmt":"2025-11-24T19:04:20","slug":"pour-la-science-ils-cherchent-1000-personnes-a-strasbourg-et-alentours","status":"publish","type":"post","link":"https:\/\/www.europesays.com\/fr\/555990\/","title":{"rendered":"pour la science, ils cherchent 1000 personnes \u00e0 Strasbourg et alentours"},"content":{"rendered":"<p>    <img loading=\"lazy\" width=\"1800\" height=\"900\" src=\"https:\/\/www.europesays.com\/fr\/wp-content\/uploads\/2025\/11\/jeanne-callthepolice.jpg\" class=\"attachment-full size-full\" alt=\"\" id=\"imageLove\" decoding=\"async\"  \/><\/p>\n<p id=\"breadcrumbs\"><a href=\"https:\/\/pokaa.fr\/\" target=\"_blank\" rel=\"noopener\">Accueil<\/a> \/ <a href=\"https:\/\/pokaa.fr\/categories\/actu\/\" target=\"_blank\" rel=\"noopener\">Info locale<\/a> \/ Grippe + Covid : pour la science, ils cherchent 1000 personnes \u00e0 Strasbourg et alentours<\/p>\n<p>                    Info locale<\/p>\n<p><b>Dispositif important dans le suivi et la pr\u00e9vention des \u00e9pid\u00e9mies respiratoires type grippe et Covid-19, Grippenet\/Covidnet lance son recrutement hivernal. Dans le Bas-Rhin, ce sont 1 000 personnes qui sont recherch\u00e9es pour alimenter anonymement la plateforme et surveiller l\u2019\u00e9volution de ces infections respiratoires.<\/b><\/p>\n<p class=\"p1\">L\u2019automne est d\u00e9sormais bien entam\u00e9 et \u00e0 mesure que les feuilles jaunissent et tombent des arbres, les virus s\u2019en donnent \u00e0 coeur joie sur nos petits corps. <b>L\u2019an dernier, l\u2019\u00e9pid\u00e9mie de grippe a par exemple \u00e9t\u00e9 l\u2019une des plus s\u00e9v\u00e8res depuis la derni\u00e8re pand\u00e9mie grippale de 2009<\/b>, avec pr\u00e8s de 2 millions de consultations dans les villes fran\u00e7aises, 30 000 hospitalisations apr\u00e8s passage aux urgences et environ 17 600 d\u00e9c\u00e8s dans l\u2019Hexagone <a href=\"https:\/\/www.santepubliquefrance.fr\/maladies-et-traumatismes\/maladies-et-infections-respiratoires\/grippe\/documents\/article\/surveillance-de-la-grippe-en-france-hexagonale-saison-2024-2025\" target=\"_blank\" rel=\"noopener\">selon Sant\u00e9 publique France<\/a>.<\/p>\n<p class=\"p1\">Alors que les infections respiratoires aigu\u00ebs (IRA) de type bronchiole, Covid et grippe reprennent du poil de la b\u00eate,<strong> il<\/strong><b> est toujours important de se faire vacciner si l\u2019on est une personne \u00e0 risque, mais \u00e9galement de travailler \u00e0 pr\u00e9venir ce type d\u2019infections<\/b>. Et c\u2019est l\u00e0 que le dispositif Grippenet\/Covidnet rentre en jeu.<\/p>\n<p>    <img width=\"800\" height=\"533\" src=\"https:\/\/www.europesays.com\/fr\/wp-content\/uploads\/2025\/11\/strasbourg-rue-covid-cathedrale-krutenau24.jpg\" class=\"attachment-image-size-L size-image-size-L\" alt=\"strasbourg rue covid cathe\u0301drale krutenau24\" decoding=\"async\" loading=\"lazy\"  \/>         \u00a9 Samuel Compion \/ Pokaa <\/p>\n<p>C\u2019est quoi Grippenet\/Covidnet ?<\/p>\n<p class=\"p1\">Grippenet\/Covidnet est un dispositif port\u00e9 par Sentinelles et Sant\u00e9 publique France, qui collecte des donn\u00e9es directement aupr\u00e8s de la population, sans passer par des h\u00f4pitaux ou des m\u00e9decins. <b>Une collecte anonyme des donn\u00e9es relatives \u00e0 ces infections, qui repose sur une mobilisation de personnes volontaires<\/b>. En 2025, 5 227 participant(e)s avaient particip\u00e9 au dispositif.<\/p>\n<p class=\"p1\">Concr\u00e8tement, cette collecte de donn\u00e9es permet d\u2019aider les chercheurs\/ses \u00e0 conna\u00eetre en temps r\u00e9el l\u2019\u00e9volution des infections respiratoires (pourcentage de personnes touch\u00e9es, sympt\u00f4mes, recours aux soins) et de fournir au grand public des informations sur l\u2019\u00e9volution des \u00e9pid\u00e9mies. <b>Sur la saison 2024-2025, 23% des participant(e)s ont d\u00e9clar\u00e9 au moins un \u00e9pisode de sympt\u00f4mes compatibles avec une IRA, alors que 37% ont consult\u00e9 un(e) professionnel(le) de sant\u00e9<\/b>. De plus, 60% ont d\u00e9clar\u00e9 s\u2019\u00eatre fait vacciner contre la grippe saisonni\u00e8re et 37% contre la Covid-19.<\/p>\n<p>    <img width=\"427\" height=\"600\" src=\"https:\/\/www.europesays.com\/fr\/wp-content\/uploads\/2025\/11\/capture-decran-2025-11-21-a-184815-427x600.png\" class=\"attachment-image-size-M size-image-size-M\" alt=\"grippenet covidnet\" decoding=\"async\" loading=\"lazy\"  \/>         \u00a9\u00a0NOIIZY \/ Document remis <\/p>\n<p>Dans le Bas-Rhin et \u00e0 Strasbourg, 1 000 personnes recherch\u00e9es : comment \u00e7a marche ?<\/p>\n<p class=\"p1\">Dans le Bas-Rhin, <strong>plus de 100 000 personnes sont amen\u00e9es \u00e0 consulter pour ce type d\u2019infections respiratoires aigu\u00ebs durant la saison hivernale<\/strong>. Au-del\u00e0 du dispositif Grippenet\/Covidnet, le d\u00e9partement est \u00e9galement au coeur d\u2019un projet plus grand, intitul\u00e9 SISP&amp;EaU. Sans les lourds acronymes, cela signifie que les\u00a0donn\u00e9es cliniques\u00a0sont\u00a0crois\u00e9es avec des donn\u00e9es virologiques pour plus de pr\u00e9cisions sur la surveillance des infections respiratoires.<\/p>\n<p class=\"p1\">Le dispositif recherche ainsi 1 000 personnes suppl\u00e9mentaires pour garnir sa cohorte. Pour s\u2019inscrire, c\u2019est assez simple, <a href=\"https:\/\/www.grippenet.fr\/fr\/\" target=\"_blank\" rel=\"noopener\">il suffit d\u2019aller sur ce site<\/a> (<strong>et il n\u2019y a pas besoin d\u2019\u00eatre malade<\/strong>). Il faut ensuite r\u00e9pondre \u00e0 un premier questionnaire, suivi d\u2019un autre sur la vaccination vis-\u00e0-vis de la grippe et de la Covid-19. <b>Par la suite, chaque semaine sera rythm\u00e9e d\u2019un nouveau questionnaire sur son \u00e9tat de sant\u00e9<\/b>. Le processus est compl\u00e8tement anonyme, seule l\u2019adresse mail est enregistr\u00e9e. Le tout, pour aider la science et la recherche.<\/p>\n","protected":false},"excerpt":{"rendered":"Accueil \/ Info locale \/ Grippe + Covid : pour la science, ils cherchent 1000 personnes \u00e0 Strasbourg&hellip;\n","protected":false},"author":2,"featured_media":555991,"comment_status":"","ping_status":"","sticky":false,"template":"","format":"standard","meta":{"footnotes":""},"categories":[2820],"tags":[1111,11,4400,1777,674,1011,27,775,29786,67345,63361,12,25,71,640],"class_list":{"0":"post-555990","1":"post","2":"type-post","3":"status-publish","4":"format-standard","5":"has-post-thumbnail","7":"category-strasbourg","8":"tag-actu","9":"tag-actualites","10":"tag-covid","11":"tag-eu","12":"tag-europe","13":"tag-fr","14":"tag-france","15":"tag-grand-est","16":"tag-grippe","17":"tag-grippenet","18":"tag-infections","19":"tag-news","20":"tag-republique-francaise","21":"tag-sante","22":"tag-strasbourg"},"share_on_mastodon":{"url":"https:\/\/pubeurope.com\/@fr\/115606236438059691","error":""},"_links":{"self":[{"href":"https:\/\/www.europesays.com\/fr\/wp-json\/wp\/v2\/posts\/555990","targetHints":{"allow":["GET"]}}],"collection":[{"href":"https:\/\/www.europesays.com\/fr\/wp-json\/wp\/v2\/posts"}],"about":[{"href":"https:\/\/www.europesays.com\/fr\/wp-json\/wp\/v2\/types\/post"}],"author":[{"embeddable":true,"href":"https:\/\/www.europesays.com\/fr\/wp-json\/wp\/v2\/users\/2"}],"replies":[{"embeddable":true,"href":"https:\/\/www.europesays.com\/fr\/wp-json\/wp\/v2\/comments?post=555990"}],"version-history":[{"count":0,"href":"https:\/\/www.europesays.com\/fr\/wp-json\/wp\/v2\/posts\/555990\/revisions"}],"wp:featuredmedia":[{"embeddable":true,"href":"https:\/\/www.europesays.com\/fr\/wp-json\/wp\/v2\/media\/555991"}],"wp:attachment":[{"href":"https:\/\/www.europesays.com\/fr\/wp-json\/wp\/v2\/media?parent=555990"}],"wp:term":[{"taxonomy":"category","embeddable":true,"href":"https:\/\/www.europesays.com\/fr\/wp-json\/wp\/v2\/categories?post=555990"},{"taxonomy":"post_tag","embeddable":true,"href":"https:\/\/www.europesays.com\/fr\/wp-json\/wp\/v2\/tags?post=555990"}],"curies":[{"name":"wp","href":"https:\/\/api.w.org\/{rel}","templated":true}]}}