{"id":555994,"date":"2025-11-24T19:06:13","date_gmt":"2025-11-24T19:06:13","guid":{"rendered":"https:\/\/www.europesays.com\/fr\/555994\/"},"modified":"2025-11-24T19:06:13","modified_gmt":"2025-11-24T19:06:13","slug":"les-consequences-avec-jacques-weber-le-debut-dune-trilogie","status":"publish","type":"post","link":"https:\/\/www.europesays.com\/fr\/555994\/","title":{"rendered":"\u00ab\u00a0Les cons\u00e9quences\u00a0\u00bb avec Jacques Weber : le d\u00e9but d&rsquo;une trilogie"},"content":{"rendered":"<p>\t\t\t\t\tCOUPS DE COEUR<\/p>\n<p>\t\t\t\t\t\tBy\u00a0<a href=\"https:\/\/www.le-mensuel.com\/author\/claire-le-mensuel\/\" title=\"Articles par Claire Le Mensuel\" rel=\"author noopener\" target=\"_blank\">Claire Le Mensuel<\/a>\u00a0|\u00a024 novembre 2025<\/p>\n<p>Les cons\u00e9quences avec Jacques Weber<br \/>\n<strong style=\"font-size: 16px;\">th\u00e9\u00e2tre \/ th\u00e9\u00e2tre contemporain<\/strong><\/p>\n<p>\u00a0<\/p>\n<p>Les cons\u00e9quences de Pascal Rambert : Devenez t\u00e9moin de la vie qui va<\/p>\n<p>\u00a0<\/p>\n<p>Dans une sorte de <b>th\u00e9\u00e2tre de la vie grandeur nature<\/b>, Pascal Rambert nous propose de suivre \u00ab\u00a0une famille\u00a0\u00bb de 11 com\u00e9diens dans la d\u00e9clinaison d\u2019un quotidien somme toute banal, mais qui confine pourtant \u00e0 la philosophie. Avec <b>Les cons\u00e9quences<\/b>, le metteur en sc\u00e8ne \u2013 dont l\u2019\u0153uvre est traduite dans plus de 40 langues \u2013 ouvre un <b>nouveau triptyque th\u00e9\u00e2tral qui se d\u00e9ploiera jusqu\u2019en 2029<\/b> et qui, \u00e0 raison d\u2019un chapitre tous les 2 ans, nous donnera \u00e0 contempler l\u2019\u00e9volution de cette troupe interg\u00e9n\u00e9rationnelle, compos\u00e9e des m\u00eames acteurs. Immanquablement, <b>les plus jeunes vont grandir et les plus \u00e2g\u00e9s, vieillir<\/b>. Et c\u2019est ainsi que se noue entre artistes et public un pacte de la vie qui va, aussi bien sur les planches que dans la salle.<\/p>\n<p>Le titre de ce premier volet \u2013 Les cons\u00e9quences \u2013 est explicite : les membres de cette famille, men\u00e9s par les deux a\u00een\u00e9s Maril\u00fa et Jacques, font face aux cons\u00e9quences de leurs actes. On se demande, avec eux, <b>comment r\u00e9agir aux trag\u00e9dies et aux drames<\/b> tout en appr\u00e9ciant les joies et les choix superbes.<\/p>\n<p>\u00a0<\/p>\n<\/p>\n<p>\u00a0<\/p>\n<p>Sur sc\u00e8ne, <b>Pascal Rambert a r\u00e9uni son propre \u00ab\u00a0clan\u00a0\u00bb de com\u00e9diens de c\u0153ur<\/b>, des artistes avec qui il collabore de longue date, comme <b>Jacques Weber, Audrey Bonnet, Stanislas Nordey ou encore Anne Brochet<\/b>. Au fil de ses cr\u00e9ations, l\u2019auteur de th\u00e9\u00e2tre n\u2019a cess\u00e9 de <b>s\u2019interroger sur les relations humaines, entre violence et richesse<\/b>. Avec cette pi\u00e8ce, tous poursuivent cette exploration en pla\u00e7ant sous le microscope \u2013 ou plut\u00f4t \u00ab\u00a0sous vide\u00a0\u00bb, dans cette grande tente blanche \u00e9clair\u00e9e d\u2019une lumi\u00e8re crue, fa\u00e7on laboratoire \u2013 <b>ces instants de vie o\u00f9 tout peut basculer<\/b> \u00e0 cause d\u2019un mot de trop, d\u2019un geste inconvenant ou d\u2019un \u00e9v\u00e8nement impr\u00e9vu. Il faut alors composer, reconstruire, faire face, puis le cycle des g\u00e9n\u00e9rations se perp\u00e9tue, <b>les souvenirs s\u2019effacent et les \u00e9preuves recommencent<\/b>. Rendez-vous du 17 au 19 d\u00e9cembre 2025 au Th\u00e9\u00e2tre National de Nice pour une 1\u00e8re rencontre avec Les cons\u00e9quences, avant de d\u00e9couvrir Les \u00e9motions et La bont\u00e9, en 2027 et 2029\u2026<\/p>\n<p>\u00a0<\/p>\n<p style=\"text-align: right;\">\u00a9 Claire Thiebaut pour Le Mensuel \/ Photo DR<\/p>\n<p>\u00a0<\/p>\n<p><a href=\"https:\/\/www.le-mensuel.com\/category\/coups-de-coeur\/theatre\/\" target=\"_blank\" rel=\"noopener\">\u21b5 Retour vers la rubrique \u00ab\u00a0th\u00e9\u00e2tre\u00a0\u00bb<\/a><\/p>\n<p>\u00a0<\/p>\n<p>\u00a0<\/p>\n","protected":false},"excerpt":{"rendered":"COUPS DE COEUR By\u00a0Claire Le Mensuel\u00a0|\u00a024 novembre 2025 Les cons\u00e9quences avec Jacques Weber th\u00e9\u00e2tre \/ th\u00e9\u00e2tre contemporain \u00a0&hellip;\n","protected":false},"author":2,"featured_media":555995,"comment_status":"","ping_status":"","sticky":false,"template":"","format":"standard","meta":{"footnotes":""},"categories":[2819],"tags":[1111,11,1777,674,1011,27,12,2401,882,25],"class_list":{"0":"post-555994","1":"post","2":"type-post","3":"status-publish","4":"format-standard","5":"has-post-thumbnail","7":"category-nice","8":"tag-actu","9":"tag-actualites","10":"tag-eu","11":"tag-europe","12":"tag-fr","13":"tag-france","14":"tag-news","15":"tag-nice","16":"tag-provence-alpes-cote-dazur","17":"tag-republique-francaise"},"share_on_mastodon":{"url":"https:\/\/pubeurope.com\/@fr\/115606245074899027","error":""},"_links":{"self":[{"href":"https:\/\/www.europesays.com\/fr\/wp-json\/wp\/v2\/posts\/555994","targetHints":{"allow":["GET"]}}],"collection":[{"href":"https:\/\/www.europesays.com\/fr\/wp-json\/wp\/v2\/posts"}],"about":[{"href":"https:\/\/www.europesays.com\/fr\/wp-json\/wp\/v2\/types\/post"}],"author":[{"embeddable":true,"href":"https:\/\/www.europesays.com\/fr\/wp-json\/wp\/v2\/users\/2"}],"replies":[{"embeddable":true,"href":"https:\/\/www.europesays.com\/fr\/wp-json\/wp\/v2\/comments?post=555994"}],"version-history":[{"count":0,"href":"https:\/\/www.europesays.com\/fr\/wp-json\/wp\/v2\/posts\/555994\/revisions"}],"wp:featuredmedia":[{"embeddable":true,"href":"https:\/\/www.europesays.com\/fr\/wp-json\/wp\/v2\/media\/555995"}],"wp:attachment":[{"href":"https:\/\/www.europesays.com\/fr\/wp-json\/wp\/v2\/media?parent=555994"}],"wp:term":[{"taxonomy":"category","embeddable":true,"href":"https:\/\/www.europesays.com\/fr\/wp-json\/wp\/v2\/categories?post=555994"},{"taxonomy":"post_tag","embeddable":true,"href":"https:\/\/www.europesays.com\/fr\/wp-json\/wp\/v2\/tags?post=555994"}],"curies":[{"name":"wp","href":"https:\/\/api.w.org\/{rel}","templated":true}]}}