{"id":5560,"date":"2025-04-06T15:03:10","date_gmt":"2025-04-06T15:03:10","guid":{"rendered":"https:\/\/www.europesays.com\/fr\/5560\/"},"modified":"2025-04-06T15:03:10","modified_gmt":"2025-04-06T15:03:10","slug":"5-etrangers-en-situation-irreguliere-se-sont-echappes-du-centre-de-retention-administrative-du-canet-a-marseille","status":"publish","type":"post","link":"https:\/\/www.europesays.com\/fr\/5560\/","title":{"rendered":"5 \u00e9trangers en situation irr\u00e9guli\u00e8re se sont \u00e9chapp\u00e9s du centre de r\u00e9tention administrative du Canet \u00e0 Marseille"},"content":{"rendered":"<p>Le mat\u00e9riel d\u2019\u00e9vasion jet\u00e9 par-dessus les barbel\u00e9s dans le <a href=\"https:\/\/www.laprovence.com\/article\/faits-divers-justice\/1500477590587515\/a-marseille-du-materiel-d-evasion-jete-par-dessus-les-barbeles-dans-le-centre-de-retention-administrative\" target=\"_blank\" rel=\"noopener\">centre de r\u00e9tention administrative du Canet<\/a> dans la nuit du mercredi\u00a02 au jeudi 3\u00a0avril, a manifestement rapidement trouv\u00e9 usage. Plusieurs paquets contenant des lames de scie \u00e0 m\u00e9taux, des tournevis et une tenaille avaient \u00e9t\u00e9 saisis par la police aussit\u00f4t apr\u00e8s les jets d\u2019objets. Mais l\u2019\u00e9vasion de plusieurs \u00e9trangers retenus au CRA dans l\u2019attente de leur expulsion du territoire fran\u00e7ais, peut laisser penser que quelques outils avaient quand m\u00eame pu \u00eatre r\u00e9cup\u00e9r\u00e9s par leurs destinataires avant l\u2019intervention des forces de l\u2019ordre.<\/p>\n<p>Dans la nuit du vendredi\u00a04 au samedi 5\u00a0avril dernier, cinq ressortissants alg\u00e9riens sont en effet parvenus \u00e0 s\u2019\u00e9chapper du CRA du Canet, dans le 5e arrondissement de <a href=\"https:\/\/www.laprovence.com\/region\/Edition-marseille\" target=\"_blank\" rel=\"noopener\">Marseille<\/a>. Deux d\u2019entre eux ont \u00e9t\u00e9 intercept\u00e9s alors qu\u2019ils avaient \u00e0 peine mis un pied dehors. Un troisi\u00e8me a r\u00e9ussi \u00e0 rejoindre le centre-ville, avant d\u2019\u00eatre <a href=\"https:\/\/www.laprovence.com\/article\/faits-divers-justice\/7117365047198514\/surveillance-par-drone-du-centre-de-retention-a-marseille-la-prefecture-de-police-persiste-et-signe\" target=\"_blank\" rel=\"noopener\">rep\u00e9r\u00e9<\/a> par une patrouille et interpell\u00e9. Mais deux des cinq fuyards manquaient toujours \u00e0 l\u2019appel ce samedi soir 5\u00a0avril.<\/p>\n<p>Les deux hommes sont activement recherch\u00e9s par la police.<\/p>\n","protected":false},"excerpt":{"rendered":"Le mat\u00e9riel d\u2019\u00e9vasion jet\u00e9 par-dessus les barbel\u00e9s dans le centre de r\u00e9tention administrative du Canet dans la nuit&hellip;\n","protected":false},"author":2,"featured_media":5561,"comment_status":"","ping_status":"","sticky":false,"template":"","format":"standard","meta":{"footnotes":""},"categories":[2814],"tags":[17,1111,11,3335,3334,3331,1777,674,274,1011,27,3332,884,12,882,25,1447,3333],"class_list":{"0":"post-5560","1":"post","2":"type-post","3":"status-publish","4":"format-standard","5":"has-post-thumbnail","7":"category-marseille","8":"tag-17","9":"tag-actu","10":"tag-actualites","11":"tag-centre","12":"tag-echappes","13":"tag-etrangers","14":"tag-eu","15":"tag-europe","16":"tag-faits-divers-justice","17":"tag-fr","18":"tag-france","19":"tag-irreguliere","20":"tag-marseille","21":"tag-news","22":"tag-provence-alpes-cote-dazur","23":"tag-republique-francaise","24":"tag-situation","25":"tag-sont"},"share_on_mastodon":{"url":"https:\/\/pubeurope.com\/@fr\/114291631975363343","error":""},"_links":{"self":[{"href":"https:\/\/www.europesays.com\/fr\/wp-json\/wp\/v2\/posts\/5560","targetHints":{"allow":["GET"]}}],"collection":[{"href":"https:\/\/www.europesays.com\/fr\/wp-json\/wp\/v2\/posts"}],"about":[{"href":"https:\/\/www.europesays.com\/fr\/wp-json\/wp\/v2\/types\/post"}],"author":[{"embeddable":true,"href":"https:\/\/www.europesays.com\/fr\/wp-json\/wp\/v2\/users\/2"}],"replies":[{"embeddable":true,"href":"https:\/\/www.europesays.com\/fr\/wp-json\/wp\/v2\/comments?post=5560"}],"version-history":[{"count":0,"href":"https:\/\/www.europesays.com\/fr\/wp-json\/wp\/v2\/posts\/5560\/revisions"}],"wp:featuredmedia":[{"embeddable":true,"href":"https:\/\/www.europesays.com\/fr\/wp-json\/wp\/v2\/media\/5561"}],"wp:attachment":[{"href":"https:\/\/www.europesays.com\/fr\/wp-json\/wp\/v2\/media?parent=5560"}],"wp:term":[{"taxonomy":"category","embeddable":true,"href":"https:\/\/www.europesays.com\/fr\/wp-json\/wp\/v2\/categories?post=5560"},{"taxonomy":"post_tag","embeddable":true,"href":"https:\/\/www.europesays.com\/fr\/wp-json\/wp\/v2\/tags?post=5560"}],"curies":[{"name":"wp","href":"https:\/\/api.w.org\/{rel}","templated":true}]}}