{"id":556004,"date":"2025-11-24T19:11:13","date_gmt":"2025-11-24T19:11:13","guid":{"rendered":"https:\/\/www.europesays.com\/fr\/556004\/"},"modified":"2025-11-24T19:11:13","modified_gmt":"2025-11-24T19:11:13","slug":"bordeaux-previsions-meteo-du-lundi-24-novembre-2025","status":"publish","type":"post","link":"https:\/\/www.europesays.com\/fr\/556004\/","title":{"rendered":"Bordeaux : pr\u00e9visions m\u00e9t\u00e9o du lundi 24 novembre 2025"},"content":{"rendered":"<p>\u00c0 Bordeaux, la journ\u00e9e du lundi 24 novembre 2025 sera marqu\u00e9e par des pluies continues et un temps frais, avec des temp\u00e9ratures stables autour de 10 \u00e0 11\u00b0C et un vent mod\u00e9r\u00e9. L\u2019humidit\u00e9 \u00e9lev\u00e9e restera pr\u00e9sente tout au long de la journ\u00e9e.<\/p>\n<p>    Alerte en cours<\/p>\n<p>La Gironde est plac\u00e9e aujourd\u2019hui en vigilance <b>Jaune pluie<\/b> depuis 00 h. Les averses r\u00e9p\u00e9t\u00e9es peuvent provoquer des ruissellements sur les chauss\u00e9es et entra\u00eener des ralentissements sur les rocades bordelaises, en particulier aux heures de pointe.<\/p>\n<p>Il est donc recommand\u00e9 de limiter les d\u00e9placements non essentiels, d\u2019adapter sa vitesse et de prot\u00e9ger caves ou \u00e9quipements sensibles \u00e0 l\u2019humidit\u00e9.<\/p>\n<ul>\n<li>D\u00e9sengorger les goutti\u00e8res et les bouches d\u2019\u00e9gout.<\/li>\n<li>R\u00e9duire la vitesse en voiture et doubler les distances de s\u00e9curit\u00e9.<\/li>\n<li>Privil\u00e9gier des v\u00eatements imperm\u00e9ables pour les trajets \u00e0 pied.<\/li>\n<\/ul>\n<p>Consultez en temps r\u00e9el les consignes sur notre <a href=\"https:\/\/www.meteocity.com\/france\/alertes\" target=\"_blank\" rel=\"noopener\">page d\u00e9di\u00e9e aux alertes m\u00e9t\u00e9orologiques<\/a>.<\/p>\n<p>Matin\u00e9e : pluies persistantes d\u00e8s l\u2019aube<\/p>\n<p>Le soleil se l\u00e8ve \u00e0 08 h 11, mais reste dissimul\u00e9 derri\u00e8re un ciel gris uniforme. \u00c0 09 h, la pluie tombe de fa\u00e7on mod\u00e9r\u00e9e, avec d\u00e9j\u00e0 <b>2,8 mm<\/b> relev\u00e9s.<\/p>\n<p>La temp\u00e9rature affiche <b>11 \u00b0C<\/b>, pour un ressenti identique. L\u2019humidit\u00e9 atteint <b>97 %<\/b>, et la pression recule \u00e0 1 004 hPa. Le vent d\u2019Ouest souffle faiblement \u00e0 <b>5 km\/h<\/b>, insuffisant pour s\u00e9cher les chauss\u00e9es. Prudence sur les pistes cyclables glissantes.<\/p>\n<p>Apr\u00e8s-midi : pluie et vent se renforcent<\/p>\n<p>Vers 15 h, la perturbation persiste : une nouvelle lame d\u2019eau apporte <b>3,7 mm<\/b> suppl\u00e9mentaires. La temp\u00e9rature reste stable \u00e0 <b>11 \u00b0C<\/b>, mais demeure fra\u00eeche sous les nuages.<\/p>\n<p>L\u2019humidit\u00e9 reste \u00e9lev\u00e9e, \u00e0 <b>91 %<\/b>. La pression poursuit sa baisse, atteignant 1 002 hPa. Le vent de Nord-Ouest se renforce \u00e0 <b>22 km\/h<\/b> ; cette brise rafra\u00eechit l\u2019atmosph\u00e8re et accentue la sensation d\u2019humidit\u00e9. Il est conseill\u00e9 de garder un parapluie solide et de privil\u00e9gier des v\u00eatements respirants.<\/p>\n<p>Soir\u00e9e : accalmie relative avant la nuit<\/p>\n<p>Le soleil se couche \u00e0 17 h 26 derri\u00e8re un rideau nuageux. En soir\u00e9e, les pluies deviennent \u00e9parses et faiblement mesurables, offrant un r\u00e9pit aux pi\u00e9tons.<\/p>\n<p>Le thermom\u00e8tre descend \u00e0 <b>9 \u00b0C<\/b>, avec un ressenti de <b>7 \u00b0C<\/b>. L\u2019humidit\u00e9 chute \u00e0 72 %, tandis que la pression remonte \u00e0 1 007 hPa, signe d\u2019une am\u00e9lioration progressive. Le vent d\u2019Ouest-Nord-Ouest souffle \u00e0 <b>20 km\/h<\/b>, suffisant pour rafra\u00eechir les terrasses encore ouvertes.<\/p>\n<p>Tendance pour le mardi 25 novembre<\/p>\n<p>La perturbation s\u2019\u00e9loigne mais laisse une tra\u00eene humide. \u00c0 l\u2019aube, il fera <b>6 \u00b0C<\/b> sous une bruine l\u00e9g\u00e8re. Le mercure grimpera jusqu\u2019\u00e0 <b>10 \u00b0C<\/b> dans l\u2019apr\u00e8s-midi, avec une probabilit\u00e9 de pluie encore \u00e9lev\u00e9e \u00e0 <b>84 %<\/b> et un cumul attendu de 2,2 mm.<\/p>\n<p>Le vent, mod\u00e9r\u00e9 de Nord-Ouest, atteindra <b>23 km\/h<\/b>. La pression remontera autour de 1 014 hPa, gage d\u2019un temps plus stable pour la seconde partie de semaine. Pour organiser vos sorties, retrouvez le d\u00e9tail heure par heure sur <a href=\"https:\/\/www.meteocity.com\/france\/bordeaux-v3031582\" target=\"_blank\" rel=\"noopener\">notre bulletin complet<\/a>.<\/p>\n<ul>\n<li>Minima ressentis : <b>4 \u00b0C<\/b> t\u00f4t le matin, une couche isolante est conseill\u00e9e.<\/li>\n<li>Pas de rafales dangereuses attendues, mais parapluie recommand\u00e9.<\/li>\n<li>Pression plus \u00e9lev\u00e9e, ce qui r\u00e9duit le risque d\u2019averses pour le week-end.<\/li>\n<\/ul>\n<p>Enfin, l\u2019encha\u00eenement d\u2019\u00e9pisodes pluvieux rapproch\u00e9s illustre la tendance observ\u00e9e par le GIEC : des pr\u00e9cipitations automnales plus intenses sous l\u2019effet du r\u00e9chauffement. Restons vigilants et adaptatifs.<\/p>\n","protected":false},"excerpt":{"rendered":"\u00c0 Bordeaux, la journ\u00e9e du lundi 24 novembre 2025 sera marqu\u00e9e par des pluies continues et un temps&hellip;\n","protected":false},"author":2,"featured_media":556005,"comment_status":"","ping_status":"","sticky":false,"template":"","format":"standard","meta":{"footnotes":""},"categories":[2817],"tags":[1111,11,1997,1777,674,1011,27,12,2219,25],"class_list":{"0":"post-556004","1":"post","2":"type-post","3":"status-publish","4":"format-standard","5":"has-post-thumbnail","7":"category-bordeaux","8":"tag-actu","9":"tag-actualites","10":"tag-bordeaux","11":"tag-eu","12":"tag-europe","13":"tag-fr","14":"tag-france","15":"tag-news","16":"tag-nouvelle-aquitaine","17":"tag-republique-francaise"},"share_on_mastodon":{"url":"https:\/\/pubeurope.com\/@fr\/115606263804856406","error":""},"_links":{"self":[{"href":"https:\/\/www.europesays.com\/fr\/wp-json\/wp\/v2\/posts\/556004","targetHints":{"allow":["GET"]}}],"collection":[{"href":"https:\/\/www.europesays.com\/fr\/wp-json\/wp\/v2\/posts"}],"about":[{"href":"https:\/\/www.europesays.com\/fr\/wp-json\/wp\/v2\/types\/post"}],"author":[{"embeddable":true,"href":"https:\/\/www.europesays.com\/fr\/wp-json\/wp\/v2\/users\/2"}],"replies":[{"embeddable":true,"href":"https:\/\/www.europesays.com\/fr\/wp-json\/wp\/v2\/comments?post=556004"}],"version-history":[{"count":0,"href":"https:\/\/www.europesays.com\/fr\/wp-json\/wp\/v2\/posts\/556004\/revisions"}],"wp:featuredmedia":[{"embeddable":true,"href":"https:\/\/www.europesays.com\/fr\/wp-json\/wp\/v2\/media\/556005"}],"wp:attachment":[{"href":"https:\/\/www.europesays.com\/fr\/wp-json\/wp\/v2\/media?parent=556004"}],"wp:term":[{"taxonomy":"category","embeddable":true,"href":"https:\/\/www.europesays.com\/fr\/wp-json\/wp\/v2\/categories?post=556004"},{"taxonomy":"post_tag","embeddable":true,"href":"https:\/\/www.europesays.com\/fr\/wp-json\/wp\/v2\/tags?post=556004"}],"curies":[{"name":"wp","href":"https:\/\/api.w.org\/{rel}","templated":true}]}}