{"id":556014,"date":"2025-11-24T19:16:12","date_gmt":"2025-11-24T19:16:12","guid":{"rendered":"https:\/\/www.europesays.com\/fr\/556014\/"},"modified":"2025-11-24T19:16:12","modified_gmt":"2025-11-24T19:16:12","slug":"patinoire-spectacle-de-drones-village-des-enfants-le-programme-du-noel-marseillais-2025","status":"publish","type":"post","link":"https:\/\/www.europesays.com\/fr\/556014\/","title":{"rendered":"Patinoire, spectacle de drones, village des enfants&#8230; le programme du No\u00ebl marseillais 2025"},"content":{"rendered":"<p>Le grand sapin a fait son retour sur la Canebi\u00e8re et, avec lui, les effluves de vin chaud, caract\u00e9ristiques des f\u00eates de fin d\u2019ann\u00e9e. La <a href=\"https:\/\/www.laprovence.com\/article\/region\/98024822864709\/la-foire-aux-santons-revient-sur-le-vieux-port-a-marseille-avec-21-artisans-presents\" target=\"_blank\" rel=\"noopener\">223e Foire aux santons<\/a> a d\u00e9j\u00e0 investi le quai du Port, une vingtaine de stands et des ateliers de fabrication sont \u00e0 retrouver tous les jours, de 10\u00a0h \u00e0 19\u00a0h (20 h les vendredis et samedis).<\/p>\n<p>En bas de la Canebi\u00e8re, le <a href=\"https:\/\/www.laprovence.com\/article\/sortie-loisirs\/8935211075436814\/foire-aux-santons-marche-de-noel-patinoire-ce-qui-vous-attend-des-le-15-novembre-a-marseille\" target=\"_blank\" rel=\"noopener\">traditionnel march\u00e9 de No\u00ebl<\/a> d\u00e9ploie ses \u00e9tals du lundi au dimanche, de 10\u00a0h\u00a030 \u00e0 20\u00a0h (21\u00a0h les vendredis et samedis), avec 50 stands. \u00ab\u00a0On est l\u00e0 pour la premi\u00e8re fois avec nos bijoux\u00a0\u00bb, confie le timide Hanlni, 30\u00a0ans. Membre marseillais du collectif d\u2019artisans Explosion Inverse, il s\u2019ins\u00e8re aux c\u00f4t\u00e9s des autres commer\u00e7ants, chefs culinaires et associations solidaires.<\/p>\n<p>Dans les <a href=\"https:\/\/www.laprovence.com\/article\/region\/1229453756697315\/quartiers-de-marseille-le-panier-entre-nostalgie-et-resistance-au-surtourisme\" target=\"_blank\" rel=\"noopener\">ruelles du Panier (2e)<\/a> ou au Prado (8e), les illuminations viendront r\u00e9chauffer les c\u0153urs. Marseille brillera chaque soir \u00e0 partir de la soir\u00e9e de lancement, ce samedi 29\u00a0novembre, \u00e0 17 h. Le coup d\u2019envoi sera suivi d\u2019un concert d\u2019Ana\u00efs Delva, la c\u00e9l\u00e8bre voix fran\u00e7aise d\u2019Elsa, du dessin anim\u00e9 La Reine des neiges \u00e0 18 h, devant l\u2019h\u00f4tel de ville.<\/p>\n<p>Pour faciliter les d\u00e9placements des chalands lors des achats de No\u00ebl, <a href=\"https:\/\/www.laprovence.com\/article\/region\/1884952512823214\/ce-samedi-centre-ville-pieton-et-ouverture-de-la-patinoire-a-marseille\" target=\"_blank\" rel=\"noopener\">le centre-ville, de la place Castellane \u00e0 la Canebi\u00e8re, entre la rue de Rome et la rue Breteuil, sera pi\u00e9ton les dimanches 14 et 21\u00a0d\u00e9cembre.<\/a><\/p>\n<p>Piste de luge et spectacles gratuits<\/p>\n<p>Pour la premi\u00e8re fois, le Village des enfants sur l\u2019esplanade Bargemon (2e) se tiendra aussi sur la place de la Castellane (6e) et de l\u2019Op\u00e9ra (1er). Fid\u00e8le au rendez-vous, le P\u00e8re No\u00ebl sera de la partie tous les mercredis, samedis et dimanches de 10\u00a0h \u00e0 13\u00a0h et de 14\u00a0h \u00e0 20 h du 29\u00a0novembre au 20\u00a0d\u00e9cembre, puis tous les jours lors des vacances scolaires du 20\u00a0d\u00e9cembre au 4\u00a0janvier (m\u00eames horaires).<\/p>\n<p>C\u00f4t\u00e9 sports d\u2019hiver, la <a href=\"https:\/\/www.laprovence.com\/article\/region\/42124822736418\/marseille-une-patinoire-et-une-piste-de-luge-viennent-de-sinstaller-au-pied-de-la-mairie\" target=\"_blank\" rel=\"noopener\">patinoire \u00e9ph\u00e9m\u00e8re du Vieux-Port<\/a> et la piste de luge, sur le quai de la Fraternit\u00e9, ouvriront le samedi 13\u00a0d\u00e9cembre du lundi au jeudi de 10\u00a0h \u00e0 19\u00a0h, puis du vendredi au samedi de 10\u00a0h \u00e0 20\u00a0h (fermeture \u00e0 17\u00a0h le samedi 20\u00a0d\u00e9cembre pour cause de spectacle), pour profiter des joies de la glisse gratuitement.<\/p>\n<p>Pour les familles, plusieurs spectacles seront propos\u00e9s\u00a0: Aria, de la compagnie Zenit et son ballet a\u00e9rien sur l\u2019air des Quatre saisons de Vivaldi, sera \u00e0 d\u00e9couvrir en plein air samedi 13 d\u00e9cembre \u00e0 18 h, devant l\u2019h\u00f4tel de ville, et Sherlock Holmes, \u00e0 la rescousse de No\u00ebl se tiendra au Palais des Sports le mercredi 17\u00a0d\u00e9cembre.<\/p>\n<p>Point d\u2019orgue des festivit\u00e9s, le samedi 20\u00a0d\u00e9cembre, les curieux pourront en prendre plein les yeux et les oreilles avec un mapping g\u00e9ant sur l\u2019h\u00f4tel de ville \u00e0 partir de 17\u00a0h 30, puis le concert de Gospel Philharmonic Experience sur le quai de la Fraternit\u00e9 d\u00e8s 19\u00a0h, et un spectacle de drones et de feu d\u2019artifice \u00e0 19\u00a0h\u00a030 pour c\u00e9l\u00e9brer la magie marseillaise.<\/p>\n","protected":false},"excerpt":{"rendered":"Le grand sapin a fait son retour sur la Canebi\u00e8re et, avec lui, les effluves de vin chaud,&hellip;\n","protected":false},"author":2,"featured_media":556015,"comment_status":"","ping_status":"","sticky":false,"template":"","format":"standard","meta":{"footnotes":""},"categories":[2814],"tags":[17,1111,11,154,2024,1719,1777,674,1011,27,884,12,45643,5240,882,16,25,3140,6456],"class_list":{"0":"post-556014","1":"post","2":"type-post","3":"status-publish","4":"format-standard","5":"has-post-thumbnail","7":"category-marseille","8":"tag-17","9":"tag-actu","10":"tag-actualites","11":"tag-des","12":"tag-drones","13":"tag-enfants","14":"tag-eu","15":"tag-europe","16":"tag-fr","17":"tag-france","18":"tag-marseille","19":"tag-news","20":"tag-patinoire","21":"tag-programme","22":"tag-provence-alpes-cote-dazur","23":"tag-region","24":"tag-republique-francaise","25":"tag-spectacle","26":"tag-village"},"share_on_mastodon":{"url":"https:\/\/pubeurope.com\/@fr\/115606283068820741","error":""},"_links":{"self":[{"href":"https:\/\/www.europesays.com\/fr\/wp-json\/wp\/v2\/posts\/556014","targetHints":{"allow":["GET"]}}],"collection":[{"href":"https:\/\/www.europesays.com\/fr\/wp-json\/wp\/v2\/posts"}],"about":[{"href":"https:\/\/www.europesays.com\/fr\/wp-json\/wp\/v2\/types\/post"}],"author":[{"embeddable":true,"href":"https:\/\/www.europesays.com\/fr\/wp-json\/wp\/v2\/users\/2"}],"replies":[{"embeddable":true,"href":"https:\/\/www.europesays.com\/fr\/wp-json\/wp\/v2\/comments?post=556014"}],"version-history":[{"count":0,"href":"https:\/\/www.europesays.com\/fr\/wp-json\/wp\/v2\/posts\/556014\/revisions"}],"wp:featuredmedia":[{"embeddable":true,"href":"https:\/\/www.europesays.com\/fr\/wp-json\/wp\/v2\/media\/556015"}],"wp:attachment":[{"href":"https:\/\/www.europesays.com\/fr\/wp-json\/wp\/v2\/media?parent=556014"}],"wp:term":[{"taxonomy":"category","embeddable":true,"href":"https:\/\/www.europesays.com\/fr\/wp-json\/wp\/v2\/categories?post=556014"},{"taxonomy":"post_tag","embeddable":true,"href":"https:\/\/www.europesays.com\/fr\/wp-json\/wp\/v2\/tags?post=556014"}],"curies":[{"name":"wp","href":"https:\/\/api.w.org\/{rel}","templated":true}]}}