{"id":556016,"date":"2025-11-24T19:17:15","date_gmt":"2025-11-24T19:17:15","guid":{"rendered":"https:\/\/www.europesays.com\/fr\/556016\/"},"modified":"2025-11-24T19:17:15","modified_gmt":"2025-11-24T19:17:15","slug":"la-ville-reclame-24-millions-deuros-damendes-pour-trois-multiproprietaires","status":"publish","type":"post","link":"https:\/\/www.europesays.com\/fr\/556016\/","title":{"rendered":"la ville r\u00e9clame 2,4 millions d&rsquo;euros d&rsquo;amendes pour trois multipropri\u00e9taires"},"content":{"rendered":"<p>La mairie les accuse d&rsquo;exploiter des meubl\u00e9s touristiques sans avoir d\u00e9clar\u00e9 le changement d&rsquo;usage des biens concern\u00e9s.<\/p>\n<p>La ville de Marseille a r\u00e9clam\u00e9 ce lundi la condamnation \u00e0 2,4 millions d&rsquo;euros d&rsquo;amendes civiles de trois multipropri\u00e9taires, pour l&rsquo;exploitation irr\u00e9guli\u00e8re d&rsquo;un total de 24 <a href=\"https:\/\/www.bfmtv.com\/marseille\/marseille-la-mairie-attaque-a-la-disqueuse-les-boites-a-cles-illegales-des-logements-airbnb_AV-202506170401.html\" title=\"Marseille: la mairie attaque \u00e0 la disqueuse les bo\u00eetes \u00e0 cl\u00e9s ill\u00e9gales des logements Airbnb\" class=\"internal_link\" target=\"_blank\" rel=\"noopener\">meubl\u00e9s touristiques<\/a> propos\u00e9s sur les plateformes de location.<\/p>\n<p>Par ces assignations devant un tribunal civil, la municipalit\u00e9 compte sur des sanctions financi\u00e8res exemplaires pour faire rentrer dans les clous les propri\u00e9taires de quelque 6.000 meubl\u00e9s touristiques exploit\u00e9s dans la deuxi\u00e8me ville de France en violation de la loi et des r\u00e8glements municipaux de plus en plus drastiques.<\/p>\n<p>Dans une ville qui compte d\u00e9j\u00e0 40.000 logements indignes, pr\u00e8s de 13.000 appartements sont identifi\u00e9s comme meubl\u00e9s touristiques propos\u00e9s sur des sites comme Airbnb ou Booking. C&rsquo;est jusqu&rsquo;\u00e0 11% du parc dans le quartier historique du Panier.<\/p>\n<p>\u00ab\u00a0En une ann\u00e9e, on a recens\u00e9 2.000 meubl\u00e9s saisonniers suppl\u00e9mentaires, donc ce sont 2.000 familles qui n&rsquo;ont pu profiter de ces logements\u00a0\u00bb, a d\u00e9plor\u00e9 l&rsquo;avocat de la ville, Me Jorge Mendes Constante, soulignant \u00ab\u00a0la valeur p\u00e9dagogique\u00a0\u00bb de cette premi\u00e8re salve de proc\u00e9dures.<\/p>\n<p><img decoding=\"async\" src=\"https:\/\/www.europesays.com\/fr\/wp-content\/uploads\/2025\/06\/principale-26_1.png\"  alt=\"Pourquoi Airbnb diversifie-t-elle ses activit\u00e9s?\" title=\"Pourquoi Airbnb diversifie-t-elle ses activit\u00e9s?\"\/>Pourquoi Airbnb diversifie-t-elle ses activit\u00e9s?Un changement d&rsquo;usage des logements non d\u00e9clar\u00e9<\/p>\n<p>La ville a ainsi sollicit\u00e9 la condamnation \u00e0 neuf fois 100.000 euros la soci\u00e9t\u00e9 d&rsquo;un promoteur parisien qui a transform\u00e9 en neuf meubl\u00e9s saisonniers le rez-de-chauss\u00e9e et l&rsquo;appartement du premier \u00e9tage d&rsquo;un immeuble qu&rsquo;il a acquis dans le centre de Marseille. Comme les autres contrevenants assign\u00e9s, il n&rsquo;avait pas d\u00e9clar\u00e9 le changement d&rsquo;usage de ces logements. Pour chaque \u00ab\u00a0infraction\u00a0\u00bb, la Ville a r\u00e9clam\u00e9 le maximum de l&rsquo;amende encourue en forme de \u00ab\u00a0punition\u00a0\u00bb des contrevenants.<\/p>\n<p>\u00ab\u00a0Cette notion d&rsquo;exemplarit\u00e9 ne me plait pas, venant d&rsquo;une collectivit\u00e9 qui se comporte pire qu&rsquo;un procureur\u00a0\u00bb, a d\u00e9nonc\u00e9 l&rsquo;avocat du promoteur, Me Olivier Burtez. Selon lui, son client a tout de suite voulu \u00ab\u00a0s&rsquo;amender de sa faute\u00a0\u00bb, notamment en proc\u00e9dant \u00e0 une acquisition de locaux commerciaux pour en faire des habitations, une compensation pr\u00e9vue par la loi apr\u00e8s la transformation de logements en meubl\u00e9s touristiques.<\/p>\n<p>La ville a \u00e9galement r\u00e9clam\u00e9 le prononc\u00e9 d&rsquo;amendes civiles \u00e0 hauteur de 810.000 et 350.000 euros pour la conciergerie qui g\u00e9rait les logements d&rsquo;un chirurgien de P\u00e9rigueux ayant fait de la d\u00e9coupe immobili\u00e8re pour transformer six appartements en quatorze meubl\u00e9s touristiques. Un couple marseillais \u00e9tait assign\u00e9, l\u00e0 encore, pour l&rsquo;absence de changement d&rsquo;usage d&rsquo;un appartement dans un immeuble, de surcro\u00eet plac\u00e9 sous arr\u00eat\u00e9 de mise en s\u00e9curit\u00e9 et donc interdit \u00e0 la location. Toutes les d\u00e9cisions seront rendues le 2 f\u00e9vrier.<\/p>\n<p>Partager <\/p>\n","protected":false},"excerpt":{"rendered":"La mairie les accuse d&rsquo;exploiter des meubl\u00e9s touristiques sans avoir d\u00e9clar\u00e9 le changement d&rsquo;usage des biens concern\u00e9s. La&hellip;\n","protected":false},"author":2,"featured_media":556017,"comment_status":"","ping_status":"","sticky":false,"template":"","format":"standard","meta":{"footnotes":""},"categories":[2814],"tags":[1111,11,1777,674,1011,27,884,12,882,25],"class_list":{"0":"post-556016","1":"post","2":"type-post","3":"status-publish","4":"format-standard","5":"has-post-thumbnail","7":"category-marseille","8":"tag-actu","9":"tag-actualites","10":"tag-eu","11":"tag-europe","12":"tag-fr","13":"tag-france","14":"tag-marseille","15":"tag-news","16":"tag-provence-alpes-cote-dazur","17":"tag-republique-francaise"},"share_on_mastodon":{"url":"https:\/\/pubeurope.com\/@fr\/115606288101665986","error":""},"_links":{"self":[{"href":"https:\/\/www.europesays.com\/fr\/wp-json\/wp\/v2\/posts\/556016","targetHints":{"allow":["GET"]}}],"collection":[{"href":"https:\/\/www.europesays.com\/fr\/wp-json\/wp\/v2\/posts"}],"about":[{"href":"https:\/\/www.europesays.com\/fr\/wp-json\/wp\/v2\/types\/post"}],"author":[{"embeddable":true,"href":"https:\/\/www.europesays.com\/fr\/wp-json\/wp\/v2\/users\/2"}],"replies":[{"embeddable":true,"href":"https:\/\/www.europesays.com\/fr\/wp-json\/wp\/v2\/comments?post=556016"}],"version-history":[{"count":0,"href":"https:\/\/www.europesays.com\/fr\/wp-json\/wp\/v2\/posts\/556016\/revisions"}],"wp:featuredmedia":[{"embeddable":true,"href":"https:\/\/www.europesays.com\/fr\/wp-json\/wp\/v2\/media\/556017"}],"wp:attachment":[{"href":"https:\/\/www.europesays.com\/fr\/wp-json\/wp\/v2\/media?parent=556016"}],"wp:term":[{"taxonomy":"category","embeddable":true,"href":"https:\/\/www.europesays.com\/fr\/wp-json\/wp\/v2\/categories?post=556016"},{"taxonomy":"post_tag","embeddable":true,"href":"https:\/\/www.europesays.com\/fr\/wp-json\/wp\/v2\/tags?post=556016"}],"curies":[{"name":"wp","href":"https:\/\/api.w.org\/{rel}","templated":true}]}}