{"id":556020,"date":"2025-11-24T19:19:17","date_gmt":"2025-11-24T19:19:17","guid":{"rendered":"https:\/\/www.europesays.com\/fr\/556020\/"},"modified":"2025-11-24T19:19:17","modified_gmt":"2025-11-24T19:19:17","slug":"metropole-de-lyon-grosse-intervention-des-pompiers-dans-le-quartier-du-tonkin-que-sest-il-passe","status":"publish","type":"post","link":"https:\/\/www.europesays.com\/fr\/556020\/","title":{"rendered":"M\u00e9tropole de Lyon. Grosse intervention des pompiers dans le quartier du Tonkin\u00a0: que s\u2019est-il pass\u00e9\u00a0?"},"content":{"rendered":"<p>Ce lundi 24\u00a0novembre \u00e0 17\u00a0h\u00a030, les pompiers sont intervenus pour un incendie qui s\u2019est d\u00e9clar\u00e9 dans un appartement, au neuvi\u00e8me \u00e9tage d\u2019un immeuble situ\u00e9 3, rue Jacques Brel, dans le quartier du Tonkin \u00e0 Villeurbanne.<\/p>\n<p>Selon nos informations, 12 engins et 39 soldats du feu mobilis\u00e9, ce qui a permis d\u2019\u00e9teindre rapidement le feu.<\/p>\n<p>  Un pompier l\u00e9g\u00e8rement intoxiqu\u00e9<\/p>\n<p>Aucun bless\u00e9 n\u2019est \u00e0 d\u00e9plorer, m\u00eame si un sapeur-pompier a \u00e9t\u00e9 l\u00e9g\u00e8rement intoxiqu\u00e9 durant l\u2019intervention. Laquelle s\u2019est termin\u00e9e \u00e0 19\u00a0h\u00a020, sans qu\u2019aucun habitant n\u2019ait besoin d\u2019\u00eatre relog\u00e9.<\/p>\n<p>L\u2019origine des sinistres est pour l\u2019heure inconnue. La police \u00e9tait \u00e9galement pr\u00e9sente, laissant pr\u00e9sager l\u2019ouverture d\u2019une enqu\u00eate afin de faire toute la lumi\u00e8re sur les circonstances ayant men\u00e9 \u00e0 cet incident. Sans tirer de conclusions h\u00e2tives, il convient de rappeler que le quartier du Tonkin est &#8211; malheureusement &#8211; connu pour \u00eatre gangren\u00e9 par le narcotrafic.<\/p>\n","protected":false},"excerpt":{"rendered":"Ce lundi 24\u00a0novembre \u00e0 17\u00a0h\u00a030, les pompiers sont intervenus pour un incendie qui s\u2019est d\u00e9clar\u00e9 dans un appartement,&hellip;\n","protected":false},"author":2,"featured_media":556021,"comment_status":"","ping_status":"","sticky":false,"template":"","format":"standard","meta":{"footnotes":""},"categories":[1889],"tags":[1111,11,2430,2757,1777,674,274,1011,27,1310,2428,12,25,2429,6345,6346],"class_list":{"0":"post-556020","1":"post","2":"type-post","3":"status-publish","4":"format-standard","5":"has-post-thumbnail","7":"category-lyon","8":"tag-actu","9":"tag-actualites","10":"tag-auvergne-rhone-alpes","11":"tag-edition-lyon-villeurbanne","12":"tag-eu","13":"tag-europe","14":"tag-faits-divers-justice","15":"tag-fr","16":"tag-france","17":"tag-incendie","18":"tag-lyon","19":"tag-news","20":"tag-republique-francaise","21":"tag-rhone","22":"tag-villeurbanne","23":"tag-villeurbanne-bassin"},"share_on_mastodon":{"url":"https:\/\/pubeurope.com\/@fr\/115606294574258997","error":""},"_links":{"self":[{"href":"https:\/\/www.europesays.com\/fr\/wp-json\/wp\/v2\/posts\/556020","targetHints":{"allow":["GET"]}}],"collection":[{"href":"https:\/\/www.europesays.com\/fr\/wp-json\/wp\/v2\/posts"}],"about":[{"href":"https:\/\/www.europesays.com\/fr\/wp-json\/wp\/v2\/types\/post"}],"author":[{"embeddable":true,"href":"https:\/\/www.europesays.com\/fr\/wp-json\/wp\/v2\/users\/2"}],"replies":[{"embeddable":true,"href":"https:\/\/www.europesays.com\/fr\/wp-json\/wp\/v2\/comments?post=556020"}],"version-history":[{"count":0,"href":"https:\/\/www.europesays.com\/fr\/wp-json\/wp\/v2\/posts\/556020\/revisions"}],"wp:featuredmedia":[{"embeddable":true,"href":"https:\/\/www.europesays.com\/fr\/wp-json\/wp\/v2\/media\/556021"}],"wp:attachment":[{"href":"https:\/\/www.europesays.com\/fr\/wp-json\/wp\/v2\/media?parent=556020"}],"wp:term":[{"taxonomy":"category","embeddable":true,"href":"https:\/\/www.europesays.com\/fr\/wp-json\/wp\/v2\/categories?post=556020"},{"taxonomy":"post_tag","embeddable":true,"href":"https:\/\/www.europesays.com\/fr\/wp-json\/wp\/v2\/tags?post=556020"}],"curies":[{"name":"wp","href":"https:\/\/api.w.org\/{rel}","templated":true}]}}