{"id":556030,"date":"2025-11-24T19:25:28","date_gmt":"2025-11-24T19:25:28","guid":{"rendered":"https:\/\/www.europesays.com\/fr\/556030\/"},"modified":"2025-11-24T19:25:28","modified_gmt":"2025-11-24T19:25:28","slug":"on-connait-enfin-la-date-douverture-de-la-zone-reine-des-neiges-et-on-a-quelques-surprises","status":"publish","type":"post","link":"https:\/\/www.europesays.com\/fr\/556030\/","title":{"rendered":"On conna\u00eet enfin la date d\u2019ouverture de la zone \u00ab\u00a0Reine des neiges\u00a0\u00bb\u2026 Et on a quelques surprises"},"content":{"rendered":"<p>Chanceux que nous sommes, nous avons pu voir l\u2019avanc\u00e9e des travaux de la nouvelle extension <a href=\"https:\/\/www.20minutes.fr\/cinema\/reine-neiges\/\" class=\"c-link c-link--is-underlined\" target=\"_blank\" rel=\"noopener\">La Reine des Neiges<\/a> du parc Walt <a href=\"https:\/\/www.20minutes.fr\/dossier\/disneyland\" class=\"c-link c-link--is-underlined\" target=\"_blank\" rel=\"noopener\">Disney <\/a>Studio qui deviendra Disney Adventure World d\u00e8s l\u2019ouverture du royaume d\u2019Arendelle. En ce jour de novembre, une poign\u00e9e de journaliste dont nous, a pu s\u2019installer dans le nouveau restaurant \u00e0 th\u00e8me et d\u00e9couvrir les autres surprises que nous pr\u00e9pare Mickey\u2026. Comme faire le premier tour de l\u2019attraction RaiponceTangled Spin et m\u00eame faire l\u2019un des premier pipi dans les toilettes d\u2019Anna et Elsa.<\/p>\n<p>Depuis fin\u00a02022, tous les regards des visiteurs sont tourn\u00e9s vers les travaux de cette nouvelle partie du parc\u00a0: \u00ab\u00a0C\u2019est une nouvelle \u00e8re pour la premi\u00e8re destination touristique d\u2019<a href=\"https:\/\/www.20minutes.fr\/dossier\/europe\" class=\"c-link c-link--is-underlined\" target=\"_blank\" rel=\"noopener\">Europe<\/a>, faite d\u2019histoires plus immersives, d\u2019\u00e9motions plus fortes et de moments inoubliables. Port\u00e9 par notre plan d\u2019investissement de 2\u00a0milliards d\u2019euros, ce projet d\u2019extension refl\u00e8te une vision cr\u00e9ative audacieuse, rendue possible gr\u00e2ce au talent de <a href=\"https:\/\/www.20minutes.fr\/dossier\/walt_disney\" class=\"c-link c-link--is-underlined\" target=\"_blank\" rel=\"noopener\">Walt Disney<\/a> Imagineering et \u00e0 la passion de nos CastMembers\u00a0\u00bb explique Natacha Rafalski, Pr\u00e9sidente de Disneyland Paris.<\/p>\n<p>Surprises et confirmations<\/p>\n<p>D\u00e8s le 29\u00a0mars 2026, petits ou grands pourront se balader dans le monde d\u2019Olaf et ses amis. Mais comme souvent, Disneyland Paris nous r\u00e9serve quelques surprises qu\u2019ils ont r\u00e9ussi \u00e0 garder jusqu\u2019au dernier moment. Si nous \u00e9tions au courant qu\u2019un nouveau show nocturne allait \u00eatre propos\u00e9 sur le lac construit dans le nouveau land, un nouveau spectacle en journ\u00e9e attend aussi les visiteurs, avec en invit\u00e9 surprise, un robot Olaf \u00e0 retrouver dans le parc et le spectacle, plus vrai que nature, petit et mignon. \u00ab\u00a0Les festivit\u00e9s se poursuivront dans la Baie d\u2019Arendelle o\u00f9 le public pourra assister \u00e0 C\u00e9l\u00e9bration \u00e0 Arendelle, un spectacle haut en couleur d\u2019une quinzaine de minutes, pr\u00e9sent\u00e9 plusieurs fois par jour. Elsa, Anna, Olaf, Kristoff et les villageois prendront part aux c\u00e9l\u00e9brations \u00e0 bord de trois majestueux drakkars\u00a0\u00bb, nous explique le parc.<\/p>\n<p>Alerte mignonnerie dans les boutiques<img decoding=\"async\" alt=\"Le merch qui sera disponible sur le parc d\u00e8s l'ouverture de l'espace &quot;La Reine des Neiges&quot;. \" class=\"c-img\" loading=\"lazy\" fetchpriority=\"auto\" width=\"718\"  src=\"https:\/\/img.20mn.fr\/T1ZCXoflQCO8d8dr4xciISk\/718x0\" \/>Le merch qui sera disponible sur le parc d\u00e8s l&rsquo;ouverture de l&rsquo;espace \u00ab\u00a0La Reine des Neiges\u00a0\u00bb. \u2002-\u00a0Rapha\u00ebl Metivet<\/p>\n<p>Autre petite surprise, des personnages des deux films avec Anna et Elsa seront pr\u00e9sents sur le parc, dont le petit Mossie, un adorable b\u00e9b\u00e9 troll, qui se baladera dans le parc et sera sans doute, la nouvelle star dans les boutiques du monde d\u2019Arendelle. Pour l\u2019occasion, des v\u00eatements, accessoires, jouets et peluches ont \u00e9t\u00e9 imagin\u00e9s et seront vendus exclusivement \u00e0 Paris. Les \u00e9quipes de Disneyland Paris s\u2019attendent \u00e0 avoir beaucoup de monde pour d\u00e9couvrir ce nouvel espace. L\u2019acc\u00e8s au parc et\/ou au monde de La Reine des Neiges pourra \u00eatre soumis \u00e0 une file d\u2019attente sp\u00e9cifique si la capacit\u00e9 maximale est atteinte.<\/p>\n<p>Une nouvelle musique pour un spectacle exceptionnel<img decoding=\"async\" alt=\"Mulan sera pr\u00e9sente dans le show nocture. \" class=\"c-img\" loading=\"lazy\" fetchpriority=\"auto\" width=\"718\"  src=\"https:\/\/img.20mn.fr\/uXqVGRVYSy6Jznj00OMz3ik\/718x0\" \/>Mulan sera pr\u00e9sente dans le show nocture. \u2002-\u00a0Rapha\u00ebl Metivet<\/p>\n<p>Le grand lac au centre d\u2019Aventure World &#8211; on le savait &#8211; va accueillir un spectacle in\u00e9dit de 16 minutes sur le th\u00e8me de \u00ab\u00a0l\u2019inspiration\u00a0\u00bb avec plus de 279 drones a\u00e9riens, 100 dans l\u2019eau et surtout des jets d\u2019eau et des fontaines musicales. Une premi\u00e8re dans le parc parisien qui se dote donc d\u2019un second spectacle de nuit.<\/p>\n<p><a href=\"https:\/\/www.20minutes.fr\/dossier\/disney\" class=\"c-link c-btn c-btn--primary\" target=\"_blank\" rel=\"noopener\">Nos articles sur Disney<\/a><\/p>\n<p>C\u00f4t\u00e9 musique, \u00ab\u00a0la bande originale inclura une adaptation in\u00e9dite de Le Bleu Lumi\u00e8re de Vaiana ainsi qu\u2019un nouvel hymne cr\u00e9\u00e9 pour ce spectacle, We Can Be Heroes\u00a0\u00bb. Dans les extraits que nous avons pu voir, Vaiana prend vie sur des jets d\u2019eau et Mulan et les personnages de L\u00e0-Haut seront enfin mis en valeur dans un show nocturne.<\/p>\n","protected":false},"excerpt":{"rendered":"Chanceux que nous sommes, nous avons pu voir l\u2019avanc\u00e9e des travaux de la nouvelle extension La Reine des&hellip;\n","protected":false},"author":2,"featured_media":556031,"comment_status":"","ping_status":"","sticky":false,"template":"","format":"standard","meta":{"footnotes":""},"categories":[1888],"tags":[11,251,7791,58,1777,674,1011,27,662,7792,12,7795,626,25],"class_list":{"0":"post-556030","1":"post","2":"type-post","3":"status-publish","4":"format-standard","5":"has-post-thumbnail","7":"category-paris","8":"tag-actualites","9":"tag-culture","10":"tag-disneyland","11":"tag-divertissement","12":"tag-eu","13":"tag-europe","14":"tag-fr","15":"tag-france","16":"tag-ile-de-france","17":"tag-la-reine-des-neiges","18":"tag-news","19":"tag-parc-dattractions","20":"tag-paris","21":"tag-republique-francaise"},"share_on_mastodon":{"url":"https:\/\/pubeurope.com\/@fr\/115606319532374928","error":""},"_links":{"self":[{"href":"https:\/\/www.europesays.com\/fr\/wp-json\/wp\/v2\/posts\/556030","targetHints":{"allow":["GET"]}}],"collection":[{"href":"https:\/\/www.europesays.com\/fr\/wp-json\/wp\/v2\/posts"}],"about":[{"href":"https:\/\/www.europesays.com\/fr\/wp-json\/wp\/v2\/types\/post"}],"author":[{"embeddable":true,"href":"https:\/\/www.europesays.com\/fr\/wp-json\/wp\/v2\/users\/2"}],"replies":[{"embeddable":true,"href":"https:\/\/www.europesays.com\/fr\/wp-json\/wp\/v2\/comments?post=556030"}],"version-history":[{"count":0,"href":"https:\/\/www.europesays.com\/fr\/wp-json\/wp\/v2\/posts\/556030\/revisions"}],"wp:featuredmedia":[{"embeddable":true,"href":"https:\/\/www.europesays.com\/fr\/wp-json\/wp\/v2\/media\/556031"}],"wp:attachment":[{"href":"https:\/\/www.europesays.com\/fr\/wp-json\/wp\/v2\/media?parent=556030"}],"wp:term":[{"taxonomy":"category","embeddable":true,"href":"https:\/\/www.europesays.com\/fr\/wp-json\/wp\/v2\/categories?post=556030"},{"taxonomy":"post_tag","embeddable":true,"href":"https:\/\/www.europesays.com\/fr\/wp-json\/wp\/v2\/tags?post=556030"}],"curies":[{"name":"wp","href":"https:\/\/api.w.org\/{rel}","templated":true}]}}