{"id":556032,"date":"2025-11-24T19:26:19","date_gmt":"2025-11-24T19:26:19","guid":{"rendered":"https:\/\/www.europesays.com\/fr\/556032\/"},"modified":"2025-11-24T19:26:19","modified_gmt":"2025-11-24T19:26:19","slug":"les-fortifications-polonaises-a-la-frontiere-avec-la-russie-suffiront-elles-a-proteger-le-pays","status":"publish","type":"post","link":"https:\/\/www.europesays.com\/fr\/556032\/","title":{"rendered":"Les fortifications polonaises \u00e0 la fronti\u00e8re avec la Russie suffiront-elles \u00e0 prot\u00e9ger le pays?"},"content":{"rendered":"<p>Cette fois-ci, \u00e7a se concr\u00e9tise. La <a href=\"https:\/\/www.geo.fr\/histoire\/l-outil-dun-druide-un-rare-scalpel-de-trepanation-celtique-decouvert-en-pologne-229643\" target=\"_blank\" rel=\"noopener\">Pologne <\/a>a commenc\u00e9 \u00e0 construire de v\u00e9ritables fortifications \u00e0 la limite de l&rsquo;exclave russe de <a href=\"https:\/\/www.geo.fr\/geopolitique\/kaliningrad-une-enclave-russe-encadree-par-lotan-210489\" target=\"_blank\" rel=\"noopener\">Kaliningrad<\/a>, rapporte le site d&rsquo;information ukrainien <a href=\"https:\/\/militarnyi.com\/en\/news\/poland-begins-construction-of-eastern-shield-fortifications-on-border-with-kaliningrad-region\/\" target=\"_blank\" rel=\"noopener\">Militarnyi<\/a>, se basant notamment sur les tweets<a href=\"https:\/\/x.com\/clement_molin\/status\/1992662201123905723\"> <\/a>de l&rsquo;\u00e9tudiant en relations internationales Cl\u00e9ment Molin. Trois ans et demi apr\u00e8s l&rsquo;invasion totale de l&rsquo;Ukraine par Moscou, la Pologne, mais aussi les pays baltes, ont pourtant tard\u00e9 \u00e0 durcir leurs fronti\u00e8res avec le territoire d\u00e9tach\u00e9.<\/p>\n<blockquote class=\"twitter-tweet\">\n<p lang=\"en\" dir=\"ltr\">Poland \ud83c\uddf5\ud83c\uddf1 started the construction of part of its \u00ab\u00a0eastern shield\u00a0\u00bb on the border with Kaliningrad \ud83c\uddf7\ud83c\uddfa.<\/p>\n<p>After 4 years of war in Ukraine, Poland and the Baltic states are however barely starting to prepare defensive lines on their eastern borders&#8230;<\/p>\n<p>\ud83e\uddf5THREAD\ud83e\uddf51\/10 \u2b07\ufe0f <a href=\"https:\/\/t.co\/r9aXY2K20t\">pic.twitter.com\/r9aXY2K20t<\/a><\/p>\n<p>\u2014 Cl\u00e9ment Molin (@clement_molin) <a href=\"https:\/\/twitter.com\/clement_molin\/status\/1992662201123905723?ref_src=twsrc%5Etfw\" target=\"_blank\" rel=\"noopener\">November 23, 2025<\/a><\/p><\/blockquote>\n<p>\u00ab\u00a0Les fortifications comprennent des foss\u00e9s antichars, des dents de dragon et des tranch\u00e9es, indique Militarnyi. [Cl\u00e9ment Molin] note que ces \u00e9l\u00e9ments ressemblent aux fortifications ukrainiennes, mais souligne la n\u00e9cessit\u00e9 d&rsquo;une d\u00e9fense en profondeur, car le d\u00e9ploiement de troupes pr\u00e8s de la fronti\u00e8re en cas d&rsquo;invasion serait extr\u00eamement risqu\u00e9.\u00a0\u00bb<\/p>\n<p>B\u00e9ton ou gruy\u00e8re\u00a0?<\/p>\n<p>Jusqu&rsquo;ici, les seuls obstacles et barri\u00e8res b\u00e2tis pr\u00e8s de Kaliningrad par la Pologne et les pays baltes \u00e0 l&rsquo;Est visaient surtout \u00e0 emp\u00eacher l&rsquo;immigration clandestine. L&rsquo;\u00e9tudiant a identifi\u00e9 trois zones r\u00e9cemment fortifi\u00e9es par les autorit\u00e9s polonaises \u00e0 la fronti\u00e8re avec la Russie. Il met effectivement en garde contre le caract\u00e8re potentiellement inadapt\u00e9 de celles-ci.<\/p>\n<p>\u00ab\u00a0L&rsquo;exemple ukrainien nous enseigne que ce type de <a href=\"https:\/\/www.geo.fr\/geopolitique\/guerre-en-ukraine-tranchees-fortifications-russes-dans-le-viseur-des-soldats-de-kiev-dents-dragon-beton-mines-215002\" target=\"_blank\" rel=\"noopener\">fortifications <\/a>est largement obsol\u00e8te et inutile face \u00e0 la menace des <a href=\"https:\/\/www.geo.fr\/geopolitique\/l-ukraine-s-en-prend-aux-drones-orion-russes-et-les-perdre-serait-un-coup-terrible-pour-moscou-229498\" target=\"_blank\" rel=\"noopener\">drones<\/a>, \u00e9crit Cl\u00e9ment Molin. Il faut les abandonner imm\u00e9diatement. De petits points fortifi\u00e9s dissimul\u00e9s dans les lisi\u00e8res et les for\u00eats, ainsi que des abris pour v\u00e9hicules, seront bien plus efficaces.\u00a0\u00bb<\/p>\n<p>Les fortifications ukrainiennes ont \u00e9volu\u00e9 en m\u00eame temps que la physionomie du conflit. Elles int\u00e8grent de triples rang\u00e9es de foss\u00e9s antichars remplis de <a href=\"https:\/\/www.geo.fr\/geopolitique\/poser-mines-et-barbeles-a-la-frontiere-avec-la-russie-le-sale-boulot-des-pays-baltes-226196\" target=\"_blank\" rel=\"noopener\">barbel\u00e9s<\/a>, coupl\u00e9e \u00e0 des rang\u00e9es de fils barbel\u00e9s, des <a href=\"https:\/\/www.geo.fr\/geopolitique\/saboteurs-drones-soldats-qui-a-installe-ces-dents-de-dragons-qui-tuent-les-conducteurs-russes-a-koursk-222712\" target=\"_blank\" rel=\"noopener\">dents de dragons<\/a> ainsi qu&rsquo;une myriade de petites positions fortifi\u00e9es et camoufl\u00e9es, d&rsquo;o\u00f9 les forces ukrainiennes peuvent faire feu sur les assaillants. De quoi mettre un coup d&rsquo;arr\u00eat \u00e0 une tentative d&rsquo;invasion, ou m\u00eame la d\u00e9courager.<\/p>\n<p>Bouclier en mousse<\/p>\n<p>Le Premier ministre polonais Donald Tusk a annonc\u00e9 en octobre 2024 le d\u00e9but de la construction de l&rsquo;Eastern Shield (bouclier oriental), 700 kilom\u00e8tres de <a href=\"https:\/\/www.geo.fr\/histoire\/les-fortifications-de-briancon-sont-elles-le-chef-doeuvre-de-vauban-212233\" target=\"_blank\" rel=\"noopener\">fortifications <\/a>qui doivent prot\u00e9ger le pays sur son flanc est. Le chantier doit se terminer en 2028, pour un co\u00fbt total de 10 milliards de zlotys (2,36 milliards d&rsquo;euros). Toutefois, des essais r\u00e9alis\u00e9s sur la base militaire d&rsquo;O\u017cysz ont donn\u00e9 lieu \u00e0 un retour d&rsquo;exp\u00e9rience mitig\u00e9 du capitaine de r\u00e9serve de l&rsquo;arm\u00e9e polonaise Maksymilian Dura.<\/p>\n<p>\u00ab\u00a0Le projet ne r\u00e9pond pas aux menaces d\u00e9j\u00e0 pr\u00e9sentes sur les champs de bataille modernes, comme en Ukraine, r\u00e9sume Militaryi. En particulier, le r\u00f4le des drones est totalement ignor\u00e9, tant par les attaquants que par les d\u00e9fenseurs. Il ne s&rsquo;agit pas seulement des drones kamikazes, mais aussi des drones de reconnaissance et des bombardiers. De plus, l&rsquo;auteur s&rsquo;interroge sur les actions des unit\u00e9s m\u00e9canis\u00e9es et d&rsquo;infanterie existantes, ainsi que sur les tactiques d&rsquo;utilisation des engins du g\u00e9nie.\u00a0\u00bb<\/p>\n<p>L&rsquo;Union europ\u00e9enne, qui cofinance le chantier et compte sur le Bouclier oriental pour s\u00e9curiser le continent face \u00e0 la Russie, devrait peut-\u00eatre s&rsquo;en alarmer.<\/p>\n<p>        <script async src=\"https:\/\/platform.twitter.com\/widgets.js\" charset=\"utf-8\"><\/script><\/p>\n","protected":false},"excerpt":{"rendered":"Cette fois-ci, \u00e7a se concr\u00e9tise. La Pologne a commenc\u00e9 \u00e0 construire de v\u00e9ritables fortifications \u00e0 la limite de&hellip;\n","protected":false},"author":2,"featured_media":556033,"comment_status":"","ping_status":"","sticky":false,"template":"","format":"standard","meta":{"footnotes":""},"categories":[1591],"tags":[10714,11,2120,9929,1887,131,12,1885,1886,132,2475],"class_list":{"0":"post-556032","1":"post","2":"type-post","3":"status-publish","4":"format-standard","5":"has-post-thumbnail","7":"category-russie","8":"tag-actu-russie","9":"tag-actualites","10":"tag-conflit","11":"tag-du00e9fense","12":"tag-federation-de-russie","13":"tag-guerre-en-ukraine","14":"tag-news","15":"tag-russia","16":"tag-russian-federation","17":"tag-russie","18":"tag-union-europu00e9enne"},"share_on_mastodon":{"url":"https:\/\/pubeurope.com\/@fr\/115606322901255224","error":""},"_links":{"self":[{"href":"https:\/\/www.europesays.com\/fr\/wp-json\/wp\/v2\/posts\/556032","targetHints":{"allow":["GET"]}}],"collection":[{"href":"https:\/\/www.europesays.com\/fr\/wp-json\/wp\/v2\/posts"}],"about":[{"href":"https:\/\/www.europesays.com\/fr\/wp-json\/wp\/v2\/types\/post"}],"author":[{"embeddable":true,"href":"https:\/\/www.europesays.com\/fr\/wp-json\/wp\/v2\/users\/2"}],"replies":[{"embeddable":true,"href":"https:\/\/www.europesays.com\/fr\/wp-json\/wp\/v2\/comments?post=556032"}],"version-history":[{"count":0,"href":"https:\/\/www.europesays.com\/fr\/wp-json\/wp\/v2\/posts\/556032\/revisions"}],"wp:featuredmedia":[{"embeddable":true,"href":"https:\/\/www.europesays.com\/fr\/wp-json\/wp\/v2\/media\/556033"}],"wp:attachment":[{"href":"https:\/\/www.europesays.com\/fr\/wp-json\/wp\/v2\/media?parent=556032"}],"wp:term":[{"taxonomy":"category","embeddable":true,"href":"https:\/\/www.europesays.com\/fr\/wp-json\/wp\/v2\/categories?post=556032"},{"taxonomy":"post_tag","embeddable":true,"href":"https:\/\/www.europesays.com\/fr\/wp-json\/wp\/v2\/tags?post=556032"}],"curies":[{"name":"wp","href":"https:\/\/api.w.org\/{rel}","templated":true}]}}