{"id":556034,"date":"2025-11-24T19:27:18","date_gmt":"2025-11-24T19:27:18","guid":{"rendered":"https:\/\/www.europesays.com\/fr\/556034\/"},"modified":"2025-11-24T19:27:18","modified_gmt":"2025-11-24T19:27:18","slug":"la-hongrie-de-viktor-orban-premier-soutien-du-plan-de-paix-de-donald-trump-lexpress","status":"publish","type":"post","link":"https:\/\/www.europesays.com\/fr\/556034\/","title":{"rendered":"la Hongrie de Viktor Orban, premier soutien du plan de paix de Donald Trump \u2013 L&rsquo;Express"},"content":{"rendered":"<p class=\"paragraph article-body-paragraph article__item   article-body-paragraph--first \">Un appui franc et massif \u00e0 Donald Trump. Le Premier ministre hongrois Viktor Orban affiche son soutien au plan controvers\u00e9 propos\u00e9 par le pr\u00e9sident am\u00e9ricain pour mettre fin \u00e0 la guerre en Ukraine. Annonc\u00e9 la semaine derni\u00e8re, <a href=\"https:\/\/www.lexpress.fr\/monde\/europe\/guerre-en-ukraine-cession-de-territoires-otan-ce-que-prevoit-le-nouveau-plan-de-donald-trump-2HRPEWEUH5EPNDXHDHW5WTRFFQ\/\" target=\"_self\" rel=\"noopener\" title=\"https:\/\/www.lexpress.fr\/monde\/europe\/guerre-en-ukraine-cession-de-territoires-otan-ce-que-prevoit-le-nouveau-plan-de-donald-trump-2HRPEWEUH5EPNDXHDHW5WTRFFQ\/\">ce projet en 28 points,<\/a> dont la forme s\u2019inspire <a href=\"https:\/\/www.lexpress.fr\/monde\/proche-moyen-orient\/plan-de-paix-a-gaza-donald-trump-a-t-il-eradique-le-hamas-DW24MQLBZVCKLBXG737EHWRBWQ\/\" target=\"_self\" rel=\"noopener\" title=\"https:\/\/www.lexpress.fr\/monde\/proche-moyen-orient\/plan-de-paix-a-gaza-donald-trump-a-t-il-eradique-le-hamas-DW24MQLBZVCKLBXG737EHWRBWQ\/\">du texte ayant permis de signer le cessez-le-feu entre Isra\u00ebl et le Hamas<\/a> \u00e0 Gaza, inclut plusieurs mesures destin\u00e9es \u00e0 mettre fin au conflit meurtrier. R\u00e9dig\u00e9 sans consultation des Europ\u00e9ens, ce nouveau \u00ab\u00a0plan Trump\u00a0\u00bb pr\u00e9voit par exemple la cession \u00e0 Moscou de plusieurs territoires ukrainiens conquis par la Russie, ainsi que leur reconnaissance de facto par Washington. De faire craindre \u00e0 Kiev \u2013 et aux principales puissances du Vieux Continent \u2013 une sorte de capitulation, pr\u00e8s de quatre ans apr\u00e8s de l\u2019invasion russe de 2022.<\/p>\n<p>Emp\u00eacher le versement d\u2019une nouvelle aide europ\u00e9enne<\/p>\n<p class=\"paragraph article-body-paragraph article__item   \">Eurosceptique, <a href=\"https:\/\/www.lexpress.fr\/monde\/europe\/hongrie-a-lapproche-des-legislatives-viktor-orban-se-positionne-en-faiseur-de-paix-contre-RG55HXHQGVBH3EYSPM3UU5MLIQ\/\" target=\"_self\" rel=\"noopener\" title=\"https:\/\/www.lexpress.fr\/monde\/europe\/hongrie-a-lapproche-des-legislatives-viktor-orban-se-positionne-en-faiseur-de-paix-contre-RG55HXHQGVBH3EYSPM3UU5MLIQ\/\">Viktor Orban<\/a> n\u2019a jamais cess\u00e9 de mettre en avant ses liens avec le Kremlin. Au d\u00e9but de l\u2019\u00e9t\u00e9 2024, il s\u2019\u00e9tait ainsi d\u00e9plac\u00e9 \u00e0 Moscou pour rencontrer <a href=\"https:\/\/www.lexpress.fr\/monde\/choyee-par-donald-trump-la-russie-de-vladimir-poutine-nest-forte-que-de-la-faiblesse-europeenne-RSG3RKS3NRHLRACKH7ECXY2DFM\/\" target=\"_self\" rel=\"noopener\" title=\"https:\/\/www.lexpress.fr\/monde\/choyee-par-donald-trump-la-russie-de-vladimir-poutine-nest-forte-que-de-la-faiblesse-europeenne-RSG3RKS3NRHLRACKH7ECXY2DFM\/\">Vladimir Poutine<\/a>, sans demander l\u2019accord du reste des 27 pays membres de l\u2019Union europ\u00e9enne. L\u2019\u00e9pisode avait suscit\u00e9 l\u2019ire de nombre de ses homologues sur le continent. Aujourd\u2019hui, le Premier ministre hongrois les exhorte \u00e0 adh\u00e9rer sans r\u00e9serve au projet am\u00e9ricain <a href=\"https:\/\/www.lexpress.fr\/idees-et-debats\/leurope-vit-sa-derniere-annee-de-paix-lavertissement-dandrei-kozovoi-specialiste-de-la-russie-7XXLA7SFMZALTMIJ2B2EI52EGM\/\" target=\"_self\" rel=\"noopener\" title=\"https:\/\/www.lexpress.fr\/idees-et-debats\/leurope-vit-sa-derniere-annee-de-paix-lavertissement-dandrei-kozovoi-specialiste-de-la-russie-7XXLA7SFMZALTMIJ2B2EI52EGM\/\">pour mettre un terme \u00e0 la guerre en Ukraine<\/a>. \u00ab\u00a0Les Europ\u00e9ens doivent soutenir imm\u00e9diatement et sans condition l\u2019initiative de paix des Etats-Unis\u00a0\u00bb, a-t-il \u00e9crit samedi dans une lettre envoy\u00e9e \u00e0 Ursula von der Leyen, la pr\u00e9sidente de la Commission europ\u00e9enne.<\/p>\n<p><strong class=\"article-body-link-list__item text-gray-800 article-body-link-list__item--one-item\">LIRE AUSSI : <a class=\"article-body-link-list__item-link\" href=\"https:\/\/www.lexpress.fr\/monde\/europe\/le-plan-de-donald-trump-pour-la-paix-en-ukraine-torpille-les-ambitions-de-leurope-FORDPEHXBVCMJOP6ON5FRXVP6Q\/\" target=\"_blank\" rel=\"noopener\">Le plan de Donald Trump pour la paix en Ukraine torpille les ambitions de l\u2019Europe<\/a><\/strong><\/p>\n<p class=\"paragraph article-body-paragraph article__item   \">Dans ce document, r\u00e9v\u00e9l\u00e9 par <a href=\"https:\/\/www.politico.eu\/article\/hungary-orban-backs-us-proposal-ukraine-bid-derail-aid-kyiv\/\" target=\"_self\" rel=\"noopener\" title=\"https:\/\/www.politico.eu\/article\/hungary-orban-backs-us-proposal-ukraine-bid-derail-aid-kyiv\/\">Politico<\/a>, le conservateur enjoint par ailleurs l\u2019UE \u00e0 \u00ab\u00a0entamer des n\u00e9gociations autonomes et directes avec la Russie\u00a0\u00bb. Viktor Orban, dont les relations avec Kiev sont glaciales, voit surtout dans ce plan une opportunit\u00e9 pour g\u00eaner l\u2019envoi d\u2019une nouvelle aide financi\u00e8re de l\u2019UE \u00e0 l\u2019Ukraine. En effet, les diff\u00e9rents pays europ\u00e9ens planchent depuis plusieurs mois sur <a href=\"https:\/\/www.lexpress.fr\/monde\/avoir-geles-russes-pourquoi-la-belgique-bloque-laide-europeenne-a-lukraine-U4FI7W744VACTHHISQPCVYPAAQ\/\" target=\"_self\" rel=\"noopener\" title=\"https:\/\/www.lexpress.fr\/monde\/avoir-geles-russes-pourquoi-la-belgique-bloque-laide-europeenne-a-lukraine-U4FI7W744VACTHHISQPCVYPAAQ\/\">l\u2019utilisation d\u2019avoirs gel\u00e9s russes<\/a>, qui pourraient servir \u00e0 verser 140 milliards d\u2019euros de nouveaux fonds \u00e0 Kiev sous forme de \u00ab\u00a0pr\u00eat de r\u00e9paration\u00a0\u00bb. \u00ab\u00a0[La Hongrie] ne soutient pas l\u2019envoi par l\u2019Union europ\u00e9enne d\u2019une aide financi\u00e8re suppl\u00e9mentaire \u00e0 l\u2019Ukraine sous quelque forme que ce soit\u00a0\u00bb, pr\u00e9cise de cette mani\u00e8re Viktor Orban dans sa lettre.<\/p>\n<p>Relations glaciales entre Kiev et Budapest<\/p>\n<p class=\"paragraph article-body-paragraph article__item   \">Le chef de file du Fidesz, au pouvoir \u00e0 Budapest depuis plus de 15 ans, s\u2019est montr\u00e9 ces derniers mois particuli\u00e8rement r\u00e9tif \u00e0 toute nouvelle aide financi\u00e8re europ\u00e9enne. D\u00e9but octobre, lors d\u2019un sommet informel \u00e0 Copenhague (Danemark), il avait critiqu\u00e9 ce principe, qualifiant l\u2019Ukraine de \u00ab\u00a0pays qui n\u2019a pas l\u2019argent pour s\u2019entretenir lui-m\u00eame\u00a0\u00bb. Un mois plus tard, il avait \u00e9galement fait part de sa volont\u00e9 de saisir la Cour de justice de l\u2019Union europ\u00e9enne (CJUE) pour \u00ab\u00a0porter plainte\u00a0\u00bb apr\u00e8s la d\u00e9cision de l\u2019UE actant un embargo total en Europe <a href=\"https:\/\/www.lexpress.fr\/monde\/asie\/gaz-russe-comment-moscou-contourne-les-sanctions-sur-ses-exportations-en-sappuyant-sur-pekin-FGGOBMV35NFRJF45CCAEDJGNEU\/\" target=\"_self\" rel=\"noopener\" title=\"https:\/\/www.lexpress.fr\/monde\/asie\/gaz-russe-comment-moscou-contourne-les-sanctions-sur-ses-exportations-en-sappuyant-sur-pekin-FGGOBMV35NFRJF45CCAEDJGNEU\/\">sur les hydrocarbures russes<\/a> d\u2019ici \u00e0 2027. Une h\u00e9r\u00e9sie selon Viktor Orban, dont le pays demeure extr\u00eamement <a href=\"https:\/\/www.lexpress.fr\/monde\/europe\/viktor-orban-obtient-de-trump-une-exemption-des-sanctions-liees-au-petrole-russe-Y72IF66W3VEWBMB55I5OLJCABI\/\" target=\"_self\" rel=\"noopener\" title=\"https:\/\/www.lexpress.fr\/monde\/europe\/viktor-orban-obtient-de-trump-une-exemption-des-sanctions-liees-au-petrole-russe-Y72IF66W3VEWBMB55I5OLJCABI\/\">d\u00e9pendant du p\u00e9trole et du gaz russe<\/a> \u2013 des ressources qui permettent \u00e0 Moscou de financer sa guerre.<\/p>\n<\/p>\n<p class=\"paragraph article-body-paragraph article__item   \">La position de la Hongrie au sujet de ce plan Trump reste minoritaire en Europe. Comme d\u00e9voil\u00e9 par <a href=\"https:\/\/www.reuters.com\/business\/finance\/full-text-european-counter-proposal-us-ukraine-peace-plan-2025-11-23\/\" target=\"_self\" rel=\"noopener\" title=\"https:\/\/www.reuters.com\/business\/finance\/full-text-european-counter-proposal-us-ukraine-peace-plan-2025-11-23\/\">Reuters<\/a> dimanche, la France, <a href=\"https:\/\/www.lexpress.fr\/monde\/europe\/ukraine-washington-et-kiev-affirment-quun-accord-de-paix-devra-maintenir-la-souverainete-du-pays-CG3UCCSQVJCM7B6WL4HNQBMWWI\/\" target=\"_self\" rel=\"noopener\" title=\"https:\/\/www.lexpress.fr\/monde\/europe\/ukraine-washington-et-kiev-affirment-quun-accord-de-paix-devra-maintenir-la-souverainete-du-pays-CG3UCCSQVJCM7B6WL4HNQBMWWI\/\">l\u2019Allemagne<\/a> et le Royaume-Uni ont \u00e9labor\u00e9 une contre-proposition d\u2019un plan de paix sur la base de la mouture propos\u00e9e par le milliardaire r\u00e9publicain. Ce week-end, le chancelier allemand <a href=\"https:\/\/www.lexpress.fr\/monde\/europe\/allemagne-pourquoi-la-reforme-des-retraites-pourrait-fracturer-le-gouvernement-de-friedrich-merz-47TD2WTMPFFGLI2SAHJJQWJSXM\/\" target=\"_self\" rel=\"noopener\" title=\"https:\/\/www.lexpress.fr\/monde\/europe\/allemagne-pourquoi-la-reforme-des-retraites-pourrait-fracturer-le-gouvernement-de-friedrich-merz-47TD2WTMPFFGLI2SAHJJQWJSXM\/\">Friedrich Merz<\/a> a fait part de sa circonspection sur une \u00e9ventuelle perc\u00e9e des \u00ab\u00a0n\u00e9gociations\u00a0\u00bb vers une tr\u00eave en Ukraine. \u00ab\u00a0Je ne suis pas encore convaincu que les solutions souhait\u00e9es par le pr\u00e9sident Trump seront trouv\u00e9es dans les prochains jours\u00a0\u00bb, a ajout\u00e9 le dirigeant depuis le sommet du G20 \u00e0 Johannesburg (Afrique du Sud).<\/p>\n<p>Giorgia Meloni d\u00e9fend aussi le plan Trump<\/p>\n<p class=\"paragraph article-body-paragraph article__item   \">Le pr\u00e9sident am\u00e9ricain avait initialement dit attendre une r\u00e9ponse favorable de <a href=\"https:\/\/www.lexpress.fr\/monde\/europe\/guerre-en-ukraine-le-nouveau-plan-americain-met-kiev-sous-pression-HZDAFHPOBJC43G2GQWRARES7HU\/\" target=\"_self\" rel=\"noopener\" title=\"https:\/\/www.lexpress.fr\/monde\/europe\/guerre-en-ukraine-le-nouveau-plan-americain-met-kiev-sous-pression-HZDAFHPOBJC43G2GQWRARES7HU\/\">Volodymyr Zelensky<\/a> \u00e0 son plan d\u2019ici \u00e0 jeudi. Pour acc\u00e9l\u00e9rer les discussions, plusieurs hauts responsables ukrainiens et am\u00e9ricains, dont le secr\u00e9taire d\u2019\u00c9tat <a href=\"https:\/\/www.lexpress.fr\/monde\/amerique\/marco-rubio-et-donald-trump-leur-plan-pour-redessiner-lamerique-latine-MN4ZJYFIXFDGRELRF5L5YTWS6A\/\" target=\"_self\" rel=\"noopener\" title=\"https:\/\/www.lexpress.fr\/monde\/amerique\/marco-rubio-et-donald-trump-leur-plan-pour-redessiner-lamerique-latine-MN4ZJYFIXFDGRELRF5L5YTWS6A\/\">Marco Rubio<\/a> et l\u2019envoy\u00e9 sp\u00e9cial de Donald Trump, <a href=\"https:\/\/www.lexpress.fr\/monde\/amerique\/negociations-russie-etats-unis-lart-mafieux-du-deal-a-la-sauce-witkoff-OGH2CN2FYBDSHFR3DYIIBD2WAM\/\" target=\"_self\" rel=\"noopener\" title=\"https:\/\/www.lexpress.fr\/monde\/amerique\/negociations-russie-etats-unis-lart-mafieux-du-deal-a-la-sauce-witkoff-OGH2CN2FYBDSHFR3DYIIBD2WAM\/\">Steve Witkoff<\/a>, se sont r\u00e9unis ces derniers jours \u00e0 Gen\u00e8ve (Suisse). Un rendez-vous qui a permis \u00e0 Kiev d'\u00a0\u00bbinclure des points extr\u00eamement sensibles\u00a0\u00bb dans les \u00e9changes, a assur\u00e9 le pr\u00e9sident ukrainien, tout en soulignant que l\u2019av\u00e8nement d\u2019une \u00ab\u00a0paix r\u00e9elle\u00a0\u00bb n\u00e9cessitait \u00ab\u00a0beaucoup plus\u00a0\u00bb.<\/p>\n<p><strong class=\"article-body-link-list__item text-gray-800 article-body-link-list__item--one-item\">LIRE AUSSI : <a class=\"article-body-link-list__item-link\" href=\"https:\/\/www.lexpress.fr\/idees-et-debats\/loccident-doit-se-preparer-a-la-mort-de-vladimir-poutine-lanalyse-choc-de-john-kennedy-2VZH77NYSBFPDM3SBTTDG7SW6A\/\" target=\"_blank\" rel=\"noopener\">\u00ab\u00a0L\u2019Occident doit se pr\u00e9parer \u00e0 la mort de Vladimir Poutine\u00a0\u00bb : l\u2019analyse choc de John Kennedy<\/a><\/strong><\/p>\n<p class=\"paragraph article-body-paragraph article__item    article__text__endpicto\">Viktor Orban n\u2019est toutefois pas l\u2019unique d\u00e9fenseur de la proposition am\u00e9ricaine sur l\u2019Ukraine. R\u00e9put\u00e9e proche de Donald Trump, la Premi\u00e8re ministre italienne <a href=\"https:\/\/www.lexpress.fr\/monde\/europe\/economie-immigration-giorgia-meloni-son-vrai-bilan-a-la-tete-de-litalie-NM3F4OQ64RGGNOFF3I47BB5TUU\/\" target=\"_self\" rel=\"noopener\" title=\"https:\/\/www.lexpress.fr\/monde\/europe\/economie-immigration-giorgia-meloni-son-vrai-bilan-a-la-tete-de-litalie-NM3F4OQ64RGGNOFF3I47BB5TUU\/\">Giorgia Meloni<\/a> s\u2019est d\u00e9solidaris\u00e9e ce lundi du plan alternatif con\u00e7u par les puissances du groupe E3 (France, Allemagne, Royaume-Uni). \u00ab\u00a0Je ne pense pas que la question soit de travailler sur une contre-proposition compl\u00e8te\u00a0\u00bb, a-t-elle lanc\u00e9 depuis Luanda (Angola), en marge d\u2019un sommet entre l\u2019UE et l\u2019Union africaine. \u00ab\u00a0Il y a de nombreux points acceptables dans le plan que nous avons lu.\u00a0\u00bb Comme rapport\u00e9 samedi par les m\u00e9dias du pays, le Premier ministre slovaque populiste <a href=\"https:\/\/www.lexpress.fr\/monde\/lue-lance-une-procedure-dinfraction-contre-la-slovaquie-pour-des-changements-constitutionnels-RWUP34XLX5BDNKGYCNXZPOW6MQ\/\" target=\"_self\" rel=\"noopener\" title=\"https:\/\/www.lexpress.fr\/monde\/lue-lance-une-procedure-dinfraction-contre-la-slovaquie-pour-des-changements-constitutionnels-RWUP34XLX5BDNKGYCNXZPOW6MQ\/\">Robert Fico<\/a>, r\u00e9put\u00e9 proche du pouvoir russe, consid\u00e8re pour sa part que ce document constitue \u00ab\u00a0une tr\u00e8s bonne base\u00a0\u00bb pour mener les tractations pour conclure la paix en Europe.<\/p>\n","protected":false},"excerpt":{"rendered":"Un appui franc et massif \u00e0 Donald Trump. Le Premier ministre hongrois Viktor Orban affiche son soutien au&hellip;\n","protected":false},"author":2,"featured_media":556035,"comment_status":"","ping_status":"","sticky":false,"template":"","format":"standard","meta":{"footnotes":""},"categories":[1590],"tags":[11,1777,674,74,12,220],"class_list":{"0":"post-556034","1":"post","2":"type-post","3":"status-publish","4":"format-standard","5":"has-post-thumbnail","7":"category-ukraine","8":"tag-actualites","9":"tag-eu","10":"tag-europe","11":"tag-monde","12":"tag-news","13":"tag-ukraine"},"share_on_mastodon":{"url":"https:\/\/pubeurope.com\/@fr\/115606326376880570","error":""},"_links":{"self":[{"href":"https:\/\/www.europesays.com\/fr\/wp-json\/wp\/v2\/posts\/556034","targetHints":{"allow":["GET"]}}],"collection":[{"href":"https:\/\/www.europesays.com\/fr\/wp-json\/wp\/v2\/posts"}],"about":[{"href":"https:\/\/www.europesays.com\/fr\/wp-json\/wp\/v2\/types\/post"}],"author":[{"embeddable":true,"href":"https:\/\/www.europesays.com\/fr\/wp-json\/wp\/v2\/users\/2"}],"replies":[{"embeddable":true,"href":"https:\/\/www.europesays.com\/fr\/wp-json\/wp\/v2\/comments?post=556034"}],"version-history":[{"count":0,"href":"https:\/\/www.europesays.com\/fr\/wp-json\/wp\/v2\/posts\/556034\/revisions"}],"wp:featuredmedia":[{"embeddable":true,"href":"https:\/\/www.europesays.com\/fr\/wp-json\/wp\/v2\/media\/556035"}],"wp:attachment":[{"href":"https:\/\/www.europesays.com\/fr\/wp-json\/wp\/v2\/media?parent=556034"}],"wp:term":[{"taxonomy":"category","embeddable":true,"href":"https:\/\/www.europesays.com\/fr\/wp-json\/wp\/v2\/categories?post=556034"},{"taxonomy":"post_tag","embeddable":true,"href":"https:\/\/www.europesays.com\/fr\/wp-json\/wp\/v2\/tags?post=556034"}],"curies":[{"name":"wp","href":"https:\/\/api.w.org\/{rel}","templated":true}]}}