{"id":556040,"date":"2025-11-24T19:30:21","date_gmt":"2025-11-24T19:30:21","guid":{"rendered":"https:\/\/www.europesays.com\/fr\/556040\/"},"modified":"2025-11-24T19:30:21","modified_gmt":"2025-11-24T19:30:21","slug":"video-lallemagne-ouvre-les-marches-de-noel-sous-haute-securite","status":"publish","type":"post","link":"https:\/\/www.europesays.com\/fr\/556040\/","title":{"rendered":"Vid\u00e9o. L&rsquo;Allemagne ouvre les march\u00e9s de No\u00ebl sous haute s\u00e9curit\u00e9"},"content":{"rendered":"<p>L&rsquo;Allemagne a lanc\u00e9 l&rsquo;\u00e9dition 2025 de ses march\u00e9s de No\u00ebl avec une s\u00e9curit\u00e9 nettement renforc\u00e9e, en r\u00e9action aux attaques meurtri\u00e8res au v\u00e9hicule-b\u00e9lier survenues \u00e0 Magdebourg l&rsquo;an dernier et \u00e0 Berlin en 2016.<\/p>\n<p>Les visiteurs continuent de se r\u00e9unir autour des stands o\u00f9 l&rsquo;on sert du vin chaud, des saucisses grill\u00e9es et des pommes caram\u00e9lis\u00e9es, mais de nombreux march\u00e9s utilisent d\u00e9sormais des blocs de b\u00e9ton et des patrouilles renforc\u00e9es pour ma\u00eetriser le risque.<\/p>\n<p>Certaines petites villes ont annul\u00e9 leurs \u00e9v\u00e9nements faute de moyens pour r\u00e9pondre aux nouvelles exigences.<\/p>\n<p>Les grandes villes ont choisi d&rsquo;aller de l&rsquo;avant, en cherchant \u00e0 concilier les imp\u00e9ratifs de s\u00e9curit\u00e9 et l&rsquo;atmosph\u00e8re famili\u00e8re des lumi\u00e8res, des man\u00e8ges et des produits artisanaux.<\/p>\n","protected":false},"excerpt":{"rendered":"L&rsquo;Allemagne a lanc\u00e9 l&rsquo;\u00e9dition 2025 de ses march\u00e9s de No\u00ebl avec une s\u00e9curit\u00e9 nettement renforc\u00e9e, en r\u00e9action aux&hellip;\n","protected":false},"author":2,"featured_media":556041,"comment_status":"","ping_status":"","sticky":false,"template":"","format":"standard","meta":{"footnotes":""},"categories":[1587],"tags":[8859,67353,67349,67357,11,672,1804,1805,1803,1777,674,1801,12,1802,67354,67358,8860,67350,8862,67356,67360,67352,8861,67355,67359,67351],"class_list":{"0":"post-556040","1":"post","2":"type-post","3":"status-publish","4":"format-standard","5":"has-post-thumbnail","7":"category-allemagne","8":"tag-id125","9":"tag-id1734","10":"tag-id244","11":"tag-id30280","12":"tag-actualites","13":"tag-allemagne","14":"tag-bundesrepublik-deutschland","15":"tag-de","16":"tag-deutschland","17":"tag-eu","18":"tag-europe","19":"tag-germany","20":"tag-news","21":"tag-republique-federale-dallemagne","22":"tag-slugberlin","23":"tag-slugchristmas-market","24":"tag-sluggermany","25":"tag-slugsecurity","26":"tag-titleallemagne","27":"tag-titleberlin","28":"tag-titlemarchu00e9-de-nou00ebl","29":"tag-titlesu00e9curitu00e9","30":"tag-urlsafevalueallemagne","31":"tag-urlsafevalueberlin","32":"tag-urlsafevaluemarche-de-noel","33":"tag-urlsafevaluesecurite"},"share_on_mastodon":{"url":"https:\/\/pubeurope.com\/@fr\/115606338047304259","error":""},"_links":{"self":[{"href":"https:\/\/www.europesays.com\/fr\/wp-json\/wp\/v2\/posts\/556040","targetHints":{"allow":["GET"]}}],"collection":[{"href":"https:\/\/www.europesays.com\/fr\/wp-json\/wp\/v2\/posts"}],"about":[{"href":"https:\/\/www.europesays.com\/fr\/wp-json\/wp\/v2\/types\/post"}],"author":[{"embeddable":true,"href":"https:\/\/www.europesays.com\/fr\/wp-json\/wp\/v2\/users\/2"}],"replies":[{"embeddable":true,"href":"https:\/\/www.europesays.com\/fr\/wp-json\/wp\/v2\/comments?post=556040"}],"version-history":[{"count":0,"href":"https:\/\/www.europesays.com\/fr\/wp-json\/wp\/v2\/posts\/556040\/revisions"}],"wp:featuredmedia":[{"embeddable":true,"href":"https:\/\/www.europesays.com\/fr\/wp-json\/wp\/v2\/media\/556041"}],"wp:attachment":[{"href":"https:\/\/www.europesays.com\/fr\/wp-json\/wp\/v2\/media?parent=556040"}],"wp:term":[{"taxonomy":"category","embeddable":true,"href":"https:\/\/www.europesays.com\/fr\/wp-json\/wp\/v2\/categories?post=556040"},{"taxonomy":"post_tag","embeddable":true,"href":"https:\/\/www.europesays.com\/fr\/wp-json\/wp\/v2\/tags?post=556040"}],"curies":[{"name":"wp","href":"https:\/\/api.w.org\/{rel}","templated":true}]}}