{"id":556042,"date":"2025-11-24T19:31:21","date_gmt":"2025-11-24T19:31:21","guid":{"rendered":"https:\/\/www.europesays.com\/fr\/556042\/"},"modified":"2025-11-24T19:31:21","modified_gmt":"2025-11-24T19:31:21","slug":"leurope-doit-lever-les-obstacles-pour-ne-pas-se-mettre-en-peril-estime-christine-lagarde","status":"publish","type":"post","link":"https:\/\/www.europesays.com\/fr\/556042\/","title":{"rendered":"L\u2019Europe doit lever les obstacles pour ne pas se \u00ab\u00a0mettre en p\u00e9ril\u00a0\u00bb, estime Christine Lagarde"},"content":{"rendered":"<p>L\u2019Europe risque-t-elle de \u00ab\u00a0laisser la vague d\u2019adoption de <a href=\"https:\/\/www.20minutes.fr\/dossier\/intelligence_artificielle\" class=\"c-link c-link--is-underlined\" target=\"_blank\" rel=\"noopener\">l\u2019IA <\/a>la d\u00e9passer\u00a0\u00bb\u00a0? C\u2019est la crainte de la pr\u00e9sidente de la Banque centrale europ\u00e9enne (BCE). Pour <a href=\"https:\/\/www.20minutes.fr\/dossier\/christine_lagarde\" class=\"c-link c-link--is-underlined\" target=\"_blank\" rel=\"noopener\">Christine Lagarde<\/a>, l\u2019Europe doit lever les <a href=\"https:\/\/www.20minutes.fr\/high-tech\/4187207-20251121-royaume-uni-premier-marche-noel-buckingham-palace-fausse-pub-generee-ia-fait-tour-monde\" class=\"c-link c-link--is-underlined\" target=\"_blank\" rel=\"noopener\">obstacles \u00e0 l\u2019adoption de l\u2019intelligence artificielle<\/a> pour pouvoir concurrencer les Etats-Unis et la Chine, pionniers en la mati\u00e8re.<\/p>\n<\/p>\n<p>La gardienne de l\u2019euro a en outre estim\u00e9 que les Europ\u00e9ens avaient d\u00e9j\u00e0 \u00ab\u00a0manqu\u00e9 l\u2019occasion d\u2019\u00eatre pionni\u00e8re dans l\u2019IA\u00a0\u00bb, les Etats-Unis et la Chine ayant pris une avance consid\u00e9rable dans ce domaine. Si la BCE a r\u00e9cemment averti que l\u2019actuelle<a href=\"https:\/\/www.20minutes.fr\/high-tech\/4186320-20251118-intelligence-artificielle-patron-google-met-garde-contre-eclatement-bulle\" class=\"c-link c-link--is-underlined\" target=\"_blank\" rel=\"noopener\"> flamb\u00e9e des valeurs technologiques pouvait accro\u00eetre les risques de crise financi\u00e8re, <\/a>Christine Lagarde a n\u00e9anmoins soulign\u00e9 qu\u2019il ne fallait pas pour autant rater le train de l\u2019IA.<\/p>\n<p>\u00ab\u00a0D\u00e9ployer l\u2019IA partout\u00a0\u00bb<\/p>\n<p>Elle a argu\u00e9 que l\u2019Europe pourrait tirer un gain \u00ab\u00a0significatif\u00a0\u00bb en mati\u00e8re de productivit\u00e9, marquant \u00ab\u00a0un saut clair par rapport \u00e0 la tendance r\u00e9cente\u00a0\u00bb de faible croissance. L\u2019Europe paye encore les cons\u00e9quences d\u2019avoir adopt\u00e9 tardivement la derni\u00e8re r\u00e9volution num\u00e9rique li\u00e9e \u00e0 Internet, aussi \u00ab\u00a0nous ne pouvons pas nous permettre de r\u00e9p\u00e9ter la m\u00eame erreur\u00a0\u00bb, a-t-elle pr\u00e9venu.<\/p>\n<p>Aujourd\u2019hui, le Vieux Continent peut encore \u00ab\u00a0devenir un acteur fort\u00a0\u00bb \u00e0 condition d\u2019agir \u00ab\u00a0de mani\u00e8re d\u00e9cisive\u00a0\u00bb, poursuit l\u2019ancienne directrice du Fonds mon\u00e9taire international (FMI). \u00ab\u00a0Notre objectif ne devrait pas \u00eatre de <a href=\"https:\/\/www.20minutes.fr\/high-tech\/4186688-20251119-grok-ia-elon-musk-enflamme-toile-propos-negationnistes-enquete-ouverte\" class=\"c-link c-link--is-underlined\" target=\"_blank\" rel=\"noopener\">construire les mod\u00e8les d\u2019IA les plus avanc\u00e9s<\/a>, mais plut\u00f4t de d\u00e9ployer l\u2019IA partout\u00a0\u00bb, a-t-elle encore dit. L\u2019Union europ\u00e9enne a annonc\u00e9 la semaine pass\u00e9e une s\u00e9rie de mesures visant \u00e0 r\u00e9duire le fardeau r\u00e9glementaire dans le domaine de l\u2019intelligence artificielle et des donn\u00e9es, au nom de l\u2019urgence \u00e0 redresser la comp\u00e9titivit\u00e9 de l\u2019Europe et combler son retard technologique.<\/p>\n","protected":false},"excerpt":{"rendered":"L\u2019Europe risque-t-elle de \u00ab\u00a0laisser la vague d\u2019adoption de l\u2019IA la d\u00e9passer\u00a0\u00bb\u00a0? C\u2019est la crainte de la pr\u00e9sidente de&hellip;\n","protected":false},"author":2,"featured_media":556043,"comment_status":"","ping_status":"","sticky":false,"template":"","format":"standard","meta":{"footnotes":""},"categories":[1586],"tags":[11,11126,25440,33,1777,674,1011,27,142,3995,12,25],"class_list":{"0":"post-556042","1":"post","2":"type-post","3":"status-publish","4":"format-standard","5":"has-post-thumbnail","7":"category-europe","8":"tag-actualites","9":"tag-bce","10":"tag-christine-lagarde","11":"tag-economie","12":"tag-eu","13":"tag-europe","14":"tag-fr","15":"tag-france","16":"tag-high-tech","17":"tag-intelligence-artificielle-ia","18":"tag-news","19":"tag-republique-francaise"},"share_on_mastodon":{"url":"https:\/\/pubeurope.com\/@fr\/115606341938774732","error":""},"_links":{"self":[{"href":"https:\/\/www.europesays.com\/fr\/wp-json\/wp\/v2\/posts\/556042","targetHints":{"allow":["GET"]}}],"collection":[{"href":"https:\/\/www.europesays.com\/fr\/wp-json\/wp\/v2\/posts"}],"about":[{"href":"https:\/\/www.europesays.com\/fr\/wp-json\/wp\/v2\/types\/post"}],"author":[{"embeddable":true,"href":"https:\/\/www.europesays.com\/fr\/wp-json\/wp\/v2\/users\/2"}],"replies":[{"embeddable":true,"href":"https:\/\/www.europesays.com\/fr\/wp-json\/wp\/v2\/comments?post=556042"}],"version-history":[{"count":0,"href":"https:\/\/www.europesays.com\/fr\/wp-json\/wp\/v2\/posts\/556042\/revisions"}],"wp:featuredmedia":[{"embeddable":true,"href":"https:\/\/www.europesays.com\/fr\/wp-json\/wp\/v2\/media\/556043"}],"wp:attachment":[{"href":"https:\/\/www.europesays.com\/fr\/wp-json\/wp\/v2\/media?parent=556042"}],"wp:term":[{"taxonomy":"category","embeddable":true,"href":"https:\/\/www.europesays.com\/fr\/wp-json\/wp\/v2\/categories?post=556042"},{"taxonomy":"post_tag","embeddable":true,"href":"https:\/\/www.europesays.com\/fr\/wp-json\/wp\/v2\/tags?post=556042"}],"curies":[{"name":"wp","href":"https:\/\/api.w.org\/{rel}","templated":true}]}}