{"id":556044,"date":"2025-11-24T19:32:14","date_gmt":"2025-11-24T19:32:14","guid":{"rendered":"https:\/\/www.europesays.com\/fr\/556044\/"},"modified":"2025-11-24T19:32:14","modified_gmt":"2025-11-24T19:32:14","slug":"sommet-ua-ue-a-luanda-une-premiere-journee-a-huis-clos","status":"publish","type":"post","link":"https:\/\/www.europesays.com\/fr\/556044\/","title":{"rendered":"Sommet UA\/UE \u00e0 Luanda: une premi\u00e8re journ\u00e9e \u00e0 huis clos"},"content":{"rendered":"<p class=\"mb-4 text-lg md:leading-8 break-words\">Avec notre envoy\u00e9e sp\u00e9ciale \u00e0 Luanda, <strong>Paulina Zidi<\/strong><\/p>\n<p class=\"mb-4 text-lg md:leading-8 break-words\">La premi\u00e8re journ\u00e9e se termine, ici. Les chefs d\u2019\u00c9tat et de gouvernement vont se diriger vers un des grands h\u00f4tels de la ville pour le d\u00eener officiel et plusieurs d\u2019entre eux quitteront Luanda d\u00e8s ce lundi soir. C\u2019est le cas par exemple du pr\u00e9sident fran\u00e7ais Emmanuel Macron ou encore de son homologue congolais F\u00e9lix Tshisekedi.<\/p>\n<p class=\"mb-4 text-lg md:leading-8 break-words\">Pas de d\u00e9claration attendue ce soir, le compte rendu de ce rendez-vous, ce sera, demain, mardi, en fin de journ\u00e9e.<\/p>\n<p class=\"mb-4 text-lg md:leading-8 break-words\">Aujourd\u2019hui, les dirigeants se sont retrouv\u00e9s \u00e0 huis clos pour diff\u00e9rents \u00e9changes. D\u2019abord autour des th\u00e9matiques\u00a0: paix, s\u00e9curit\u00e9 et gouvernance, l\u2019occasion de revenir sur les diff\u00e9rentes crises et conflits qui traversent les deux continents\u00a0: la situation en Ukraine \u00e9videment, mais aussi l\u2019est de la R\u00e9publique d\u00e9mocratique du Congo (RDC), le Soudan ou encore le Sahel. Autre th\u00e9matique du jour, celui du multilat\u00e9ralisme.<\/p>\n<p class=\"mb-4 text-lg md:leading-8 break-words\">Avant cela, c\u2019\u00e9tait la traditionnelle c\u00e9r\u00e9monie d\u2019ouverture. Les discours ont insist\u00e9 sur les 25 ann\u00e9es de partenariat entre les deux continents, depuis ce premier rendez-vous, en 2 000, au Caire. Et ils ont aussi not\u00e9 les nombreux d\u00e9fis \u00e0 relever pour rendre la relation, entre les deux blocs, plus forte, plus inclusive et plus \u00e9quilibr\u00e9e.<\/p>\n<p class=\"mb-4 text-lg md:leading-8 break-words\">\u00c0 lire aussi<a href=\"https:\/\/fr.news.yahoo.com\/sommet-ua-ue-avenir-relation-070214910.html\" class=\"link  yahoo-link\" data-ylk=\"slk:Sommet UA\/UE: quel avenir pour la relation entre les deux continents?;elm:context_link;itc:0;sec:content-canvas;outcm:mb_qualified_link;_E:mb_qualified_link;ct:story;\" target=\"_blank\" rel=\"noopener\">Sommet UA\/UE: quel avenir pour la relation entre les deux continents?<\/a><\/p>\n","protected":false},"excerpt":{"rendered":"Avec notre envoy\u00e9e sp\u00e9ciale \u00e0 Luanda, Paulina Zidi La premi\u00e8re journ\u00e9e se termine, ici. Les chefs d\u2019\u00c9tat et&hellip;\n","protected":false},"author":2,"featured_media":556045,"comment_status":"","ping_status":"","sticky":false,"template":"","format":"standard","meta":{"footnotes":""},"categories":[1586],"tags":[11,19672,10292,1777,674,1779,1011,27,3465,67361,12,67362,25,1778,364],"class_list":{"0":"post-556044","1":"post","2":"type-post","3":"status-publish","4":"format-standard","5":"has-post-thumbnail","7":"category-europe","8":"tag-actualites","9":"tag-chefs-detat-et-de-gouvernement","10":"tag-congolais","11":"tag-eu","12":"tag-europe","13":"tag-european-union","14":"tag-fr","15":"tag-france","16":"tag-journee","17":"tag-luanda","18":"tag-news","19":"tag-paulina-zidi","20":"tag-republique-francaise","21":"tag-ue","22":"tag-union-europeenne"},"share_on_mastodon":{"url":"https:\/\/pubeurope.com\/@fr\/115606345822531243","error":""},"_links":{"self":[{"href":"https:\/\/www.europesays.com\/fr\/wp-json\/wp\/v2\/posts\/556044","targetHints":{"allow":["GET"]}}],"collection":[{"href":"https:\/\/www.europesays.com\/fr\/wp-json\/wp\/v2\/posts"}],"about":[{"href":"https:\/\/www.europesays.com\/fr\/wp-json\/wp\/v2\/types\/post"}],"author":[{"embeddable":true,"href":"https:\/\/www.europesays.com\/fr\/wp-json\/wp\/v2\/users\/2"}],"replies":[{"embeddable":true,"href":"https:\/\/www.europesays.com\/fr\/wp-json\/wp\/v2\/comments?post=556044"}],"version-history":[{"count":0,"href":"https:\/\/www.europesays.com\/fr\/wp-json\/wp\/v2\/posts\/556044\/revisions"}],"wp:featuredmedia":[{"embeddable":true,"href":"https:\/\/www.europesays.com\/fr\/wp-json\/wp\/v2\/media\/556045"}],"wp:attachment":[{"href":"https:\/\/www.europesays.com\/fr\/wp-json\/wp\/v2\/media?parent=556044"}],"wp:term":[{"taxonomy":"category","embeddable":true,"href":"https:\/\/www.europesays.com\/fr\/wp-json\/wp\/v2\/categories?post=556044"},{"taxonomy":"post_tag","embeddable":true,"href":"https:\/\/www.europesays.com\/fr\/wp-json\/wp\/v2\/tags?post=556044"}],"curies":[{"name":"wp","href":"https:\/\/api.w.org\/{rel}","templated":true}]}}