{"id":556046,"date":"2025-11-24T19:33:21","date_gmt":"2025-11-24T19:33:21","guid":{"rendered":"https:\/\/www.europesays.com\/fr\/556046\/"},"modified":"2025-11-24T19:33:21","modified_gmt":"2025-11-24T19:33:21","slug":"lyon-apres-son-rendez-vous-professionnel-le-detenu-dangereux-a-quitte-la-region","status":"publish","type":"post","link":"https:\/\/www.europesays.com\/fr\/556046\/","title":{"rendered":"Lyon. Apr\u00e8s son rendez-vous professionnel, le d\u00e9tenu \u00ab\u00a0dangereux\u00a0\u00bb a quitt\u00e9 la r\u00e9gion"},"content":{"rendered":"<p>                    Par<br \/>\n        <strong><br \/>\n            <a href=\"https:\/\/actu.fr\/auteur\/nicolas-zaugra\" title=\"Consulter tous les articles de Nicolas Zaugra\" target=\"_blank\" rel=\"noopener\">Nicolas Zaugra<\/a><br \/>\n                    <\/strong><\/p>\n<p>        Publi\u00e9 le<\/p>\n<p>            24 nov. 2025 \u00e0 18h22        <\/p>\n<p><strong>INFO ACTU LYON<\/strong>. Le <a href=\"https:\/\/actu.fr\/hauts-de-france\/vendin-le-vieil_62842\/vendin-le-vieil-un-detenu-de-la-prison-pour-narcotrafiquants-est-bien-parti-en-permission-ce-lundi_63478891.html\" target=\"_blank\" rel=\"noopener\">d\u00e9tenu de la prison de Vendin-le-Vieil<\/a> (Pas-de-Calais), autoris\u00e9 \u00e0 se rendre dans l\u2019agglom\u00e9ration de Lyon pour un rendez-vous professionnel, a quitt\u00e9 la r\u00e9gion en fin d\u2019apr\u00e8s-midi pour regagner le nord de la France, en TGV.\u00a0<\/p>\n<p class=\" wall-content\"><a href=\"https:\/\/actu.fr\/auvergne-rhone-alpes\/lyon_69123\/l-un-des-100-detenus-les-plus-dangereux-de-france-a-lyon-pour-un-entretien-qui-est-il_63477432.html\" target=\"_blank\" rel=\"noopener\">Ouaihid Ben Fa\u00efza<\/a>, 52 ans, membre important d\u2019un vaste r\u00e9seau de trafic de drogue, est consid\u00e9r\u00e9 parmi les <strong>100 d\u00e9tenus les plus dangereux de France<\/strong>. Il est incarc\u00e9r\u00e9 dans le nouveau quartier ultra-s\u00e9curis\u00e9 de cette prison.<\/p>\n<p>Les renseignements territoriaux et la police lyonnaise mobilis\u00e9s<\/p>\n<p class=\" wall-content\">Il devait se rendre dans la journ\u00e9e dans l\u2019agglom\u00e9ration de Lyon, dans une commune non pr\u00e9cis\u00e9e, pour un rendez-vous autoris\u00e9 par la justice avec un potentiel employeur dans l\u2019agglom\u00e9ration lyonnaise. Le d\u00e9tenu lib\u00e9rable en 2029 n\u2019avait pas d\u2019escorte p\u00e9nitentiaire mais a \u00e9t\u00e9 l\u2019objet d\u2019un dispositif de surveillance mis en place par le renseignement territorial et la police lyonnaise, selon nos informations.<\/p>\n<p class=\" wall-content\">La pr\u00e9f\u00e8te du Rh\u00f4ne Fabienne Buccio \u00e9tait inform\u00e9e heure par heure de la situation, selon une source s\u00e9curitaire.<\/p>\n<p>\u00c9norme pol\u00e9mique politique<\/p>\n<p class=\" wall-content\">Le d\u00e9tenu va donc regagner sa prison ce soir, sa permission de sortie \u00e9tant en vigueur jusqu\u2019\u00e0 21h. La pol\u00e9mique politique, elle, n\u2019est pas pr\u00eate de retomber puisque sa sortie a provoqu\u00e9 un toll\u00e9 parmi des syndicats de surveillants et des politiques.<\/p>\n<p class=\" wall-content\">Le ministre de la Justice G\u00e9rald Darmanin a exprim\u00e9 dimanche son intention de modifier les r\u00e8gles d\u2019application des peines en mati\u00e8re de criminalit\u00e9 organis\u00e9e, en cr\u00e9ant, comme en mati\u00e8re de terrorisme, \u00ab\u00a0un droit sp\u00e9cifique et un juge d\u2019application sp\u00e9cialis\u00e9 qui conna\u00eet parfaitement les profils dangereux\u00a0\u00bb.<\/p>\n<p class=\" wall-content\">Personnalisez votre actualit\u00e9 en ajoutant vos villes et m\u00e9dias en favori avec <a href=\"https:\/\/moncompte.actu.fr\" title=\"D\u00e9couvez Mon Actu\" rel=\"nofollow noopener\" data-trk=\"{&quot;cta&quot;:{&quot;action&quot;:&quot;https:\\\/\\\/moncompte.actu.fr&quot;,&quot;category&quot;:&quot;mon compte&quot;,&quot;from&quot;:&quot;article footer&quot;,&quot;name&quot;:&quot;Mon actu&quot;,&quot;type&quot;:&quot;cta&quot;}}\" target=\"_blank\">Mon Actu<\/a>.<\/p>\n","protected":false},"excerpt":{"rendered":"Par Nicolas Zaugra Publi\u00e9 le 24 nov. 2025 \u00e0 18h22 INFO ACTU LYON. Le d\u00e9tenu de la prison&hellip;\n","protected":false},"author":2,"featured_media":556047,"comment_status":"","ping_status":"","sticky":false,"template":"","format":"standard","meta":{"footnotes":""},"categories":[2],"tags":[11,1011,27,303,12,1072,899,25,104],"class_list":{"0":"post-556046","1":"post","2":"type-post","3":"status-publish","4":"format-standard","5":"has-post-thumbnail","7":"category-actualites","8":"tag-actualites","9":"tag-fr","10":"tag-france","11":"tag-justice","12":"tag-news","13":"tag-police","14":"tag-prisons","15":"tag-republique-francaise","16":"tag-societe"},"share_on_mastodon":{"url":"https:\/\/pubeurope.com\/@fr\/115606349748920219","error":""},"_links":{"self":[{"href":"https:\/\/www.europesays.com\/fr\/wp-json\/wp\/v2\/posts\/556046","targetHints":{"allow":["GET"]}}],"collection":[{"href":"https:\/\/www.europesays.com\/fr\/wp-json\/wp\/v2\/posts"}],"about":[{"href":"https:\/\/www.europesays.com\/fr\/wp-json\/wp\/v2\/types\/post"}],"author":[{"embeddable":true,"href":"https:\/\/www.europesays.com\/fr\/wp-json\/wp\/v2\/users\/2"}],"replies":[{"embeddable":true,"href":"https:\/\/www.europesays.com\/fr\/wp-json\/wp\/v2\/comments?post=556046"}],"version-history":[{"count":0,"href":"https:\/\/www.europesays.com\/fr\/wp-json\/wp\/v2\/posts\/556046\/revisions"}],"wp:featuredmedia":[{"embeddable":true,"href":"https:\/\/www.europesays.com\/fr\/wp-json\/wp\/v2\/media\/556047"}],"wp:attachment":[{"href":"https:\/\/www.europesays.com\/fr\/wp-json\/wp\/v2\/media?parent=556046"}],"wp:term":[{"taxonomy":"category","embeddable":true,"href":"https:\/\/www.europesays.com\/fr\/wp-json\/wp\/v2\/categories?post=556046"},{"taxonomy":"post_tag","embeddable":true,"href":"https:\/\/www.europesays.com\/fr\/wp-json\/wp\/v2\/tags?post=556046"}],"curies":[{"name":"wp","href":"https:\/\/api.w.org\/{rel}","templated":true}]}}