{"id":556052,"date":"2025-11-24T19:38:12","date_gmt":"2025-11-24T19:38:12","guid":{"rendered":"https:\/\/www.europesays.com\/fr\/556052\/"},"modified":"2025-11-24T19:38:12","modified_gmt":"2025-11-24T19:38:12","slug":"transferts-pro-d2-vannes-se-fait-preter-le-talonneur-de-pau-hayam-el-bibouji","status":"publish","type":"post","link":"https:\/\/www.europesays.com\/fr\/556052\/","title":{"rendered":"Transferts \/ Pro D2 \u2013 Vannes se fait pr\u00eater le talonneur de Pau Hayam El-Bibouji"},"content":{"rendered":"<p>\n                En difficult\u00e9 au poste de talonneur, Vannes se renforce. Les Bretons se sont fait pr\u00eater un joueur de la Section paloise.\n            <\/p>\n<p>Hayam El-Bibouji retrouve <strong><a href=\"https:\/\/www.rugbyrama.fr\/rugby-a-xv\/pro-d2\/\" target=\"_self\" rel=\"noopener\">la Pro D2<\/a><\/strong>\u00a0! Le talonneur a \u00e9t\u00e9 pr\u00eat\u00e9 pour<strong><a href=\"https:\/\/www.rugbyrama.fr\/equipe\/vannes\/\" target=\"_self\" rel=\"noopener\"> le reste de la saison \u00e0 Vannes<\/a><\/strong> par la Section paloise. Les deux clubs l\u2019ont annonc\u00e9 ce lundi. L\u2019an dernier, l\u2019international marocain r\u00e9v\u00e9l\u00e9 \u00e0 Surenes avait \u00e9t\u00e9 c\u00e9d\u00e9 par Pau <strong><a href=\"https:\/\/www.rugbyrama.fr\/2025\/04\/03\/pro-d2-a-agen-hayam-el-bibouji-ne-fait-pas-dans-la-pacotille-12612788.php\" target=\"_self\" rel=\"noopener\">du c\u00f4t\u00e9 d\u2019Agen (dix rencontres), d\u00e9j\u00e0 dans l\u2019antichambre de l\u2019\u00e9lite<\/a><\/strong>. Dans le Morbihan, le joueur \u00e2g\u00e9 de 23 ans cherchera \u00e0 gagner du temps de jeu.<\/p>\n<p>Cette saison, la faute \u00e0 une blessure\u00a0\u00e0 la cheville lors du premier match de pr\u00e9paration, il n\u2019a pas disput\u00e9 le moindre match. \u00ab\u00a0Pr\u00eater Hayam \u00e0 Vannes est l\u2019occasion pour lui de matcher alors qu\u2019il revient de blessure et que nous ne subissons aucune blessure au poste, a expliqu\u00e9 S\u00e9bastien Piqueronies, le manager de Pau dans un communiqu\u00e9 de son club.\u00a0Il pourra ainsi cumuler du temps de jeu dans un championnat rude et exigeant pour son poste, chez le leader de Pro\u00a0D2. Comme toujours, notre staff assurera un suivi tr\u00e8s r\u00e9gulier de son pr\u00eat et Hayam pourra r\u00e9-int\u00e9grer notre effectif en cas de besoin.\u00a0\u00bb<\/p>\n<p>Au poste de talonneur, Vannes \u00e9tait sous tension. Avec la grave blessure au genou de Cyril Blanchard (fin de saison) et l\u2019indisponibilit\u00e9 de Th\u00e9o B\u00e9ziat, le RCV avait d\u00fb composer\u00a0qu\u2019avec Dave Cherry et l\u2019inexp\u00e9riment\u00e9 Tom Sarthou face \u00e0 Grenoble, le joueur de 22 ans disputant \u00e0 cette occasion sa premi\u00e8re minute de jeu chez les professionnels. Jean-No\u00ebl Spitzer peut d\u00e9sormais compter sur\u00a0Hayam El-Bibouji, donc, mais aussi sur le joker m\u00e9dical de Cyril Blanchard, le N\u00e9o-Z\u00e9landais James O\u2019Reilly.<\/p>\n","protected":false},"excerpt":{"rendered":"En difficult\u00e9 au poste de talonneur, Vannes se renforce. Les Bretons se sont fait pr\u00eater un joueur de&hellip;\n","protected":false},"author":2,"featured_media":556053,"comment_status":"","ping_status":"","sticky":false,"template":"","format":"standard","meta":{"footnotes":""},"categories":[1416],"tags":[1011,27,479,1468,60],"class_list":{"0":"post-556052","1":"post","2":"type-post","3":"status-publish","4":"format-standard","5":"has-post-thumbnail","7":"category-rugby","8":"tag-fr","9":"tag-france","10":"tag-rugby","11":"tag-rugby-football","12":"tag-sports"},"share_on_mastodon":{"url":"https:\/\/pubeurope.com\/@fr\/115606369396743819","error":""},"_links":{"self":[{"href":"https:\/\/www.europesays.com\/fr\/wp-json\/wp\/v2\/posts\/556052","targetHints":{"allow":["GET"]}}],"collection":[{"href":"https:\/\/www.europesays.com\/fr\/wp-json\/wp\/v2\/posts"}],"about":[{"href":"https:\/\/www.europesays.com\/fr\/wp-json\/wp\/v2\/types\/post"}],"author":[{"embeddable":true,"href":"https:\/\/www.europesays.com\/fr\/wp-json\/wp\/v2\/users\/2"}],"replies":[{"embeddable":true,"href":"https:\/\/www.europesays.com\/fr\/wp-json\/wp\/v2\/comments?post=556052"}],"version-history":[{"count":0,"href":"https:\/\/www.europesays.com\/fr\/wp-json\/wp\/v2\/posts\/556052\/revisions"}],"wp:featuredmedia":[{"embeddable":true,"href":"https:\/\/www.europesays.com\/fr\/wp-json\/wp\/v2\/media\/556053"}],"wp:attachment":[{"href":"https:\/\/www.europesays.com\/fr\/wp-json\/wp\/v2\/media?parent=556052"}],"wp:term":[{"taxonomy":"category","embeddable":true,"href":"https:\/\/www.europesays.com\/fr\/wp-json\/wp\/v2\/categories?post=556052"},{"taxonomy":"post_tag","embeddable":true,"href":"https:\/\/www.europesays.com\/fr\/wp-json\/wp\/v2\/tags?post=556052"}],"curies":[{"name":"wp","href":"https:\/\/api.w.org\/{rel}","templated":true}]}}