{"id":556056,"date":"2025-11-24T19:43:12","date_gmt":"2025-11-24T19:43:12","guid":{"rendered":"https:\/\/www.europesays.com\/fr\/556056\/"},"modified":"2025-11-24T19:43:12","modified_gmt":"2025-11-24T19:43:12","slug":"cyclisme-transfert-un-experimente-de-la-soudal-quick-step-retourne-en-3e-division","status":"publish","type":"post","link":"https:\/\/www.europesays.com\/fr\/556056\/","title":{"rendered":"Cyclisme. Transfert &#8211; Un exp\u00e9riment\u00e9 de la Soudal Quick-Step retourne en 3e division"},"content":{"rendered":"<p>Non retenu par <strong><a href=\"https:\/\/www.cyclismactu.net\/..\/news-transfert-route-situation-inedite-edward-planckaert-se-desiste-de-soudal-quick-step-90711.html\" target=\"_blank\" rel=\"noopener\">Soudal Quick-Step<\/a><\/strong>, le Tch\u00e8que <strong>Josef Cerny <\/strong>a choisi de poursuivre sa carri\u00e8re au sein de la formation Continentale (3e division)\u00a0<strong>Elkov-Kasper<\/strong>, o\u00f9 il s\u2019est engag\u00e9 pour une saison. Le rouleur de 32 ans continuera donc en 2026, m\u00eame si sa pr\u00e9sence sera probablement moins fr\u00e9quente sur les \u00e9preuves de tout premier plan. Arriv\u00e9 en fin de contrat chez <strong>Soudal Quick-Step<\/strong>, il a finalement opt\u00e9 pour un retour d\u2019un an dans une \u00e9quipe qu\u2019il conna\u00eet bien, puisqu\u2019il y avait d\u00e9j\u00e0 \u00e9volu\u00e9 en 2017 et 2018.<\/p>\n<p>Vid\u00e9o &#8211; Cerny, vainqueur d&rsquo;\u00e9tape sur la Semaine Coppi &amp; Bartali 2022 Lire la suite de l&rsquo;article&#13;<\/p>\n<p>\u00a0<\/p>\n<p>&#13;<br \/>\n\u00ab\u00a0Un mentor pr\u00e9cieux pour nos jeunes coureurs\u00a0\u00bb&#13;<\/p>\n<p><strong>Elkov-Kasper<\/strong>, structure modeste mais ambitieuse, se f\u00e9licite de r\u00e9cup\u00e9rer un coureur exp\u00e9riment\u00e9, capable d\u2019\u00eatre performant aussi bien sur les courses par \u00e9tapes qu\u2019en contre-la-montre, tout en jouant un r\u00f4le essentiel aupr\u00e8s des jeunes. \u00ab\u00a0Josef arrive avec une \u00e9norme exp\u00e9rience du cyclisme international. Nous sommes convaincus qu\u2019il jouera un r\u00f4le de leader dans les grandes courses nationales et qu\u2019il sera \u00e9galement un mentor pr\u00e9cieux pour nos jeunes coureurs\u00a0\u00bb, souligne le directeur sportif <strong>Petr Kaltofen<\/strong>.<\/p>\n<p>&#13;<\/p>\n<p>Ces cinq derni\u00e8res saisons,\u00a0<strong>Cerny <\/strong>courait en WorldTour sous les couleurs de<strong> Soudal Quick-Step<\/strong>. Auparavant, il avait port\u00e9 les maillots de<strong> CCC Team <\/strong>et donc\u00a0d\u2019<strong>Elkov-Kasper<\/strong>, o\u00f9 il avait d\u00e9j\u00e0 pass\u00e9 deux ans. Sp\u00e9cialiste reconnu du contre-la-montre, il a notamment remport\u00e9 le prologue du <strong>Tour de Romandie<\/strong> 2020 ainsi que trois titres de champion de R\u00e9publique tch\u00e8que de l\u2019exercice (2018, 2020, 2021).<\/p>\n","protected":false},"excerpt":{"rendered":"Non retenu par Soudal Quick-Step, le Tch\u00e8que Josef Cerny a choisi de poursuivre sa carri\u00e8re au sein de&hellip;\n","protected":false},"author":2,"featured_media":556057,"comment_status":"","ping_status":"","sticky":false,"template":"","format":"standard","meta":{"footnotes":""},"categories":[1411],"tags":[1154,207,211,1011,27,209,60,210,969,212,208,213],"class_list":{"0":"post-556056","1":"post","2":"type-post","3":"status-publish","4":"format-standard","5":"has-post-thumbnail","7":"category-cyclisme","8":"tag-cycling","9":"tag-cyclisme","10":"tag-ffc","11":"tag-fr","12":"tag-france","13":"tag-route","14":"tag-sports","15":"tag-tour-de-france","16":"tag-transfert","17":"tag-uci","18":"tag-velo","19":"tag-world-tour"},"share_on_mastodon":{"url":"https:\/\/pubeurope.com\/@fr\/115606389030721775","error":""},"_links":{"self":[{"href":"https:\/\/www.europesays.com\/fr\/wp-json\/wp\/v2\/posts\/556056","targetHints":{"allow":["GET"]}}],"collection":[{"href":"https:\/\/www.europesays.com\/fr\/wp-json\/wp\/v2\/posts"}],"about":[{"href":"https:\/\/www.europesays.com\/fr\/wp-json\/wp\/v2\/types\/post"}],"author":[{"embeddable":true,"href":"https:\/\/www.europesays.com\/fr\/wp-json\/wp\/v2\/users\/2"}],"replies":[{"embeddable":true,"href":"https:\/\/www.europesays.com\/fr\/wp-json\/wp\/v2\/comments?post=556056"}],"version-history":[{"count":0,"href":"https:\/\/www.europesays.com\/fr\/wp-json\/wp\/v2\/posts\/556056\/revisions"}],"wp:featuredmedia":[{"embeddable":true,"href":"https:\/\/www.europesays.com\/fr\/wp-json\/wp\/v2\/media\/556057"}],"wp:attachment":[{"href":"https:\/\/www.europesays.com\/fr\/wp-json\/wp\/v2\/media?parent=556056"}],"wp:term":[{"taxonomy":"category","embeddable":true,"href":"https:\/\/www.europesays.com\/fr\/wp-json\/wp\/v2\/categories?post=556056"},{"taxonomy":"post_tag","embeddable":true,"href":"https:\/\/www.europesays.com\/fr\/wp-json\/wp\/v2\/tags?post=556056"}],"curies":[{"name":"wp","href":"https:\/\/api.w.org\/{rel}","templated":true}]}}