{"id":556062,"date":"2025-11-24T19:46:30","date_gmt":"2025-11-24T19:46:30","guid":{"rendered":"https:\/\/www.europesays.com\/fr\/556062\/"},"modified":"2025-11-24T19:46:30","modified_gmt":"2025-11-24T19:46:30","slug":"prince-hussain-finaliste-du-wildlife-photographer-of-the-year","status":"publish","type":"post","link":"https:\/\/www.europesays.com\/fr\/556062\/","title":{"rendered":"Prince Hussain: finaliste du Wildlife Photographer of the Year"},"content":{"rendered":"<p>Exposition photographique \u2013 <\/p>\n<p>\u00abNous devons parler \u00e0 la place des animaux, qui ne peuvent pas se d\u00e9fendre\u00bb<\/p>\n<p class=\"ContentHead_lead____SsS link_regular__O0hk0 link_externalicon-big__ZdPgo link_externalicon__qcwXs\">Le prince Hussain, fils de l\u2019Aga Khan et natif de Gen\u00e8ve, fait partie des finalistes du concours Wildlife Photographer of the Year, dont les 100 plus belles photos sont expos\u00e9es \u00e0 B\u00e2le jusqu\u2019\u00e0 fin juin 2026.<\/p>\n<p><img loading=\"lazy\" decoding=\"async\" src=\"https:\/\/www.europesays.com\/fr\/wp-content\/uploads\/2025\/08\/8xRiuh5PqwK8tDpIza6KLf.jpg\"  width=\"100\" height=\"100\"  alt=\"Aur\u00e9lie Toninato\" class=\"AuthorImage_root__WCxj_ ContentMetaInfo_authorimage__Mp4LD AuthorImage_-content-head__3qDob\" style=\"background-color:#5E5E5E\"\/>Publi\u00e9: 23.11.2025, 18h28<img decoding=\"async\" loading=\"eager\" fetchpriority=\"high\" src=\"https:\/\/www.europesays.com\/fr\/wp-content\/uploads\/2025\/11\/50ubeuWZKyB9FJnSppyUoP.jpg\" alt=\"Dauphin baiji nageant dans une eau sombre et orang\u00e9e, \u00e9clair\u00e9 par une lumi\u00e8re douce.\" title=\"Dauphin baiji nageant dans une eau sombre et orang\u00e9e, \u00e9clair\u00e9 par une lumi\u00e8re douce.\" class=\"ResponsiveImage_root__ZDz10 responsive-image\" style=\"background-color:#D84F03\"\/><\/p>\n<p>Cette photo a \u00e9t\u00e9 s\u00e9lectionn\u00e9e pour le Wildlife Photographer of the Year. Le dauphin rose d\u2019Amazonie, pris ici \u00e0 Manaus au Br\u00e9sil, est menac\u00e9 par les filets de p\u00eache et le r\u00e9chauffement climatique.<\/p>\n<p>HUSSAIN AGA KHAN<\/p>\n<p><strong class=\"SummaryList_title__8uifR\">En bref:<\/strong><\/p>\n<ul class=\"SummaryList_list__pEa7M\">\n<li>Le prince Hussain Aga Khan, n\u00e9 \u00e0 Gen\u00e8ve, est s\u00e9lectionn\u00e9 pour le concours photographique mondial.<\/li>\n<li>Sa photo montre un dauphin rose d\u2019Amazonie, esp\u00e8ce menac\u00e9e par la p\u00eache et le climat.<\/li>\n<li>Sa fondation consacre jusqu\u2019\u00e0 2\u00a0millions de dollars \u00e0 la protection des esp\u00e8ces menac\u00e9es.<\/li>\n<\/ul>\n<p class=\"ArticleParagraph_root__lhFZo ArticleContainer_content-width__FRl7F link_focus__0ZMwx link_externalicon-big__ZdPgo link_externalicon__qcwXs ArticleElement_article-element__q93eL\">Ce dauphin rose d\u2019Amazonie a l\u2019air heureux. Il pose, danse presque, un sourire en coin. Mais derri\u00e8re la beaut\u00e9 et l\u2019insouciance de fa\u00e7ade se cache une esp\u00e8ce en voie de disparition, pi\u00e9g\u00e9e par des filets de p\u00eacheurs et asphyxi\u00e9e par le r\u00e9chauffement climatique. Cette photo a \u00e9t\u00e9 s\u00e9lectionn\u00e9e parmi 60\u2019000 autres dans le cadre du concours <a href=\"https:\/\/www.nhm.ac.uk\/wpy\" class=\"HtmlText_root__A1OSq\" target=\"_blank\" rel=\"noopener noreferrer\">Wildlife Photographer of the Year<\/a>, le plus important du genre, dont le <a href=\"https:\/\/www.nmbs.ch\/en\/exhibitions\/specialexhibition.html\" class=\"HtmlText_root__A1OSq\" target=\"_blank\" rel=\"noopener noreferrer\">Mus\u00e9e d\u2019histoire naturelle de B\u00e2le<\/a> expose les finalistes jusqu\u2019en juin 2026.<\/p>\n<p class=\"ArticleParagraph_root__lhFZo ArticleContainer_content-width__FRl7F link_focus__0ZMwx link_externalicon-big__ZdPgo link_externalicon__qcwXs ArticleElement_article-element__q93eL\">C\u2019est un prince n\u00e9 \u00e0 Gen\u00e8ve qui a tir\u00e9 le portrait de ce dauphin: Hussain Aga Khan, 51\u00a0ans. Il n\u2019est autre que le fils du c\u00e9l\u00e8bre <a class=\"HtmlText_root__A1OSq\" href=\"https:\/\/www.tdg.ch\/laga-khan-limam-des-ismaeliens-nizarites-est-decede-232715193104\" target=\"_blank\" rel=\"noopener\">Aga Khan<\/a> IV, imam des isma\u00e9liens niz\u00e2rites \u2013 un courant issu de l\u2019islam chiite \u2013 d\u00e9c\u00e9d\u00e9 en d\u00e9but d\u2019ann\u00e9e et milliardaire philanthrope \u00e0 l\u2019origine de la <a href=\"https:\/\/the.akdn\/fr\/notre-processus\/agences\/fondation-aga-khan\" class=\"HtmlText_root__A1OSq\" target=\"_blank\" rel=\"noopener noreferrer\">fondation AKDN<\/a>. Celle-ci emploie plus de 90\u2019000\u00a0personnes dans le monde et op\u00e8re notamment dans l\u2019\u00e9ducation et la sant\u00e9.<\/p>\n<p class=\"ArticleParagraph_root__lhFZo ArticleContainer_content-width__FRl7F link_focus__0ZMwx link_externalicon-big__ZdPgo link_externalicon__qcwXs ArticleElement_article-element__q93eL\">Avec son clich\u00e9, le prince Hussain fait partie des 100\u00a0photographes s\u00e9lectionn\u00e9s pour le concours international. \u00abJe suis tr\u00e8s reconnaissant, c\u2019est un grand privil\u00e8ge, nous confie-t-il depuis le Pacifique, o\u00f9 il participe \u00e0 une exp\u00e9dition. Nous ne prot\u00e9geons pas ce qui ne nous int\u00e9resse ou ne nous touche pas. Mes photos visent \u00e0 montrer l\u2019intelligence et la beaut\u00e9 des animaux, ainsi que l\u2019importance des \u00e9cosyst\u00e8mes, pour donner envie de s\u2019engager et de changer de comportement pour les prot\u00e9ger.\u00bb<\/p>\n<p>Passionn\u00e9 par les c\u00e9tac\u00e9s comme par les tritons<\/p>\n<p class=\"ArticleParagraph_root__lhFZo ArticleContainer_content-width__FRl7F link_focus__0ZMwx link_externalicon-big__ZdPgo link_externalicon__qcwXs ArticleElement_article-element__q93eL\">Les seuls flashs qu\u2019il affectionne, lui, sont ceux de son appareil. Le quinquag\u00e9naire accorde rarement des interviews, sauf si \u00e7a peut servir \u00e0 mettre en lumi\u00e8re des causes qui lui sont ch\u00e8res, \u00e0 l\u2019image de l\u2019exposition b\u00e2loise. Ses r\u00e9ponses soign\u00e9es \u00e0 nos quelques questions pr\u00e9liminaires, r\u00e9dig\u00e9es \u00e0 2\u00a0h du matin sur cinq pages et demie (!), prennent des allures de plaidoyer en faveur du vivant. \u00abSaviez-vous que durant au moins une phase de leur vie, un cinqui\u00e8me de toutes les esp\u00e8ces marines d\u00e9pendent des r\u00e9cifs coralliens, qui subissent actuellement un d\u00e9p\u00e9rissement sans pr\u00e9c\u00e9dent?\u00bb<\/p>\n<p><img decoding=\"async\" loading=\"lazy\" src=\"https:\/\/www.europesays.com\/fr\/wp-content\/uploads\/2025\/11\/EO8QRuTlqWZBLWQe4ou2cC.jpg\" alt=\"Un homme barbu en combinaison de plong\u00e9e avec une mer bleue en arri\u00e8re-plan.\" title=\"Un homme barbu en combinaison de plong\u00e9e avec une mer bleue en arri\u00e8re-plan.\" class=\"ResponsiveImage_root__ZDz10 responsive-image\" style=\"background-color:#898975\"\/><\/p>\n<p>Le prince Hussain prend d\u00e9sormais en majorit\u00e9 des clich\u00e9s sous-marins.<\/p>\n<p>ELIZABETH HOAG<\/p>\n<p class=\"ArticleParagraph_root__lhFZo ArticleContainer_content-width__FRl7F link_focus__0ZMwx link_externalicon-big__ZdPgo link_externalicon__qcwXs ArticleElement_article-element__q93eL\">Sa<strong> <\/strong>passion pour la faune commence \u00e0 l\u2019\u00e2ge de 4\u00a0ans, avec les poissons exotiques. Il grandit en regardant les \u00e9missions de David Attenborough et de Cousteau, en \u00e9coutant sa m\u00e8re lui lire les ouvrages du naturaliste Gerald Durrell et de Beatrix Potter. \u00abJ\u2019achetais tout ce que je pouvais sur les animaux: livres photo, posters, cartes postales, objets!\u00bb Tout l\u2019int\u00e9resse, des c\u00e9tac\u00e9s aux tritons de la mare de la maison familiale \u00e0 Chantilly, des requins aux escargots de Bourgogne de son jardin.<\/p>\n<p class=\"ArticleParagraph_root__lhFZo ArticleContainer_content-width__FRl7F link_focus__0ZMwx link_externalicon-big__ZdPgo link_externalicon__qcwXs ArticleElement_article-element__q93eL\">\u00abJe n\u2019explique pas cette fascination. C\u2019est inn\u00e9, mais d\u00e9velopp\u00e9 par mon grand-oncle, Prince Sadruddin, dont j\u2019\u00e9tais tr\u00e8s proche et qui m\u2019a inspir\u00e9, ainsi que renforc\u00e9 par mes exp\u00e9riences et lectures. Il \u00e9tait un grand amoureux de la nature et il a travaill\u00e9 pour son bien durant des d\u00e9cennies, notamment via sa fondation genevoise Bellerive.\u00bb<\/p>\n<p class=\"ArticleParagraph_root__lhFZo ArticleContainer_content-width__FRl7F link_focus__0ZMwx link_externalicon-big__ZdPgo link_externalicon__qcwXs ArticleElement_article-element__q93eL\">Apr\u00e8s une partie de sa scolarit\u00e9 \u00e0 l\u2019\u00e9cole priv\u00e9e genevoise Florimont \u2013 \u00abo\u00f9 j\u2019ai rencontr\u00e9 des amis tr\u00e8s proches que je vois encore\u00bb \u2013, le prince Hussain poursuit ses \u00e9tudes aux \u00c9tats-Unis avec son fr\u00e8re, et obtient un master en affaires internationales \u00e0 Columbia. C\u2019est en 1996, en Amazonie, \u00ablieu mythique que je r\u00eavais de visiter depuis des ann\u00e9es\u00bb, qu\u2019il commence la photographie. \u00abL\u2019essentiel \u00e9tait de pouvoir immortaliser ces animaux et ces lieux pour pouvoir les revoir \u00e0 tout moment, ainsi que les partager avec d\u2019autres personnes.\u00bb<\/p>\n<p>Le sourire forc\u00e9 des dauphins<\/p>\n<p class=\"ArticleParagraph_root__lhFZo ArticleContainer_content-width__FRl7F link_focus__0ZMwx link_externalicon-big__ZdPgo link_externalicon__qcwXs ArticleElement_article-element__q93eL\">Pour approcher le dauphin rose, un boto, de nature timide, le prince Hussain participe \u00e0 une exp\u00e9dition organis\u00e9e \u00e0 Manaus (Br\u00e9sil) par Tom Peschak \u2013 \u00abl\u2019un des meilleurs photographes au monde, avec lequel j\u2019ai la chance d\u2019\u00eatre ami\u00bb.<\/p>\n<p class=\"ArticleParagraph_root__lhFZo ArticleContainer_content-width__FRl7F link_focus__0ZMwx link_externalicon-big__ZdPgo link_externalicon__qcwXs ArticleElement_article-element__q93eL\">Sur place, des dauphins sont nourris par l\u2019homme et deviennent une attraction touristique. \u00abC\u2019est d\u00e9solant et je ne cautionne absolument pas cela. Mais c\u2019\u00e9tait une occasion unique de les photographier afin de les faire conna\u00eetre au public pour sensibiliser \u00e0 leur sort.\u00bb<\/p>\n<p><img decoding=\"async\" loading=\"lazy\" src=\"https:\/\/www.europesays.com\/fr\/wp-content\/uploads\/2025\/11\/0U3IC5NFaC-AZBkjXnaXI9.jpg\" alt=\"Requin nageant dans l\u2019oc\u00e9an bleu avec un poisson ray\u00e9 \u00e0 ses c\u00f4t\u00e9s.\" title=\"Requin nageant dans l\u2019oc\u00e9an bleu avec un poisson ray\u00e9 \u00e0 ses c\u00f4t\u00e9s.\" class=\"ResponsiveImage_root__ZDz10 responsive-image\" style=\"background-color:#20897D\"\/><\/p>\n<p>\u00abCe requin bleu, au Mexique, \u00e9tait mon tout premier et je n\u2019oublierai jamais l\u2019impression qu\u2019il m\u2019a faite\u00bb, raconte le photographe.<\/p>\n<p>HUSSAIN AGA KHAN<\/p>\n<p class=\"ArticleParagraph_root__lhFZo ArticleContainer_content-width__FRl7F link_focus__0ZMwx link_externalicon-big__ZdPgo link_externalicon__qcwXs ArticleElement_article-element__q93eL\">Seule une poign\u00e9e d\u2019esp\u00e8ces de dauphins d\u2019eau douce survit encore, dans l\u2019Amazone, le Gange, l\u2019Indus ou encore le M\u00e9kong. Quant \u00e0 leur \u00absourire\u00bb, le photographe rappelle qu\u2019il s\u2019agit d\u2019une caract\u00e9ristique physique constante chez le dauphin, et non d\u2019une expression de joie. \u00abLes visiteurs des parcs marins pensent souvent que les dauphins aiment participer \u00e0 des shows parce qu\u2019\u00abils sourient\u00bb. C\u2019est une illusion. La captivit\u00e9 est quelque chose d\u2019horrible et d\u2019injuste. Les dauphins tombent malades, manquent de place, sont priv\u00e9s de leur famille, souffrent de d\u00e9pression, deviennent fous.\u00bb<\/p>\n<p>Porter la \u00abvoix\u00bb des animaux et des \u00e9cosyst\u00e8mes<\/p>\n<p class=\"ArticleParagraph_root__lhFZo ArticleContainer_content-width__FRl7F link_focus__0ZMwx link_externalicon-big__ZdPgo link_externalicon__qcwXs ArticleElement_article-element__q93eL\">D\u00e9noncer, mais surtout sensibiliser, inspirer et \u00e9duquer, notamment les jeunes: ce sont les missions de sa fondation, <a href=\"https:\/\/focusedonnature.org\/maintenance\/\" class=\"HtmlText_root__A1OSq\" target=\"_blank\" rel=\"noopener noreferrer\">Focused On Nature<\/a> (FON), cr\u00e9\u00e9e en 2014 et consacr\u00e9e \u00e0 la conservation et \u00e0 la protection des esp\u00e8ces menac\u00e9es ainsi que de leurs habitats. Ces trois derni\u00e8res ann\u00e9es, son budget oscille entre 1 et 2\u00a0millions de dollars.<\/p>\n<p class=\"ArticleParagraph_root__lhFZo ArticleContainer_content-width__FRl7F link_focus__0ZMwx link_externalicon-big__ZdPgo link_externalicon__qcwXs ArticleElement_article-element__q93eL\">Les esp\u00e8ces qui en b\u00e9n\u00e9ficient en particulier sont les c\u00e9tac\u00e9s, les requins, les tortues, les raies, les \u00e9l\u00e9phants africains, les rhinoc\u00e9ros, \u00ables loups en Am\u00e9rique gr\u00e2ce \u00e0 ma femme. Mais nos plus grands dons vont \u00e0 la for\u00eat \u00e9quatorienne Choc\u00f3, menac\u00e9e alors qu\u2019elle contient une biodiversit\u00e9 et un end\u00e9misme inou\u00efs, ainsi qu\u2019\u00e0 la for\u00eat tropicale de Belize, o\u00f9 nous achetons notamment des terrains afin de les pr\u00e9server des entreprises foresti\u00e8res et de l\u2019industrie du caf\u00e9.\u00bb<\/p>\n<p><img decoding=\"async\" loading=\"lazy\" src=\"https:\/\/www.europesays.com\/fr\/wp-content\/uploads\/2025\/11\/0U4XaHmJaZ68UiMj2p8-1m.jpg\" alt=\"Jaguar traversant une rivi\u00e8re dans la for\u00eat tropicale, envelopp\u00e9 de v\u00e9g\u00e9tation luxuriante.\" title=\"Jaguar traversant une rivi\u00e8re dans la for\u00eat tropicale, envelopp\u00e9 de v\u00e9g\u00e9tation luxuriante.\" class=\"ResponsiveImage_root__ZDz10 responsive-image\" style=\"background-color:#65853B\"\/><\/p>\n<p>Les jaguars font face \u00e0 des menaces croissantes en Amazonie, en raison de la d\u00e9forestation, de la perte de leur habitat et du braconnage. \u00abOr, ils sont essentiels au fragile \u00e9quilibre de l\u2019\u00e9cosyst\u00e8me amazonien.\u00bb<\/p>\n<p>HUSSAIN AGA KHAN<\/p>\n<p class=\"ArticleParagraph_root__lhFZo ArticleContainer_content-width__FRl7F link_focus__0ZMwx link_externalicon-big__ZdPgo link_externalicon__qcwXs ArticleElement_article-element__q93eL\">Le philanthrope et son organisation d\u00e9veloppent \u00e9galement des mat\u00e9riaux \u00e9ducatifs et des expositions, notamment sur la base du mat\u00e9riel r\u00e9colt\u00e9 lors des exp\u00e9ditions photographiques. \u00abNous devons parler \u00e0 la place des animaux et des \u00e9cosyst\u00e8mes, qui ne peuvent pas se d\u00e9fendre eux-m\u00eames.\u00bb<\/p>\n<p class=\"ArticleParagraph_root__lhFZo ArticleContainer_content-width__FRl7F link_focus__0ZMwx link_externalicon-big__ZdPgo link_externalicon__qcwXs ArticleElement_article-element__q93eL\">On pourrait lui r\u00e9torquer qu\u2019il se fait porte-voix sans vraiment montrer l\u2019exemple puisqu\u2019il voyage en permanence en avion aux quatre coins de la terre\u2026 \u00abC\u2019est un dilemme auquel j\u2019accorde beaucoup d\u2019importance. Je ne pourrais pas montrer au public autant de biodiversit\u00e9 sans aller \u00e0 sa rencontre. Je ne peux qu\u2019esp\u00e9rer faire ma part, faire avancer les choses, sensibiliser le public, tout en agissant \u00e0 mon \u00e9chelle, par exemple en conduisant une voiture \u00e9lectrique et en prenant le train aussi souvent que possible.\u00bb<\/p>\n<p class=\"ArticleParagraph_root__lhFZo ArticleContainer_content-width__FRl7F link_focus__0ZMwx link_externalicon-big__ZdPgo link_externalicon__qcwXs ArticleElement_article-element__q93eL\">Et de citer <a class=\"HtmlText_root__A1OSq\" href=\"https:\/\/www.tdg.ch\/jane-goodall-la-celebre-primatologue-seteint-a-91-ans-168576464011\" target=\"_blank\" rel=\"noopener\">Jane Goodall<\/a>, c\u00e9l\u00e8bre primatologue et figure mondiale de la protection de l\u2019environnement, \u00e0 qui il s\u2019\u00e9tait ouvert sur cette pr\u00e9occupation: \u00abTu ne devrais absolument pas te sentir coupable de prendre l\u2019avion pour prendre ces superbes photos. Car chacune d\u2019elles touche les gens et les encourage \u00e0 faire leur part pour sauver la plan\u00e8te.\u00bb<\/p>\n<p>Questionnaire animalier<\/p>\n<p class=\"InterviewSegment_interviewquestion__rTtth\">La rencontre qui vous a le plus marqu\u00e9?<\/p>\n<p class=\"InterviewSegment_interviewanswer__PjyL_\">Il y a eu tellement de moments magiques, de rencontres \u00e9tonnantes, tellement d\u2019animaux touchants, c\u2019est impossible de choisir! Cette tortue qui reste \u00e0 mes c\u00f4t\u00e9s pendant plus de vingt minutes, ces phoques qui me grimpent sur le dos et tirent mes palmes, ces baleines joueuses qui me regardent dans les yeux avant de faire des pirouettes, cette rencontre avec la baleine \u00e0 bosse Crazy George, qui avait pour habitude de soulever des personnes sur son nez. Ou encore ces deux dauphins qui jouaient avec nous et avec lesquels j\u2019ai pass\u00e9 2\u00a0h\u00a055 en nageant plus de 3\u00a0kilom\u00e8tres! Ce moment fait partie de quelques-unes des plus belles heures de ma vie.<\/p>\n<p class=\"InterviewSegment_interviewquestion__rTtth\">Un animal que vous r\u00eavez de rencontrer?<\/p>\n<p class=\"InterviewSegment_interviewanswer__PjyL_\">Les baleines franches en Patagonie (mais l\u2019eau est tr\u00e8s froide\u2026). J\u2019aimerais aussi voir le requin p\u00e8lerin, le requin des sables et le requin l\u00e9opard (ou z\u00e8bre), ou encore les phoques gris en Angleterre, qui sont tr\u00e8s joueurs et curieux.<\/p>\n<p class=\"InterviewSegment_interviewquestion__rTtth\">S\u2019il ne fallait choisir qu\u2019une esp\u00e8ce menac\u00e9e \u00e0 prot\u00e9ger?<\/p>\n<p class=\"InterviewSegment_interviewanswer__PjyL_\">Mes amis blaguent souvent en disant que je devrais renommer mon association en \u00abUNfocused On Nature\u00bb parce qu\u2019elle n\u2019est pas \u00abfocalis\u00e9e\u00bb, mais engag\u00e9e dans la protection d\u2019une multitude d\u2019esp\u00e8ces diff\u00e9rentes! On me dit aussi qu\u2019elle aurait plus d\u2019impact si on r\u00e9duisait le nombre de b\u00e9n\u00e9ficiaires. Mais je ne peux pas imaginer r\u00e9duire ou arr\u00eater des dons envers l\u2019un pour donner plus \u00e0 un autre. Si nous devions rajouter du travail \u00e0 FON je pense que ce serait la lutte contre le commerce ill\u00e9gal des esp\u00e8ces sauvages, auquel j\u2019aimerais vraiment mettre fin.<\/p>\n<p>Exposition \u00e0 B\u00e2le<\/p>\n<p class=\"ArticleParagraph_root__lhFZo ArticleContainer_content-width__FRl7F link_focus__0ZMwx link_externalicon-big__ZdPgo link_externalicon__qcwXs ArticleElement_article-element__q93eL\">L\u2019exposition \u00abWildlife Photographer of the Year\u00bb, qui c\u00e9l\u00e8bre cette ann\u00e9e sa 61e\u00a0\u00e9dition, est organis\u00e9e par le Mus\u00e9e d\u2019histoire naturelle de Londres et r\u00e9compense chaque ann\u00e9e les plus belles photographies de nature. Les 100 plus belles images, dont celles du prince Hussain Aga Khan et de la Suissesse <a class=\"HtmlText_root__A1OSq\" href=\"https:\/\/www.tdg.ch\/wildlife-photographer-of-the-year-une-zurichoise-de-17-ans-louee-900497616994\" target=\"_blank\" rel=\"noopener\">Leana Kuster<\/a>, 17\u00a0ans, sont \u00e0 d\u00e9couvrir au <a href=\"https:\/\/www.museenbasel.ch\/fr\/museen\/naturhistorisches-museum-basel\/wildlife-photographer-of-the-year?date=2025-11-21\" class=\"HtmlText_root__A1OSq\" target=\"_blank\" rel=\"noopener noreferrer\">Mus\u00e9e d\u2019histoire naturelle de B\u00e2le<\/a> jusqu\u2019au 28\u00a0juin 2026. Des visites guid\u00e9es et des <a href=\"https:\/\/www.nmbs.ch\/en\/exhibitions\/specialexhibition.html\" target=\"_blank\" rel=\"noopener noreferrer\">after-hours<\/a> sont \u00e9galement propos\u00e9s.<\/p>\n<p><img decoding=\"async\" loading=\"lazy\" src=\"https:\/\/www.europesays.com\/fr\/wp-content\/uploads\/2025\/11\/A1YR_-F2qJW8vfyAJKBFXo.jpg\" alt=\"Un flamant rose tourne sa t\u00eate vers le bas, mettant en valeur son plumage blanc et son bec noir distinctif. Une patte rose et une partie du cou sont visibles \u00e0 l\u2019arri\u00e8re-plan.\" title=\"Un flamant rose tourne sa t\u00eate vers le bas, mettant en valeur son plumage blanc et son bec noir distinctif. Une patte rose et une partie du cou sont visibles \u00e0 l\u2019arri\u00e8re-plan.\" class=\"ResponsiveImage_root__ZDz10 responsive-image\" style=\"background-color:#CEC9C4\"\/><\/p>\n<p>Leana Kuster, 17\u00a0ans, de M\u00e4nnedorf en Suisse, a \u00e9t\u00e9 s\u00e9lectionn\u00e9e pour sa photo d\u2019un flamant rose immortalis\u00e9 lors d\u2019un voyage en Camargue.<\/p>\n<p>LEANA KUSTER<\/p>\n<p><img decoding=\"async\" loading=\"lazy\" src=\"https:\/\/www.europesays.com\/fr\/wp-content\/uploads\/2025\/11\/57Wx_dUIqrIBQrcCuhf2UU.jpg\" alt=\"Une hy\u00e8ne brune se d\u00e9place la nuit devant une maison abandonn\u00e9e \u00e0 Kolmanskoppe, ancienne ville mini\u00e8re en Namibie.\" title=\"Une hy\u00e8ne brune se d\u00e9place la nuit devant une maison abandonn\u00e9e \u00e0 Kolmanskoppe, ancienne ville mini\u00e8re en Namibie.\" class=\"ResponsiveImage_root__ZDz10 responsive-image\" style=\"background-color:#98773B\"\/><\/p>\n<p>Cette image a \u00e9t\u00e9 prise par Wim Van den Heever, le grand gagnant du titre de photographe animalier de l\u2019ann\u00e9e. Il a immortalis\u00e9 une hy\u00e8ne dans une ville fant\u00f4me de Namibie, o\u00f9 l\u2019on trouvait autrefois une mine de diamants.<\/p>\n<p>WIM VAN DEN HEEVER<\/p>\n<p><img decoding=\"async\" loading=\"lazy\" src=\"https:\/\/www.europesays.com\/fr\/wp-content\/uploads\/2025\/11\/BwZGlQ26arxAEP0GDhnFC0.jpg\" alt=\"Un paresseux agripp\u00e9 \u00e0 un poteau en bois pr\u00e8s d\u2019une cl\u00f4ture barbel\u00e9e, entour\u00e9 de v\u00e9g\u00e9tation luxuriante et sous un ciel partiellement nuageux.\" title=\"Un paresseux agripp\u00e9 \u00e0 un poteau en bois pr\u00e8s d\u2019une cl\u00f4ture barbel\u00e9e, entour\u00e9 de v\u00e9g\u00e9tation luxuriante et sous un ciel partiellement nuageux.\" class=\"ResponsiveImage_root__ZDz10 responsive-image\" style=\"background-color:#6691B8\"\/><\/p>\n<p>Cette image d\u2019un paresseux a \u00e9t\u00e9 prise au Costa Rica, apr\u00e8s que l\u2019animal a cr\u00e9\u00e9 un embouteillage en traversant la route. Pour le photographe, elle repr\u00e9sente le contraste entre le monde sauvage et domestique.<\/p>\n<p>EMMANUEL TARDY<\/p>\n<p class=\"DynamicTeaser_boxtitle__B6piN\">La famille Aga Khan<\/p>\n<p><strong>Aur\u00e9lie Toninato<\/strong> est journaliste \u00e0 la rubrique genevoise depuis 2010 et dipl\u00f4m\u00e9e de l&rsquo;Acad\u00e9mie du journalisme et des m\u00e9dias. Apr\u00e8s avoir couvert le domaine de l&rsquo;Education, elle se charge aujourd\u2019hui essentiellement des questions li\u00e9es \u00e0 la Sant\u00e9.<a class=\"ArticleAuthorBio_moreinfo__cqyvz link_underlinelink__K5Zr0\" rel=\"author noopener\" href=\"https:\/\/www.tdg.ch\/author\/62502811\/aurelie-toninato\" target=\"_blank\">Plus d&rsquo;infos<\/a><\/p>\n<p class=\"Feedback_root__fr_Mi ArticleContainer_content-width__FRl7F\">Vous avez trouv\u00e9 une erreur?<a href=\"mailto:tes_correction@tamedia.ch?subject=Avis%20d'erreur%20%7C%20Aur%C3%A9lie%20Toninato%20%7C%20%C2%ABNous%20devons%20parler%20%C3%A0%20la%20place%20des%20animaux%2C%20qui%20ne%20peuvent%20pas%20se%20d%C3%A9fendre%C2%BB&amp;body=J'ai%20trouv%C3%A9%20une%20erreur%20dans%20cet%20article%3A%20https%3A%2F%2Fwww.tdg.ch%2Fprince-hussain-finaliste-du-wildlife-photographer-of-the-year-916584864737\" class=\"Feedback_feedbacklink__VyDCi link_underlinelink__K5Zr0\">Merci de nous la signaler.<\/a><\/p>\n<p>2 commentaires<\/p>\n","protected":false},"excerpt":{"rendered":"Exposition photographique \u2013 \u00abNous devons parler \u00e0 la place des animaux, qui ne peuvent pas se d\u00e9fendre\u00bb Le&hellip;\n","protected":false},"author":2,"featured_media":556063,"comment_status":"","ping_status":"","sticky":false,"template":"","format":"standard","meta":{"footnotes":""},"categories":[1358],"tags":[1348,1384,1385,55275,1386,58,59,1011,27,37086,2300],"class_list":{"0":"post-556062","1":"post","2":"type-post","3":"status-publish","4":"format-standard","5":"has-post-thumbnail","7":"category-arts-et-design","8":"tag-arts","9":"tag-arts-and-design","10":"tag-arts-et-design","11":"tag-content-le-matin-dimanche","12":"tag-design","13":"tag-divertissement","14":"tag-entertainment","15":"tag-fr","16":"tag-france","17":"tag-stats-editorial-team","18":"tag-stats-seo"},"share_on_mastodon":{"url":"https:\/\/pubeurope.com\/@fr\/115606402166232470","error":""},"_links":{"self":[{"href":"https:\/\/www.europesays.com\/fr\/wp-json\/wp\/v2\/posts\/556062","targetHints":{"allow":["GET"]}}],"collection":[{"href":"https:\/\/www.europesays.com\/fr\/wp-json\/wp\/v2\/posts"}],"about":[{"href":"https:\/\/www.europesays.com\/fr\/wp-json\/wp\/v2\/types\/post"}],"author":[{"embeddable":true,"href":"https:\/\/www.europesays.com\/fr\/wp-json\/wp\/v2\/users\/2"}],"replies":[{"embeddable":true,"href":"https:\/\/www.europesays.com\/fr\/wp-json\/wp\/v2\/comments?post=556062"}],"version-history":[{"count":0,"href":"https:\/\/www.europesays.com\/fr\/wp-json\/wp\/v2\/posts\/556062\/revisions"}],"wp:featuredmedia":[{"embeddable":true,"href":"https:\/\/www.europesays.com\/fr\/wp-json\/wp\/v2\/media\/556063"}],"wp:attachment":[{"href":"https:\/\/www.europesays.com\/fr\/wp-json\/wp\/v2\/media?parent=556062"}],"wp:term":[{"taxonomy":"category","embeddable":true,"href":"https:\/\/www.europesays.com\/fr\/wp-json\/wp\/v2\/categories?post=556062"},{"taxonomy":"post_tag","embeddable":true,"href":"https:\/\/www.europesays.com\/fr\/wp-json\/wp\/v2\/tags?post=556062"}],"curies":[{"name":"wp","href":"https:\/\/api.w.org\/{rel}","templated":true}]}}