{"id":556067,"date":"2025-11-24T19:50:15","date_gmt":"2025-11-24T19:50:15","guid":{"rendered":"https:\/\/www.europesays.com\/fr\/556067\/"},"modified":"2025-11-24T19:50:15","modified_gmt":"2025-11-24T19:50:15","slug":"des-images-inedites-du-troisieme-volet-devoilees","status":"publish","type":"post","link":"https:\/\/www.europesays.com\/fr\/556067\/","title":{"rendered":"des images in\u00e9dites du troisi\u00e8me volet d\u00e9voil\u00e9es"},"content":{"rendered":"<p>\u00c0 un mois de sa sortie, le troisi\u00e8me volet de la saga de James Cameron d\u00e9voile une nouvelle bande-annonce. \u00ab\u00a0Avatar : De feu et de cendres\u00a0\u00bb explorera un univers volcanique, avec des personnages plus agressifs et guerriers que les tribus d\u00e9j\u00e0 connues.<\/p>\n<p>Sur Pandora, le paradis bioluminescent des premi\u00e8res heures vire au cauchemar. \u00c0 un mois de la sortie en salles, Avatar: de feu et de cendres d\u00e9voile son ultime bande-annonce et confirme qu&rsquo;il sera le plus long de la franchise: 3 heures et 15 minutes.<\/p>\n<p>L&rsquo;intrigue se d\u00e9roule peu de temps apr\u00e8s les \u00e9v\u00e9nements de La Voie de l&rsquo;eau. La famille Sully appara\u00eet fragilis\u00e9e par la perte de Neteyam, survenue dans le deuxi\u00e8me film. Jake et Neytiri, toujours interpr\u00e9t\u00e9s par Sam Worthington et Zoe Salda\u00f1a, doivent composer avec le deuil tout en faisant face \u00e0 cette nouvelle menace. Les tensions familiales \u00e9clatent, notamment entre Jake et son fils Lo&rsquo;ak.<\/p>\n<\/p>\n<p>Le clan des cendres men\u00e9e par la cheffe Na&rsquo;vi Varang (interpr\u00e9t\u00e9e par Oona Chaplin) est \u00e9troitement li\u00e9 aux environnements volcaniques et adopte une esth\u00e9tique marqu\u00e9e par les flammes. Plus agressifs et guerriers que les tribus connues, ils semblent pr\u00eats \u00e0 s&rsquo;allier aux humains.<\/p>\n<p>Une menace interne<\/p>\n<p>Apr\u00e8s le succ\u00e8s plan\u00e9taire d&rsquo;Avatar en 2009 et ses 2,9 milliards de dollars de recettes, puis celui du deuxi\u00e8me volet en 2022 avec 2,3 milliards de dollars et un Oscar des meilleurs effets visuels, James Cameron entreprend de complexifier son r\u00e9cit. Le nouveau volet cherche \u00e0 briser le manich\u00e9isme \u00e9tabli depuis le premier volet en montrant une menace indig\u00e8ne interne \u00e0 Pandora.<\/p>\n<p>Les spectateurs fran\u00e7ais pourront d\u00e9couvrir Avatar: de feu et de cendres le 17 d\u00e9cembre 2025, deux jours avant sa sortie internationale. Une avant-premi\u00e8re europ\u00e9enne est m\u00eame pr\u00e9vue \u00e0 La Seine Musicale le 5 d\u00e9cembre. Pour patienter, La Voie de l&rsquo;eau a \u00e9t\u00e9 r\u00e9\u00e9dit\u00e9 en salles d\u00e9but octobre en version 3D, avec des s\u00e9quences in\u00e9dites du troisi\u00e8me volet.<\/p>\n<p>Partager <\/p>\n","protected":false},"excerpt":{"rendered":"\u00c0 un mois de sa sortie, le troisi\u00e8me volet de la saga de James Cameron d\u00e9voile une nouvelle&hellip;\n","protected":false},"author":2,"featured_media":417679,"comment_status":"","ping_status":"","sticky":false,"template":"","format":"standard","meta":{"footnotes":""},"categories":[1354],"tags":[58,59,1346,1011,27,1360],"class_list":{"0":"post-556067","1":"post","2":"type-post","3":"status-publish","4":"format-standard","5":"has-post-thumbnail","7":"category-films","8":"tag-divertissement","9":"tag-entertainment","10":"tag-films","11":"tag-fr","12":"tag-france","13":"tag-movies"},"share_on_mastodon":{"url":"https:\/\/pubeurope.com\/@fr\/115606417623490412","error":""},"_links":{"self":[{"href":"https:\/\/www.europesays.com\/fr\/wp-json\/wp\/v2\/posts\/556067","targetHints":{"allow":["GET"]}}],"collection":[{"href":"https:\/\/www.europesays.com\/fr\/wp-json\/wp\/v2\/posts"}],"about":[{"href":"https:\/\/www.europesays.com\/fr\/wp-json\/wp\/v2\/types\/post"}],"author":[{"embeddable":true,"href":"https:\/\/www.europesays.com\/fr\/wp-json\/wp\/v2\/users\/2"}],"replies":[{"embeddable":true,"href":"https:\/\/www.europesays.com\/fr\/wp-json\/wp\/v2\/comments?post=556067"}],"version-history":[{"count":0,"href":"https:\/\/www.europesays.com\/fr\/wp-json\/wp\/v2\/posts\/556067\/revisions"}],"wp:featuredmedia":[{"embeddable":true,"href":"https:\/\/www.europesays.com\/fr\/wp-json\/wp\/v2\/media\/417679"}],"wp:attachment":[{"href":"https:\/\/www.europesays.com\/fr\/wp-json\/wp\/v2\/media?parent=556067"}],"wp:term":[{"taxonomy":"category","embeddable":true,"href":"https:\/\/www.europesays.com\/fr\/wp-json\/wp\/v2\/categories?post=556067"},{"taxonomy":"post_tag","embeddable":true,"href":"https:\/\/www.europesays.com\/fr\/wp-json\/wp\/v2\/tags?post=556067"}],"curies":[{"name":"wp","href":"https:\/\/api.w.org\/{rel}","templated":true}]}}