{"id":556072,"date":"2025-11-24T19:54:12","date_gmt":"2025-11-24T19:54:12","guid":{"rendered":"https:\/\/www.europesays.com\/fr\/556072\/"},"modified":"2025-11-24T19:54:12","modified_gmt":"2025-11-24T19:54:12","slug":"disneyland-paris-devoile-la-date-douverture-de-sa-nouvelle-zone-reine-des-neiges","status":"publish","type":"post","link":"https:\/\/www.europesays.com\/fr\/556072\/","title":{"rendered":"Disneyland Paris d\u00e9voile la date d\u2019ouverture de sa nouvelle zone Reine des Neiges"},"content":{"rendered":"<p>\n    <strong>REPORTAGE &#8211;<\/strong> Le parc Walt Disney Studios va doubler de superficie au printemps, avec une ambitieuse extension qui doit permettre \u00e0 Disneyland Paris d\u2019asseoir sa position de premier parc d\u2019attractions europ\u00e9en.<\/p>\n<p class=\"fig-paragraph\">Disneyland Paris aura bient\u00f4t un nouvel espace.\u00a0<a href=\"http:\/\/www.lefigaro.fr\/voyages\/2-milliards-d-euros-investis-un-parc-qui-double-sa-superficie-et-change-de-nom-bienvenue-dans-la-nouvelle-ere-disneyland-paris-20240412\" data-fig-type=\"Article\" data-gtm-custom-categorie=\"navigation\" data-gtm-custom-action=\"crossclick\" data-gtm-custom-label=\"Contextuel\" data-gtm-event=\"customEventSPE\" data-fig-domain=\"LEFIGARO\" target=\"_blank\" rel=\"noopener\">Au fond du parc Walt Disney Studios<\/a>, les fa\u00e7ades color\u00e9es d\u2019Arendelle, le royaume de la Reine des Neiges, s\u2019alignent d\u00e9j\u00e0 face \u00e0 une fontaine gel\u00e9e et un immense lac. Le restaurant est pr\u00eat \u00e0 servir des repas traditionnels, la boutique n\u2019attend plus que de voir ses rayons remplis de produits d\u00e9riv\u00e9s, et le panneau d\u2019entr\u00e9e de l\u2019attraction Frozen Ever After fait de l\u2019\u0153il aux rares privil\u00e9gi\u00e9s invit\u00e9s \u00e0 s\u2019infiltrer dans les lieux encore d\u00e9serts. Ce nouveau monde, baptis\u00e9 World of Frozen, les visiteurs pourront le d\u00e9couvrir \u00e0 partir du 29 mars 2026, annonce\u00a0<a href=\"http:\/\/www.lefigaro.fr\/societes\/disneyland-paris-veut-recruter-7000-salaries-pour-ses-attractions-hotels-et-restaurants-20240913\" data-fig-type=\"NewsFlash\" data-gtm-custom-categorie=\"navigation\" data-gtm-custom-action=\"crossclick\" data-gtm-custom-label=\"Contextuel\" data-gtm-event=\"customEventSPE\" data-fig-domain=\"LEFIGARO\" target=\"_blank\" rel=\"noopener\">Disneyland Paris<\/a>\u00a0ce lundi.<\/p>\n<p class=\"fig-paragraph\">Cette date marquera le d\u00e9but d\u2019un \u00abnouveau chapitre ambitieux\u00bb\u00a0<a href=\"http:\/\/www.lefigaro.fr\/culture\/quand-frauder-l-entree-a-disneyland-paris-devient-simple-comme-bonjour-20251007\" data-fig-type=\"Article\" data-gtm-custom-categorie=\"navigation\" data-gtm-custom-action=\"crossclick\" data-gtm-custom-label=\"Contextuel\" data-gtm-event=\"customEventSPE\" data-fig-domain=\"LEFIGARO\" target=\"_blank\" rel=\"noopener\">pour le parc d\u2019attractions<\/a>, assure sa patronne Natacha Rafalski, qui se r\u00e9jouit par avance de cette \u00abm\u00e9tamorphose historique\u00bb. Car ce ne sont pas qu\u2019une zone et une attraction inspir\u00e9es de l\u2019histoire du film d\u2019animation culte qui ouvriront ce jour-l\u00e0, mais une gigantesque extension qui va m\u00e9tamorphoser Walt Disney Studios, renomm\u00e9 Disney Adventure World \u00e0 cette occasion. Celui-ci, qui n\u2019avait pas \u00e9t\u00e9 agrandi depuis 2014, va, d\u2019un coup, doubler de superficie.<\/p>\n<p class=\"fig-premium-paywall__infos\">\n        Cet article est r\u00e9serv\u00e9 aux abonn\u00e9s.        Il vous reste 91% \u00e0 d\u00e9couvrir.\n    <\/p>\n<p>                <img  data- alt=\"Le Figaro\" class=\"fig-img--complete fig-img\"\/><\/p>\n<p class=\"fig-premium-paywall__title\">Black Friday<\/p>\n<p class=\"fig-premium-paywall__subtitle\">-70% sur l&rsquo;abonnement num\u00e9rique<\/p>\n<p class=\"fig-premium-paywall__connect\">\n                D\u00e9j\u00e0 abonn\u00e9\u00a0?                <a class=\"fig-premium-paywall__connect-link\" href=\"https:\/\/connect.lefigaro.fr\/login?client=horizon_web&amp;type=main&amp;redirect_uri=https%3A%2F%2Fwww.lefigaro.fr%2Fsocietes%2Fune-metamorphose-historique-disneyland-paris-devoile-la-date-d-ouverture-de-sa-nouvelle-zone-reine-des-neiges-20251124\" data-js-gtm=\"{&quot;customCategorie&quot;: &quot;conversion&quot;, &quot;customAction&quot;: &quot;before_Landing_Connexion_paywall_manuel&quot;, &quot;customLabel&quot;: &quot;bGVmaWdhcm8uZnJfXzFmMGM5MjBkLTJkNmUtNmIzZS1iNDVhLTJiZDBhNmQ1MDBlNl9fTmV3c0ZsYXNo_\u00abUne m\u00e9tamorphose historique\u00bb\u00a0: Disneyland Paris d\u00e9voile la date d\u2019ouverture de sa nouvelle zone Reine des Neiges_525&quot;, &quot;customIDSPE&quot;: &quot;bGVmaWdhcm8uZnJfXzFmMGM5MjBkLTJkNmUtNmIzZS1iNDVhLTJiZDBhNmQ1MDBlNl9fTmV3c0ZsYXNo&quot;, &quot;event&quot;: &quot;customEventSPE&quot;}\" target=\"_blank\" rel=\"noopener\"><br \/>\n                    Connectez-vous<br \/>\n                <\/a>\n            <\/p>\n","protected":false},"excerpt":{"rendered":"REPORTAGE &#8211; Le parc Walt Disney Studios va doubler de superficie au printemps, avec une ambitieuse extension qui&hellip;\n","protected":false},"author":2,"featured_media":556073,"comment_status":"","ping_status":"","sticky":false,"template":"","format":"standard","meta":{"footnotes":""},"categories":[8],"tags":[4906,58,59,1011,27,61961],"class_list":{"0":"post-556072","1":"post","2":"type-post","3":"status-publish","4":"format-standard","5":"has-post-thumbnail","7":"category-divertissement","8":"tag-disneyland-paris","9":"tag-divertissement","10":"tag-entertainment","11":"tag-fr","12":"tag-france","13":"tag-parc-dattraction"},"share_on_mastodon":{"url":"","error":""},"_links":{"self":[{"href":"https:\/\/www.europesays.com\/fr\/wp-json\/wp\/v2\/posts\/556072","targetHints":{"allow":["GET"]}}],"collection":[{"href":"https:\/\/www.europesays.com\/fr\/wp-json\/wp\/v2\/posts"}],"about":[{"href":"https:\/\/www.europesays.com\/fr\/wp-json\/wp\/v2\/types\/post"}],"author":[{"embeddable":true,"href":"https:\/\/www.europesays.com\/fr\/wp-json\/wp\/v2\/users\/2"}],"replies":[{"embeddable":true,"href":"https:\/\/www.europesays.com\/fr\/wp-json\/wp\/v2\/comments?post=556072"}],"version-history":[{"count":0,"href":"https:\/\/www.europesays.com\/fr\/wp-json\/wp\/v2\/posts\/556072\/revisions"}],"wp:featuredmedia":[{"embeddable":true,"href":"https:\/\/www.europesays.com\/fr\/wp-json\/wp\/v2\/media\/556073"}],"wp:attachment":[{"href":"https:\/\/www.europesays.com\/fr\/wp-json\/wp\/v2\/media?parent=556072"}],"wp:term":[{"taxonomy":"category","embeddable":true,"href":"https:\/\/www.europesays.com\/fr\/wp-json\/wp\/v2\/categories?post=556072"},{"taxonomy":"post_tag","embeddable":true,"href":"https:\/\/www.europesays.com\/fr\/wp-json\/wp\/v2\/tags?post=556072"}],"curies":[{"name":"wp","href":"https:\/\/api.w.org\/{rel}","templated":true}]}}