{"id":556078,"date":"2025-11-24T19:57:15","date_gmt":"2025-11-24T19:57:15","guid":{"rendered":"https:\/\/www.europesays.com\/fr\/556078\/"},"modified":"2025-11-24T19:57:15","modified_gmt":"2025-11-24T19:57:15","slug":"linculpation-de-james-comey-ex-directeur-du-fbi-et-celle-de-la-procureure-generale-de-letat-de-new-york-cibles-de-donald-trump-annulees-par-une-juge","status":"publish","type":"post","link":"https:\/\/www.europesays.com\/fr\/556078\/","title":{"rendered":"L\u2019inculpation de James Comey, ex-directeur du FBI, et celle de la procureure g\u00e9n\u00e9rale de l\u2019Etat de New York, cibles de Donald Trump, annul\u00e9es par une juge"},"content":{"rendered":"<p>                      <img loading=\"lazy\" decoding=\"async\" src=\"https:\/\/www.europesays.com\/fr\/wp-content\/uploads\/2025\/11\/d5b779b_ftp-import-images-1-z2yy3tuxxola-2025-11-24t174930z-656884731-rc243ia2k146-rtrmadp-3-usa-tru.jpeg\" alt=\"L\u2019ancien directeur du FBI James Comey, lors d\u2019une audience de la commission s\u00e9natoriale sur le renseignement, au\u00a0Capitole, \u00e0 Washington, DC, le 8\u00a0juin\u00a02017.\"   width=\"664\" height=\"443\"\/>    L\u2019ancien directeur du FBI James Comey, lors d\u2019une audience de la commission s\u00e9natoriale sur le renseignement, au\u00a0Capitole, \u00e0 Washington, DC, le 8\u00a0juin\u00a02017.  AARON P. BERNSTEIN \/ REUTERS                          <\/p>\n<p class=\"article__paragraph  \">Une juge f\u00e9d\u00e9rale am\u00e9ricaine a annul\u00e9, lundi 24\u00a0novembre, l\u2019inculpation de l\u2019ancien directeur du FBI James Comey et celle de la procureure g\u00e9n\u00e9rale de l\u2019Etat de New York, Letitia James, cibles de la vindicte de pr\u00e9sident Donald Trump. La juge a invalid\u00e9 la nomination de Lindsey Halligan, la procureure choisie par le pr\u00e9sident r\u00e9publicain, qui avait engag\u00e9 ces poursuites. Elle a prononc\u00e9, en cons\u00e9quence, l\u2019abandon des poursuites dans les deux dossiers.<\/p>\n<p class=\"article__paragraph  \">Lors d\u2019une audience la semaine derni\u00e8re, cette juge s\u2019\u00e9tait montr\u00e9e tr\u00e8s sceptique sur la l\u00e9galit\u00e9 de la d\u00e9signation de la procureure, promettant de rendre une d\u00e9cision \u00e0 ce sujet d\u2019ici la f\u00eate de Thanksgiving, le 27\u00a0novembre. Elle laisse n\u00e9anmoins la possibilit\u00e9 au minist\u00e8re de la justice de pr\u00e9senter un nouvel acte d\u2019accusation dans les deux affaires, m\u00eame si, dans le cas de James Comey, le d\u00e9lai de prescription des faits qui lui sont reproch\u00e9s a expir\u00e9 fin septembre.<\/p>\n<p class=\"article__paragraph  \">James Comey et Letitia James ont introduit d\u2019autres recours en annulation des poursuites, arguant notamment du fait qu\u2019elles \u00e9taient motiv\u00e9es par la seule \u00ab\u00a0rancune personnelle\u00a0\u00bb du pr\u00e9sident am\u00e9ricain. La justice ne s\u2019est pas encore prononc\u00e9e sur ces arguments.<\/p>\n<p>                    Volont\u00e9 de se venger                    <\/p>\n<p class=\"article__paragraph  \">En septembre, Donald Trump avait publiquement fait pression sur sa ministre de la justice, Pam Bondi, s\u2019\u00e9tonnant sur sa plateforme Truth Social que James Comey et Letitia James n\u2019aient toujours pas \u00e9t\u00e9 inculp\u00e9s, de m\u00eame qu\u2019un s\u00e9nateur d\u00e9mocrate. Apr\u00e8s avoir pouss\u00e9 \u00e0 la d\u00e9mission le procureur du district est de Virginie, le pr\u00e9sident r\u00e9publicain l\u2019avait aussit\u00f4t remplac\u00e9 \u00e0 ce poste strat\u00e9gique par Lindsey Halligan, une conseill\u00e8re de la Maison Blanche.<\/p>\n<p class=\"article__paragraph  \">Donald Trump a maintes fois exprim\u00e9, pendant sa campagne \u00e9lectorale, sa volont\u00e9 de se venger de tous ceux qu\u2019il consid\u00e8re comme des ennemis personnels.<\/p>\n<p>                                       Lire aussi |  Article r\u00e9serv\u00e9 \u00e0 nos abonn\u00e9s  <a href=\"https:\/\/www.lemonde.fr\/international\/article\/2025\/09\/26\/l-inculpation-de-james-comey-ancien-directeur-du-fbi-marque-le-debut-des-vengeances-judiciaires-de-donald-trump_6642977_3210.html\" class=\"js-article-read-also catcher--favoris__link\" data-premium=\"1\" id=\"article-title-3439714\" target=\"_blank\" rel=\"noopener\">L\u2019inculpation de James Comey, ancien directeur du FBI, marque le d\u00e9but des vengeances judiciaires de Donald Trump<\/a>    <\/p>\n<p>   Lire plus tard  <\/p>\n<p class=\"article__paragraph  \">James Comey est devenu, <a href=\"https:\/\/www.lemonde.fr\/international\/article\/2025\/09\/26\/james-comey-ex-directeur-du-fbi-inculpe-par-la-justice-americaine-pour-entrave-et-fausses-declarations_6642969_3210.html\" target=\"_blank\" rel=\"noopener\">le 25\u00a0septembre, la premi\u00e8re de ces personnalit\u00e9s \u00e0 \u00eatre inculp\u00e9e<\/a>, pour entrave \u00e0 la justice et fausses d\u00e9clarations, depuis le retour au pouvoir du milliardaire. Il \u00e9tait accus\u00e9 d\u2019avoir menti sous serment en niant, en r\u00e9ponse \u00e0 une question d\u2019un s\u00e9nateur, avoir autoris\u00e9 son adjoint \u00e0 \u00eatre cit\u00e9 sous couvert d\u2019anonymat dans les m\u00e9dias sur des enqu\u00eates sensibles conduites par le FBI. Durant son premier mandat (2017-2021), Donald Trump avait brutalement limog\u00e9 James Comey, en\u00a02017, alors que la police f\u00e9d\u00e9rale enqu\u00eatait sur d\u2019\u00e9ventuelles ing\u00e9rences russes dans la campagne pr\u00e9sidentielle de 2016.<\/p>\n<p class=\"article__paragraph  \">Letitia James avait quant \u00e0 elle <a href=\"https:\/\/www.lemonde.fr\/international\/article\/2025\/10\/10\/donald-trump-poursuit-sa-vendetta-contre-ses-ennemis-politiques-et-obtient-des-poursuites-judiciaires-contre-letitia-james-la-procureure-generale-de-new-york_6645545_3210.html\" target=\"_blank\" rel=\"noopener\">\u00e9t\u00e9 inculp\u00e9e le 9\u00a0octobre<\/a>. Elle \u00e9tait elle vis\u00e9e par deux chefs d\u2019accusation de fausses d\u00e9clarations lors de l\u2019obtention d\u2019un pr\u00eat bancaire.<\/p>\n<p> Le Monde M\u00e9morable  <\/p>\n<p> <a href=\"https:\/\/www.lemonde.fr\/memorable\/?rfextension=inread\" class=\"inread__link js-services-inread-link\" target=\"_blank\" rel=\"noopener\">  <\/p>\n<p>Testez votre culture g\u00e9n\u00e9rale avec la r\u00e9daction du \u00ab Monde \u00bb<\/p>\n<p>Testez votre culture g\u00e9n\u00e9rale avec la r\u00e9daction du \u00ab Monde \u00bb<\/p>\n<p>D\u00e9couvrir<\/p>\n<p> <\/a>      <\/p>\n<p> Newsletter  <\/p>\n<p> <a href=\"https:\/\/www.lemonde.fr\/newsletters\/a-la-une\/\" class=\"inread__link js-services-inread-link\" target=\"_blank\" rel=\"noopener\">  <\/p>\n<p>\u00ab A la une \u00bb<\/p>\n<p>Chaque matin, parcourez l&rsquo;essentiel de l&rsquo;actualit\u00e9 du jour avec les derniers titres du \u00ab Monde \u00bb<\/p>\n<p>S&rsquo;inscrire<\/p>\n<p> <\/a>          <\/p>\n<p> Le Monde Application  <\/p>\n<p> <a href=\"https:\/\/lamatinale.onelink.me\/gKMy\/ahw2ubr3\" class=\"inread__link js-services-inread-link\" target=\"_blank\" rel=\"noopener\">  <\/p>\n<p>La Matinale du Monde<\/p>\n<p>Chaque matin, retrouvez notre s\u00e9lection de 20 articles \u00e0 ne pas manquer <\/p>\n<p>T\u00e9l\u00e9charger l&rsquo;application<\/p>\n<p> <\/a>      <\/p>\n<p> Newsletter abonn\u00e9s  <\/p>\n<p> <a href=\"https:\/\/www.lemonde.fr\/newsletters\/international\/\" class=\"inread__link js-services-inread-link\" target=\"_blank\" rel=\"noopener\">  <\/p>\n<p>\u00ab International \u00bb<\/p>\n<p>L\u2019essentiel de l\u2019actualit\u00e9 internationale de la semaine<\/p>\n<p>S&rsquo;inscrire<\/p>\n<p> <\/a>             <\/p>\n<p class=\"article__paragraph  \">La procureure g\u00e9n\u00e9rale de l\u2019Etat de New York avait obtenu, en f\u00e9vrier\u00a02024, la condamnation civile de Donald Trump \u00e0 payer notamment la somme record de 450\u00a0millions de dollars (en comptant les int\u00e9r\u00eats, pr\u00e8s de 389\u00a0millions d\u2019euros), dans une affaire de fraude financi\u00e8re et de sur\u00e9valuation de son patrimoine. L\u2019amende a, par la suite, \u00e9t\u00e9 jug\u00e9e excessive et a \u00e9t\u00e9 annul\u00e9e par une cour d\u2019appel, qui a, cependant, maintenu la condamnation. Depuis lors, Donald Trump avait jur\u00e9 de la faire payer s\u2019il revenait au pouvoir.<\/p>\n<p>                                       Lire aussi (2018) |  Article r\u00e9serv\u00e9 \u00e0 nos abonn\u00e9s  <a href=\"https:\/\/www.lemonde.fr\/ameriques\/article\/2018\/04\/17\/james-comey-les-americains-doivent-reflechir-aux-dommages-infliges-par-donald-trump-aux-valeurs-du-pays_5286352_3222.html\" class=\"js-article-read-also catcher--favoris__link\" data-premium=\"1\" id=\"article-title-295004\" target=\"_blank\" rel=\"noopener\">James Comey\u00a0: \u00ab\u00a0Les Am\u00e9ricains doivent r\u00e9fl\u00e9chir aux dommages inflig\u00e9s par Donald Trump aux valeurs du pays\u00a0\u00bb<\/a>    <\/p>\n<p>   Lire plus tard  <\/p>\n<p class=\"author__detail\">  Le Monde avec AFP  <\/p>\n<p>                <a href=\"https:\/\/www.lemonde.fr\/syndication\/\" class=\"reuse__content\" title=\"R\u00e9utiliser ce contenu\" target=\"_blank\" rel=\"noopener\">R\u00e9utiliser ce contenu<\/a>      <\/p>\n","protected":false},"excerpt":{"rendered":"L\u2019ancien directeur du FBI James Comey, lors d\u2019une audience de la commission s\u00e9natoriale sur le renseignement, au\u00a0Capitole, \u00e0&hellip;\n","protected":false},"author":2,"featured_media":556079,"comment_status":"","ping_status":"","sticky":false,"template":"","format":"standard","meta":{"footnotes":""},"categories":[5],"tags":[11,1011,27,14,12,28],"class_list":{"0":"post-556078","1":"post","2":"type-post","3":"status-publish","4":"format-standard","5":"has-post-thumbnail","7":"category-international","8":"tag-actualites","9":"tag-fr","10":"tag-france","11":"tag-international","12":"tag-news","13":"tag-world"},"share_on_mastodon":{"url":"https:\/\/pubeurope.com\/@fr\/115606444968612457","error":""},"_links":{"self":[{"href":"https:\/\/www.europesays.com\/fr\/wp-json\/wp\/v2\/posts\/556078","targetHints":{"allow":["GET"]}}],"collection":[{"href":"https:\/\/www.europesays.com\/fr\/wp-json\/wp\/v2\/posts"}],"about":[{"href":"https:\/\/www.europesays.com\/fr\/wp-json\/wp\/v2\/types\/post"}],"author":[{"embeddable":true,"href":"https:\/\/www.europesays.com\/fr\/wp-json\/wp\/v2\/users\/2"}],"replies":[{"embeddable":true,"href":"https:\/\/www.europesays.com\/fr\/wp-json\/wp\/v2\/comments?post=556078"}],"version-history":[{"count":0,"href":"https:\/\/www.europesays.com\/fr\/wp-json\/wp\/v2\/posts\/556078\/revisions"}],"wp:featuredmedia":[{"embeddable":true,"href":"https:\/\/www.europesays.com\/fr\/wp-json\/wp\/v2\/media\/556079"}],"wp:attachment":[{"href":"https:\/\/www.europesays.com\/fr\/wp-json\/wp\/v2\/media?parent=556078"}],"wp:term":[{"taxonomy":"category","embeddable":true,"href":"https:\/\/www.europesays.com\/fr\/wp-json\/wp\/v2\/categories?post=556078"},{"taxonomy":"post_tag","embeddable":true,"href":"https:\/\/www.europesays.com\/fr\/wp-json\/wp\/v2\/tags?post=556078"}],"curies":[{"name":"wp","href":"https:\/\/api.w.org\/{rel}","templated":true}]}}