{"id":556080,"date":"2025-11-24T19:58:11","date_gmt":"2025-11-24T19:58:11","guid":{"rendered":"https:\/\/www.europesays.com\/fr\/556080\/"},"modified":"2025-11-24T19:58:11","modified_gmt":"2025-11-24T19:58:11","slug":"voici-a-quelle-date-sera-versee-cette-aide-qui-peut-monter-jusqua-500-euros","status":"publish","type":"post","link":"https:\/\/www.europesays.com\/fr\/556080\/","title":{"rendered":"voici \u00e0 quelle date sera vers\u00e9e cette aide qui peut monter jusqu&rsquo;\u00e0 500 euros"},"content":{"rendered":"<p>                    Par<br \/>\n        <strong><br \/>\n            <a href=\"https:\/\/actu.fr\/auteur\/maxime-tsjoen\" title=\"Consulter tous les articles de Maxime T&#039;sjoen\" target=\"_blank\" rel=\"noopener\">Maxime T&rsquo;sjoen<\/a><br \/>\n                    <\/strong><\/p>\n<p>        Publi\u00e9 le<\/p>\n<p>            24 nov. 2025 \u00e0 19h27        <\/p>\n<p>C\u2019est <strong>une aide attendue par 2,2 millions de foyers<\/strong> (chiffre de 2024). La prime de No\u00ebl est vers\u00e9e chaque ann\u00e9e \u00e0 la mi-d\u00e9cembre, mais la date a toujours son importance, car cette prime est un vrai coup de pouce pour les m\u00e9nages concern\u00e9s.\u00a0<\/p>\n<p class=\" wall-content\">Comme nous l\u2019avions <a href=\"https:\/\/actu.fr\/economie\/la-prime-de-noel-2025-arrive-bientot-la-date-a-laquelle-elle-devrait-etre-versee-cette-annee_63394101.html\" target=\"_blank\" rel=\"noopener\">\u00e9crit il y a quelques semaines<\/a>,<a href=\"https:\/\/actu.fr\/tag\/prime-de-noel\" target=\"_blank\" rel=\"noopener\"> la prime de No\u00ebl<\/a> <strong>sera vers\u00e9e \u00e0 partir du 16 d\u00e9cembre 2025<\/strong>, a indiqu\u00e9 le minist\u00e8re du Travail \u00e0 actu.fr,\u00a0confirmant une information r\u00e9v\u00e9l\u00e9e ce lundi 24 novembre par\u00a0<a href=\"https:\/\/www.ouest-france.fr\/economie\/social\/aides-sociales\/info-ouest-france-la-prime-de-noel-sera-versee-le-16-decembre-1a4effb0-c958-11f0-a0e6-83b9718ad3c0\" target=\"_blank\" rel=\"noopener\">Ouest-France<\/a>.\u00a0<\/p>\n<p>Qui peut toucher cette aide ?<\/p>\n<p class=\" wall-content\">Pour rappel, cette prime cr\u00e9\u00e9e en 1998<strong> <a href=\"https:\/\/actu.fr\/economie\/prime-de-noel-2025-jusqu-a-500-euros-d-aide-qui-peut-en-beneficier-avant-qu-elle-ne-soit-rabotee_63447190.html\" target=\"_blank\" rel=\"noopener\">n\u2019est pas vers\u00e9e \u00e0 l\u2019ensemble des allocataires<\/a><\/strong> de la Caf. Il faut avoir\u00a0b\u00e9n\u00e9fici\u00e9 des prestations suivantes en novembre ou en d\u00e9cembre 2025\u2009:<\/p>\n<ul class=\" wall-content\">\n<li>le revenu de solidarit\u00e9 active (RSA)\u2009;<\/li>\n<li>l\u2019allocation de solidarit\u00e9 sp\u00e9cifique (ASS)\u2009;<\/li>\n<li>l\u2019allocation \u00e9quivalent retraite (AER).<\/li>\n<\/ul>\n<p class=\" wall-content\">C\u2019est votre cas ? Vous n\u2019aurez donc aucune d\u00e9marche \u00e0 r\u00e9aliser.\u00a0<\/p>\n<blockquote class=\"ac-article-quote wall-content\">\n<p>La prime sera vers\u00e9e automatiquement aux b\u00e9n\u00e9ficiaires.<\/p>\n<p>    <strong>Caf<\/strong>\n            <\/p><\/blockquote>\n<p>Votre r\u00e9gion, votre actu !<\/p>\n<p>Recevez chaque jour les infos qui comptent pour vous.<\/p>\n<p>\t<a href=\"https:\/\/actu.fr\/newsletter\" class=\"ac-btn ac-btn--corner ac-btn--medium ac-btn--blue800\" target=\"_blank\" rel=\"noopener\">S&rsquo;incrire<\/a><br \/>\nQuels montants ?<\/p>\n<p class=\" wall-content\">Si vous percevez l\u2019ASS ou l\u2019AER, le montant de la prime est de 152,45 euros.\u00a0<\/p>\n<p class=\" wall-content\">En revanche, les b\u00e9n\u00e9ficiaires du RSA ont droit \u00e0 un montant de prime diff\u00e9rent, en fonction de la composition du foyer.<\/p>\n<p class=\" wall-content\">Voici le bar\u00e8me :<\/p>\n<ul class=\" wall-content\">\n<li>Pour une personne seule\u2009: 152,45 euros<\/li>\n<li>Pour un couple sans enfant\u2009: 228,68 euros<\/li>\n<li>Pour une personne seule avec un enfant \u00e0 charge\u2009: 228,68 euros<\/li>\n<li>Pour un couple avec un enfant \u00e0 charge\u2009: 274,41\u00a0euros<\/li>\n<li>Pour une personne seule avec deux enfants \u00e0 charge\u2009: 274,41 euros<\/li>\n<li>Pour un couple avec deux enfants \u00e0 charge\u2009: 320,15 euros<\/li>\n<li>Pour une personne seule avec trois enfants \u00e0 charge\u2009: 335,39 euros<\/li>\n<li>Pour un couple avec trois enfants \u00e0 charge\u2009: 381,13\u00a0euros<\/li>\n<li>Pour une personne seule avec quatre enfants \u00e0 charge\u2009: 396,37 euros<\/li>\n<li>Pour un couple avec quatre enfants \u00e0 charge\u2009: 442,11 euros<\/li>\n<li>Pour une personne seule avec cinq enfants \u00e0 charge\u2009: 457,35 euros<\/li>\n<li>Par personne suppl\u00e9mentaire\u2009: 60,98\u00a0euros<\/li>\n<\/ul>\n<p>Bient\u00f4t un coup de rabot ?<\/p>\n<p class=\" wall-content\">Le gouvernement, par l\u2019interm\u00e9diaire de son ministre du Travail <a href=\"https:\/\/actu.fr\/politique\/gouvernement-lecornu-ii-qui-est-jean-pierre-farandou-le-nouveau-ministre-du-travail-et-des-solidarites_63289768.html\" target=\"_blank\" rel=\"noopener\">Jean-Pierre Farandou<\/a>, expliquait au d\u00e9but du mois de novembre ne pas \u00eatre \u00ab\u00a0s\u00fbr que notre pays ait les moyens de poursuivre ces politiques de g\u00e9n\u00e9rosit\u00e9 maximale. Il faut donc accepter un recentrage.\u00a0\u00bb<\/p>\n<p class=\" wall-content\">Le budget 2026, dans la version initiale pr\u00e9sent\u00e9e par le gouvernement, pr\u00e9voyait ainsi une baisse des cr\u00e9dits allou\u00e9s \u00e0 cette prime.\u00a0<\/p>\n<p class=\" wall-content\">La prime de No\u00ebl, si le projet du gouvernement \u00e9tait vot\u00e9, serait ainsi supprim\u00e9e pour les demandeurs d\u2019emploi touchant l\u2019allocation de solidarit\u00e9 sp\u00e9cifique (ASS) et pour les allocataires du RSA de la Caf ou de la Mutualit\u00e9 sociale agricole (MSA) qui n\u2019ont pas d\u2019enfant.<\/p>\n<p class=\" wall-content\">Personnalisez votre actualit\u00e9 en ajoutant vos villes et m\u00e9dias en favori avec <a href=\"https:\/\/moncompte.actu.fr\" title=\"D\u00e9couvez Mon Actu\" rel=\"nofollow noopener\" data-trk=\"{&quot;cta&quot;:{&quot;action&quot;:&quot;https:\\\/\\\/moncompte.actu.fr&quot;,&quot;category&quot;:&quot;mon compte&quot;,&quot;from&quot;:&quot;article footer&quot;,&quot;name&quot;:&quot;Mon actu&quot;,&quot;type&quot;:&quot;cta&quot;}}\" target=\"_blank\">Mon Actu<\/a>.<\/p>\n","protected":false},"excerpt":{"rendered":"Par Maxime T&rsquo;sjoen Publi\u00e9 le 24 nov. 2025 \u00e0 19h27 C\u2019est une aide attendue par 2,2 millions de&hellip;\n","protected":false},"author":2,"featured_media":556081,"comment_status":"","ping_status":"","sticky":false,"template":"","format":"standard","meta":{"footnotes":""},"categories":[4],"tags":[11,1261,20504,33,1011,27,12,67364,25],"class_list":{"0":"post-556080","1":"post","2":"type-post","3":"status-publish","4":"format-standard","5":"has-post-thumbnail","7":"category-france","8":"tag-actualites","9":"tag-argent","10":"tag-caf","11":"tag-economie","12":"tag-fr","13":"tag-france","14":"tag-news","15":"tag-prime-de-noel","16":"tag-republique-francaise"},"share_on_mastodon":{"url":"https:\/\/pubeurope.com\/@fr\/115606448072363379","error":""},"_links":{"self":[{"href":"https:\/\/www.europesays.com\/fr\/wp-json\/wp\/v2\/posts\/556080","targetHints":{"allow":["GET"]}}],"collection":[{"href":"https:\/\/www.europesays.com\/fr\/wp-json\/wp\/v2\/posts"}],"about":[{"href":"https:\/\/www.europesays.com\/fr\/wp-json\/wp\/v2\/types\/post"}],"author":[{"embeddable":true,"href":"https:\/\/www.europesays.com\/fr\/wp-json\/wp\/v2\/users\/2"}],"replies":[{"embeddable":true,"href":"https:\/\/www.europesays.com\/fr\/wp-json\/wp\/v2\/comments?post=556080"}],"version-history":[{"count":0,"href":"https:\/\/www.europesays.com\/fr\/wp-json\/wp\/v2\/posts\/556080\/revisions"}],"wp:featuredmedia":[{"embeddable":true,"href":"https:\/\/www.europesays.com\/fr\/wp-json\/wp\/v2\/media\/556081"}],"wp:attachment":[{"href":"https:\/\/www.europesays.com\/fr\/wp-json\/wp\/v2\/media?parent=556080"}],"wp:term":[{"taxonomy":"category","embeddable":true,"href":"https:\/\/www.europesays.com\/fr\/wp-json\/wp\/v2\/categories?post=556080"},{"taxonomy":"post_tag","embeddable":true,"href":"https:\/\/www.europesays.com\/fr\/wp-json\/wp\/v2\/tags?post=556080"}],"curies":[{"name":"wp","href":"https:\/\/api.w.org\/{rel}","templated":true}]}}