{"id":556082,"date":"2025-11-24T19:59:16","date_gmt":"2025-11-24T19:59:16","guid":{"rendered":"https:\/\/www.europesays.com\/fr\/556082\/"},"modified":"2025-11-24T19:59:16","modified_gmt":"2025-11-24T19:59:16","slug":"nantes-sur-une-mauvaise-pente-et-sans-progres-le-totem-de-son-entraineur-luis-castro-vacille-lequipe","status":"publish","type":"post","link":"https:\/\/www.europesays.com\/fr\/556082\/","title":{"rendered":"Nantes sur une mauvaise pente et sans progr\u00e8s : le totem de son entra\u00eeneur Luis Castro vacille &#8211; L&#039;\u00c9quipe"},"content":{"rendered":"<ol>\n<li><a href=\"https:\/\/news.google.com\/rss\/articles\/CBMi1wFBVV95cUxQRG90RXV1aGZNNjNmTzBQU29ibmVPaVg1ckJzXzZ1X2NEMXRBX1Itdld6UUxRNDBqSFJ3a1k5Mkdob09KcDMtNFZEXy1qeGp2NU1QalZNWEdTQmVHV1FJOHR3SXVHZGUzUUZmUkFUSUNIa2FJZGVHaEtLWFRYdS1PWldzZ0JsTm1UNUdic1h6dWFkMU5QYVVlblZDS2JDVWN2U0xRU0xkbERlLTFocVJUVWJ3RkhjUmFtWmRTa2ZRNDVhNmJvR0p0b1RfSlFlYlBHbmZqNEVuUQ?oc=5\" target=\"_blank\" rel=\"noopener\">Nantes sur une mauvaise pente et sans progr\u00e8s : le totem de son entra\u00eeneur Luis Castro vacille<\/a>&nbsp;&nbsp;L&rsquo;\u00c9quipe<\/li>\n<li><a href=\"https:\/\/news.google.com\/rss\/articles\/CBMivwFBVV95cUxOSmptdWR1LU02V1lnLUNkVEsxZWdDWW16WjZwREs1UFJIdHA3TlF4a1U4dUxtaXJBblZmUDBpMG9fREctNUlwbld1MjVMVm5OM2FHV1ZaNjV1VVV5UURyWWplVnB4X3BuMlplekt1NmJJQTRHRUxYYk56dWV4SXhzeG95YUVmZVFaWHpTODNKT0sxY2RFbWJNbVFwYlZOdjFDS05VSzFaOFRNMTlRUURKRm9KYUphUl9iSkRnYUE5NNIBvgFBVV95cUxNYU5xYUliUU01ZTVRLWRlUFZ4aC13NEpiLUJ1cVJYRWQ4cFE1Sm9nMXozUzRUbUZSR21QemY2WkxUVFM0WUVURFRsQWd4OWZkemxITlhONmViLWFxejNHOW5LUUNtb2RkUVUzZWpLOFc0WW5WVGo1N2ctQmxUVUZuT2U3S0QzXzZZTHZaNG1RU2w4SEtVV0Z0RGVKODRWc2FDcng5dHBTamRWcE1mTTNOSzhPM05HOWpDZHBGZERR?oc=5\" target=\"_blank\" rel=\"noopener\">Nantes : Luis Castro conserve l&rsquo;appui de son vestiaire : Sports &#8211; Orange<\/a>&nbsp;&nbsp;Sports &#8211; Orange<\/li>\n<li><a href=\"https:\/\/news.google.com\/rss\/articles\/CBMi5AFBVV95cUxNS2RNSTNZTDJkeEowR1ZsdXFJQlcyZG5PSDdKem80NENLdlNkWG1SQUZZZk1uMlN1eDBZVmRMVE9QRGpvUVB1R3FDV2FMRWdGNVBNS1BUcWljQTdydGplXzhfejN6X05uVnJCT2Z5THV2ZXRZMWFZSURGNVdmVExpZFNFdTN5SklhRUZqME5zbzdzZ3JyeEd4akRjVExtMkRDdkVzU2JUWEJOdnlleVRqN0NfbG5lNmVDOGhvcVpFWC1QNzRBNzZuNUQ3U3pVQjdqc1NMaVMzZnB4a2tuODhhc0pCRjc?oc=5\" target=\"_blank\" rel=\"noopener\">FC Nantes. Avec Castro, il n\u2019y a toujours pas ce qu\u2019il vous faut<\/a>&nbsp;&nbsp;Ouest-France<\/li>\n<li><a href=\"https:\/\/news.google.com\/rss\/articles\/CBMi0wFBVV95cUxQT2NGdENHaUpvYVJGNTZjR3Bubmw1TzhwM3JlaUtiREFHNVJ3dXZjM1Z2c05oWThNcjl4MWY0eUVmU0RkQ2RoSmVIQUpOZmlvWDVOWVdJVEpUaFhtMXAtai1wMnNYdGJoSlFkanZZeXVOSVRKUjN1S0F6WG1naUZhRVhQZk85U3JoMXo5a2xpa3dFVkdaeHdxeldHc1BqRWdjWDdXWWRfWmNpXzc3MlFQMjVMOGh2MHlxSi02RzhER0x4Z0xFMkFGXzd5Qms5MkdXaEI0?oc=5\" target=\"_blank\" rel=\"noopener\">Comment Ruddy Buquet a-t-il pu accorder le but lorientais \u00e0 Nantes ?<\/a>&nbsp;&nbsp;20 Minutes<\/li>\n<li><a href=\"https:\/\/news.google.com\/rss\/articles\/CBMia0FVX3lxTFA1dmhXamxnNy0wMjN1SlNhMGRXdUlwemNYZ3g0WDNHNGtOVFprblMtOGxneTU4NlU0cWc3ZXBEWHYtUXFVRzdWdUJpRkctZFZaVDhEencyNjQ2S3F5aktoaW9ROXlRYUhrclBz?oc=5\" target=\"_blank\" rel=\"noopener\">INSIDE Tribunes &#8211; Le derby face au FC Lorient, vous y \u00e9tiez<\/a>&nbsp;&nbsp;FC Nantes<\/li>\n<\/ol>\n","protected":false},"excerpt":{"rendered":"Nantes sur une mauvaise pente et sans progr\u00e8s : le totem de son entra\u00eeneur Luis Castro vacille&nbsp;&nbsp;L&rsquo;\u00c9quipe Nantes&hellip;\n","protected":false},"author":2,"featured_media":556083,"comment_status":"","ping_status":"","sticky":false,"template":"","format":"standard","meta":{"footnotes":""},"categories":[2],"tags":[11,1011,27,12],"class_list":{"0":"post-556082","1":"post","2":"type-post","3":"status-publish","4":"format-standard","5":"has-post-thumbnail","7":"category-actualites","8":"tag-actualites","9":"tag-fr","10":"tag-france","11":"tag-news"},"share_on_mastodon":{"url":"https:\/\/pubeurope.com\/@fr\/115606451936749200","error":""},"_links":{"self":[{"href":"https:\/\/www.europesays.com\/fr\/wp-json\/wp\/v2\/posts\/556082","targetHints":{"allow":["GET"]}}],"collection":[{"href":"https:\/\/www.europesays.com\/fr\/wp-json\/wp\/v2\/posts"}],"about":[{"href":"https:\/\/www.europesays.com\/fr\/wp-json\/wp\/v2\/types\/post"}],"author":[{"embeddable":true,"href":"https:\/\/www.europesays.com\/fr\/wp-json\/wp\/v2\/users\/2"}],"replies":[{"embeddable":true,"href":"https:\/\/www.europesays.com\/fr\/wp-json\/wp\/v2\/comments?post=556082"}],"version-history":[{"count":0,"href":"https:\/\/www.europesays.com\/fr\/wp-json\/wp\/v2\/posts\/556082\/revisions"}],"wp:featuredmedia":[{"embeddable":true,"href":"https:\/\/www.europesays.com\/fr\/wp-json\/wp\/v2\/media\/556083"}],"wp:attachment":[{"href":"https:\/\/www.europesays.com\/fr\/wp-json\/wp\/v2\/media?parent=556082"}],"wp:term":[{"taxonomy":"category","embeddable":true,"href":"https:\/\/www.europesays.com\/fr\/wp-json\/wp\/v2\/categories?post=556082"},{"taxonomy":"post_tag","embeddable":true,"href":"https:\/\/www.europesays.com\/fr\/wp-json\/wp\/v2\/tags?post=556082"}],"curies":[{"name":"wp","href":"https:\/\/api.w.org\/{rel}","templated":true}]}}