{"id":556084,"date":"2025-11-24T20:00:59","date_gmt":"2025-11-24T20:00:59","guid":{"rendered":"https:\/\/www.europesays.com\/fr\/556084\/"},"modified":"2025-11-24T20:00:59","modified_gmt":"2025-11-24T20:00:59","slug":"saint-jean-bonnefonds-des-jeunes-ligeriens-portent-la-voix-des-droits-de-lenfant-au-senat","status":"publish","type":"post","link":"https:\/\/www.europesays.com\/fr\/556084\/","title":{"rendered":"Saint-Jean-Bonnefonds. Des jeunes Lig\u00e9riens portent la voix des droits de l\u2019Enfant au S\u00e9nat"},"content":{"rendered":"<p>Mercredi 19\u00a0novembre, le Comit\u00e9 d\u00e9partemental de l\u2019enfance s\u2019est r\u00e9uni \u00e0 l\u2019amicale la\u00efque de Tardy, \u00e0 Saint-\u00c9tienne, pour un temps fort d\u2019\u00e9changes. Plusieurs structures du territoire ont pr\u00e9sent\u00e9 des sayn\u00e8tes et interventions con\u00e7ues par des enfants de 6 \u00e0 11 ans. Les jeunes ont ainsi exprim\u00e9, \u00e0 travers ces mises en sc\u00e8ne, leurs droits, leurs pr\u00e9occupations et leurs revendications. Le th\u00e8me retenu cette ann\u00e9e, \u00ab\u00a0C\u2019est pas de ton \u00e2ge\u00a0\u00bb, a&#8230;<\/p>\n","protected":false},"excerpt":{"rendered":"Mercredi 19\u00a0novembre, le Comit\u00e9 d\u00e9partemental de l\u2019enfance s\u2019est r\u00e9uni \u00e0 l\u2019amicale la\u00efque de Tardy, \u00e0 Saint-\u00c9tienne, pour un&hellip;\n","protected":false},"author":2,"featured_media":556085,"comment_status":"","ping_status":"","sticky":false,"template":"","format":"standard","meta":{"footnotes":""},"categories":[9653],"tags":[1111,11,2430,7539,1057,1777,674,1011,27,12,25,4001,9664,9663],"class_list":{"0":"post-556084","1":"post","2":"type-post","3":"status-publish","4":"format-standard","5":"has-post-thumbnail","7":"category-saint-etienne","8":"tag-actu","9":"tag-actualites","10":"tag-auvergne-rhone-alpes","11":"tag-edition-loire-sud","12":"tag-education","13":"tag-eu","14":"tag-europe","15":"tag-fr","16":"tag-france","17":"tag-news","18":"tag-republique-francaise","19":"tag-saint-etienne","20":"tag-saint-etienne-bassin","21":"tag-saint-jean-bonnefonds"},"share_on_mastodon":{"url":"https:\/\/pubeurope.com\/@fr\/115606459813659844","error":""},"_links":{"self":[{"href":"https:\/\/www.europesays.com\/fr\/wp-json\/wp\/v2\/posts\/556084","targetHints":{"allow":["GET"]}}],"collection":[{"href":"https:\/\/www.europesays.com\/fr\/wp-json\/wp\/v2\/posts"}],"about":[{"href":"https:\/\/www.europesays.com\/fr\/wp-json\/wp\/v2\/types\/post"}],"author":[{"embeddable":true,"href":"https:\/\/www.europesays.com\/fr\/wp-json\/wp\/v2\/users\/2"}],"replies":[{"embeddable":true,"href":"https:\/\/www.europesays.com\/fr\/wp-json\/wp\/v2\/comments?post=556084"}],"version-history":[{"count":0,"href":"https:\/\/www.europesays.com\/fr\/wp-json\/wp\/v2\/posts\/556084\/revisions"}],"wp:featuredmedia":[{"embeddable":true,"href":"https:\/\/www.europesays.com\/fr\/wp-json\/wp\/v2\/media\/556085"}],"wp:attachment":[{"href":"https:\/\/www.europesays.com\/fr\/wp-json\/wp\/v2\/media?parent=556084"}],"wp:term":[{"taxonomy":"category","embeddable":true,"href":"https:\/\/www.europesays.com\/fr\/wp-json\/wp\/v2\/categories?post=556084"},{"taxonomy":"post_tag","embeddable":true,"href":"https:\/\/www.europesays.com\/fr\/wp-json\/wp\/v2\/tags?post=556084"}],"curies":[{"name":"wp","href":"https:\/\/api.w.org\/{rel}","templated":true}]}}