{"id":556086,"date":"2025-11-24T20:02:12","date_gmt":"2025-11-24T20:02:12","guid":{"rendered":"https:\/\/www.europesays.com\/fr\/556086\/"},"modified":"2025-11-24T20:02:12","modified_gmt":"2025-11-24T20:02:12","slug":"un-suspect-en-garde-a-vue-pour-avoir-porte-un-coup-mortel-a-la-sortie-dun-club","status":"publish","type":"post","link":"https:\/\/www.europesays.com\/fr\/556086\/","title":{"rendered":"un suspect en garde \u00e0 vue pour avoir port\u00e9 un coup mortel \u00e0 la sortie d\u2019un club"},"content":{"rendered":"<p>\n    Originaire de la ville, cet homme d\u2019une quarantaine d\u2019ann\u00e9es est connu des services de police. Il avait pris la fuite apr\u00e8s avoir agress\u00e9 trois clients \u00e0 la sortie d\u2019un \u00e9tablissement de nuit du centre-ville samedi.<\/p>\n<p class=\"fig-paragraph\">L&rsquo;auteur pr\u00e9sum\u00e9 d&rsquo;un coup de poing ayant entra\u00een\u00e9 la mort samedi d&rsquo;un client \u00e0 la sortie d&rsquo;un club after \u00e0\u00a0<a href=\"http:\/\/www.lefigaro.fr\/sports\/football\/ligue-1\/prison-avec-sursis-pour-deux-supporters-de-l-as-saint-etienne-qui-avaient-blesse-un-arbitre-avec-des-pieces-de-monnaie-20251104\" data-fig-type=\"NewsFlash\" data-gtm-custom-categorie=\"navigation\" data-gtm-custom-action=\"crossclick\" data-gtm-custom-label=\"Contextuel\" data-gtm-event=\"customEventSPE\" data-fig-domain=\"LEFIGARO\" target=\"_blank\" rel=\"noopener\">Saint-\u00c9tienne<\/a>\u00a0a \u00e9t\u00e9 interpell\u00e9 lundi et plac\u00e9 en\u00a0<a href=\"http:\/\/www.lefigaro.fr\/faits-divers\/sedan-une-femme-tuee-son-conjoint-interpelle-et-place-en-garde-a-vue-20251121\" data-fig-type=\"NewsFlash\" data-gtm-custom-categorie=\"navigation\" data-gtm-custom-action=\"crossclick\" data-gtm-custom-label=\"Contextuel\" data-gtm-event=\"customEventSPE\" data-fig-domain=\"LEFIGARO\" target=\"_blank\" rel=\"noopener\">garde \u00e0 vue<\/a>, a annonc\u00e9 le parquet.<\/p>\n<p class=\"fig-paragraph\">\u00abLe suspect, un St\u00e9phanois d&rsquo;une quarantaine d&rsquo;ann\u00e9es connu des services de police pour de nombreux faits de violence\u00bb, avait pris la fuite apr\u00e8s avoir agress\u00e9 trois clients \u00e0 la sortie d&rsquo;un \u00e9tablissement de nuit du centre-ville, a pr\u00e9cis\u00e9 \u00e0 l&rsquo;AFP le procureur adjoint de Saint-\u00c9tienne, Henry de Poncins.<\/p>\n<p>                                    <a class=\"fig-a11y-skip a11y-hidden\" href=\"#fig-a11y-skip-main-inarticle\"><br \/>\n        Passer la publicit\u00e9<br \/>\n    <\/a><\/p>\n<p class=\"fig-paragraph\">Il est \u00abl&rsquo;auteur pr\u00e9sum\u00e9\u00bb du coup mortel, a ajout\u00e9 le magistrat. Apr\u00e8s avoir \u00e9t\u00e9 \u00abidentifi\u00e9\u00bb, cet homme a \u00e9t\u00e9 arr\u00eat\u00e9 lundi matin \u00e0 son domicile de Saint-\u00c9tienne, a pr\u00e9cis\u00e9 \u00e0 l&rsquo;AFP une source proche de l&rsquo;enqu\u00eate.<\/p>\n<p>Une enqu\u00eate en flagrance ouverte<\/p>\n<p class=\"fig-paragraph\">Une des trois victimes, un homme de 34 ans tomb\u00e9 au sol \u00e0 l&rsquo;aube apr\u00e8s avoir re\u00e7u un violent coup de poing \u00e0 la t\u00eate, est d\u00e9c\u00e9d\u00e9e dans la soir\u00e9e de samedi \u00e0 l&rsquo;h\u00f4pital des suites de cette blessure. Il \u00e9tait p\u00e8re de trois filles.<\/p>\n<p class=\"fig-paragraph\">Dans l&rsquo;attente de l&rsquo;ouverture d&rsquo;une information judiciaire, le parquet de Saint-\u00c9tienne avait ordonn\u00e9 samedi une enqu\u00eate en flagrance pour \u00abviolences volontaires ayant entra\u00een\u00e9 la mort sans intention de la donner\u00bb, pr\u00e9cise-t-on de m\u00eame source.<\/p>\n","protected":false},"excerpt":{"rendered":"Originaire de la ville, cet homme d\u2019une quarantaine d\u2019ann\u00e9es est connu des services de police. Il avait pris&hellip;\n","protected":false},"author":2,"featured_media":556087,"comment_status":"","ping_status":"","sticky":false,"template":"","format":"standard","meta":{"footnotes":""},"categories":[9653],"tags":[1111,11,2430,1777,674,1011,27,7774,15516,12,25,4001],"class_list":{"0":"post-556086","1":"post","2":"type-post","3":"status-publish","4":"format-standard","5":"has-post-thumbnail","7":"category-saint-etienne","8":"tag-actu","9":"tag-actualites","10":"tag-auvergne-rhone-alpes","11":"tag-eu","12":"tag-europe","13":"tag-fr","14":"tag-france","15":"tag-garde-a-vue","16":"tag-interpellations","17":"tag-news","18":"tag-republique-francaise","19":"tag-saint-etienne"},"share_on_mastodon":{"url":"https:\/\/pubeurope.com\/@fr\/115606463722705761","error":""},"_links":{"self":[{"href":"https:\/\/www.europesays.com\/fr\/wp-json\/wp\/v2\/posts\/556086","targetHints":{"allow":["GET"]}}],"collection":[{"href":"https:\/\/www.europesays.com\/fr\/wp-json\/wp\/v2\/posts"}],"about":[{"href":"https:\/\/www.europesays.com\/fr\/wp-json\/wp\/v2\/types\/post"}],"author":[{"embeddable":true,"href":"https:\/\/www.europesays.com\/fr\/wp-json\/wp\/v2\/users\/2"}],"replies":[{"embeddable":true,"href":"https:\/\/www.europesays.com\/fr\/wp-json\/wp\/v2\/comments?post=556086"}],"version-history":[{"count":0,"href":"https:\/\/www.europesays.com\/fr\/wp-json\/wp\/v2\/posts\/556086\/revisions"}],"wp:featuredmedia":[{"embeddable":true,"href":"https:\/\/www.europesays.com\/fr\/wp-json\/wp\/v2\/media\/556087"}],"wp:attachment":[{"href":"https:\/\/www.europesays.com\/fr\/wp-json\/wp\/v2\/media?parent=556086"}],"wp:term":[{"taxonomy":"category","embeddable":true,"href":"https:\/\/www.europesays.com\/fr\/wp-json\/wp\/v2\/categories?post=556086"},{"taxonomy":"post_tag","embeddable":true,"href":"https:\/\/www.europesays.com\/fr\/wp-json\/wp\/v2\/tags?post=556086"}],"curies":[{"name":"wp","href":"https:\/\/api.w.org\/{rel}","templated":true}]}}