{"id":556100,"date":"2025-11-24T20:09:25","date_gmt":"2025-11-24T20:09:25","guid":{"rendered":"https:\/\/www.europesays.com\/fr\/556100\/"},"modified":"2025-11-24T20:09:25","modified_gmt":"2025-11-24T20:09:25","slug":"a-maromme-moustaches-et-defi-sportif-pour-alerter-sur-la-sante-masculine","status":"publish","type":"post","link":"https:\/\/www.europesays.com\/fr\/556100\/","title":{"rendered":"A Maromme, moustaches et d\u00e9fi sportif pour alerter sur la sant\u00e9 masculine"},"content":{"rendered":"\n<p style=\"text-align: left;\">La ville de Maromme a organis\u00e9 ce mercredi 19 novembre au stade Paul-Vauquelin un relais en \u00e9quipe <strong>pour mettre l&rsquo;accent sur la sant\u00e9 mentale, l&rsquo;une des th\u00e9matiques abord\u00e9es lors de \u00ab\u00a0<\/strong><strong>Movember\u00a0\u00bb<\/strong>, cette p\u00e9riode durant laquelle la gente masculine est invit\u00e9e \u00e0 se laisser pousser la moustache. Plus barbu que moustachu, Enzo a brav\u00e9 le froid et la pluie pour ce rendez-vous. \u00ab\u00a0\u00c7a peut aller (rires). Quand on va courir, je pense qu&rsquo;on va bien se r\u00e9chauffer, mais l\u00e0, le temps est un peu gris\u00a0\u00bb.<\/p>\n<p><strong>Briser le tabou<\/strong><\/p>\n<p style=\"text-align: left;\">Dans le monde, soixante hommes se suicident chaque heure. Le sujet de la sant\u00e9 mentale, qui reste tabou, au m\u00eame titre que les cancers de la prostate ou des testicules qui font l&rsquo;objet d&rsquo;une large sensibilisation depuis le d\u00e9but du mois. \u00ab\u00a0Effectivement, <strong>c&rsquo;est tr\u00e8s tr\u00e8s compliqu\u00e9 de mobiliser sur la sant\u00e9 puisqu<\/strong><strong>e <\/strong><strong>\u00e9videmment \u00e7a renvoie \u00e0 des choses n\u00e9gatives, jusqu&rsquo;\u00e0 la mort<\/strong><strong>\u00ab\u00a0<\/strong> souligne Lydia Jouan, du p\u00f4le Solidarit\u00e9 de la ville de Maromme. Des gestes simples permettent pourtant de rep\u00e9rer \u00e0 tout \u00e2ge certaines anomalies. \u00ab\u00a0La palpation soi-m\u00eame, que ce soit testicule, prostate. C&rsquo;est aussi aller aussi chez son m\u00e9decin pour en discuter, mais bon \u00e7a peut \u00eatre compliqu\u00e9\u00a0\u00bb ajoute-t-elle.<\/p>\n<p><strong>Sensibiliser au plus t\u00f4t<\/strong><\/p>\n<p style=\"text-align: left;\">Moustache sur le visage et sur le t-shirt, Martin a pris part au relais et encha\u00een\u00e9 les tours de piste, sensible \u00e0 ce sujet pour lequel il tient \u00e0 se mobiliser : \u00ab\u00a0Tous les mois de novembre, depuis quelques ann\u00e9es maintenant, je me laisse pousser la moustache en signe de soutien. <strong>Pour approcher la quarantaine, c&rsquo;est aussi des sujets sur lesquels il faut qu&rsquo;on soit sensibilis\u00e9s le plus t\u00f4t possible<\/strong>. \u00c7a va permettre de faire un peu avancer la cause, je pense\u00a0\u00bb. Et pour clore cette op\u00e9ration \u00ab\u00a0Movember\u00a0\u00bb, un prix de la plus belle moustache sera d\u00e9cern\u00e9 le 28 novembre prochain \u00e0 Maromme.<\/p>\n","protected":false},"excerpt":{"rendered":"La ville de Maromme a organis\u00e9 ce mercredi 19 novembre au stade Paul-Vauquelin un relais en \u00e9quipe pour&hellip;\n","protected":false},"author":2,"featured_media":556101,"comment_status":"","ping_status":"","sticky":false,"template":"","format":"standard","meta":{"footnotes":""},"categories":[9587],"tags":[1111,11,67368,67369,67367,1777,674,1011,27,22461,67366,64478,67365,12,5161,25,9590,71,2072,5163,13512],"class_list":{"0":"post-556100","1":"post","2":"type-post","3":"status-publish","4":"format-standard","5":"has-post-thumbnail","7":"category-rouen","8":"tag-actu","9":"tag-actualites","10":"tag-cancer-prostate","11":"tag-cancer-testicules","12":"tag-cancers-masculins","13":"tag-eu","14":"tag-europe","15":"tag-fr","16":"tag-france","17":"tag-infos-rouen","18":"tag-maromme","19":"tag-movember","20":"tag-movember-maromme","21":"tag-news","22":"tag-normandie","23":"tag-republique-francaise","24":"tag-rouen","25":"tag-sante","26":"tag-sante-mentale","27":"tag-seine-maritime","28":"tag-sensibilisation"},"share_on_mastodon":{"url":"https:\/\/pubeurope.com\/@fr\/115606491343761477","error":""},"_links":{"self":[{"href":"https:\/\/www.europesays.com\/fr\/wp-json\/wp\/v2\/posts\/556100","targetHints":{"allow":["GET"]}}],"collection":[{"href":"https:\/\/www.europesays.com\/fr\/wp-json\/wp\/v2\/posts"}],"about":[{"href":"https:\/\/www.europesays.com\/fr\/wp-json\/wp\/v2\/types\/post"}],"author":[{"embeddable":true,"href":"https:\/\/www.europesays.com\/fr\/wp-json\/wp\/v2\/users\/2"}],"replies":[{"embeddable":true,"href":"https:\/\/www.europesays.com\/fr\/wp-json\/wp\/v2\/comments?post=556100"}],"version-history":[{"count":0,"href":"https:\/\/www.europesays.com\/fr\/wp-json\/wp\/v2\/posts\/556100\/revisions"}],"wp:featuredmedia":[{"embeddable":true,"href":"https:\/\/www.europesays.com\/fr\/wp-json\/wp\/v2\/media\/556101"}],"wp:attachment":[{"href":"https:\/\/www.europesays.com\/fr\/wp-json\/wp\/v2\/media?parent=556100"}],"wp:term":[{"taxonomy":"category","embeddable":true,"href":"https:\/\/www.europesays.com\/fr\/wp-json\/wp\/v2\/categories?post=556100"},{"taxonomy":"post_tag","embeddable":true,"href":"https:\/\/www.europesays.com\/fr\/wp-json\/wp\/v2\/tags?post=556100"}],"curies":[{"name":"wp","href":"https:\/\/api.w.org\/{rel}","templated":true}]}}