{"id":556102,"date":"2025-11-24T20:10:29","date_gmt":"2025-11-24T20:10:29","guid":{"rendered":"https:\/\/www.europesays.com\/fr\/556102\/"},"modified":"2025-11-24T20:10:29","modified_gmt":"2025-11-24T20:10:29","slug":"lile-lacroix-va-vraiment-changer-oceade-se-reinvente-en-mega-complexe-sportif-skate-parkour-graff","status":"publish","type":"post","link":"https:\/\/www.europesays.com\/fr\/556102\/","title":{"rendered":"L\u2019\u00cele Lacroix va (vraiment) changer : Oc\u00e9ade se r\u00e9invente en m\u00e9ga complexe sportif \/ skate \/ parkour \/ graff"},"content":{"rendered":"<p>L\u2019Essentiel<\/p>\n<ul class=\"wp-block-list\">\n<li class=\"has-white-color has-text-color has-link-color wp-elements-5fbb2cb94f04a614aea4b40911231ef6\">L\u2019ancienne piscine Oc\u00e9ade va devenir un <strong>centre des cultures urbaines de 3 600 m\u00b2<\/strong>.<\/li>\n<li class=\"has-white-color has-text-color has-link-color wp-elements-363a2adcc2a4869bf0d8d6f7480e7985\">Un \u00e9norme espace glisse de <strong>1 800 m\u00b2<\/strong> (skate, trottinette, roller, BMX).<\/li>\n<li class=\"has-white-color has-text-color has-link-color wp-elements-6faddd2f91ebc88a1fadc3a6229838da\">Nouveaux espaces : <strong>parkour<\/strong>, <strong>graff<\/strong>, <strong>danse<\/strong>, <strong>basket 3\u00d73<\/strong>, multisport.<\/li>\n<li class=\"has-white-color has-text-color has-link-color wp-elements-b1e9c76ecdbb0f09042dd251152fa34b\">Un <strong>club-house<\/strong> et du <strong>coworking<\/strong> \u00e0 l\u2019\u00e9tage.<\/li>\n<li class=\"has-white-color has-text-color has-link-color wp-elements-6046e0a808e3d8b8f1b7eb0c37845347\">Projet \u00e9coresponsable : <strong>g\u00e9othermie<\/strong>, <strong>panneaux solaires<\/strong>, isolation renforc\u00e9e.<\/li>\n<li class=\"has-white-color has-text-color has-link-color wp-elements-1d37cb42adcd6ec05130893aec6422ea\">Budget : <strong>17,9 M\u20ac<\/strong>.<\/li>\n<li class=\"has-white-color has-text-color has-link-color wp-elements-9bbd2982c95361d108bea188349eb744\">Travaux : <strong>fin 2027 \u2192 fin 2029<\/strong>.<\/li>\n<\/ul>\n<p><strong>La renaissance inattendue d\u2019un lieu oubli\u00e9 \u00e0 Rouen<\/strong><\/p>\n<p>On connaissait tous ce grand b\u00e2timent abandonn\u00e9 qui tr\u00f4nait sur l\u2019\u00cele Lacroix comme un d\u00e9cor de film post-apo. Ferm\u00e9e depuis <strong>1991<\/strong>, l\u2019ancienne piscine Oc\u00e9ade dormait depuis plus de trente ans, devenue tour \u00e0 tour repaire d\u2019explorateurs urbains, terrain de tags XXL et casse-t\u00eate urbain pour la M\u00e9tropole.<\/p>\n<p>Bonne nouvelle : tout \u00e7a, c\u2019est bient\u00f4t du pass\u00e9. Ce <strong>lundi 24 novembre 2025<\/strong>, un tout nouveau projet a \u00e9t\u00e9 d\u00e9voil\u00e9 et, spoiler alert : on va clairement y passer du temps.<\/p>\n<p><strong>D\u2019un fiasco oubli\u00e9\u2026 \u00e0 un futur temple du sport urbain<\/strong><\/p>\n<p>Soyons honn\u00eates : Oc\u00e9ade, peu de Rouennais s\u2019en souviennent vraiment. L\u2019aventure n\u2019a dur\u00e9 que <strong>18 mois<\/strong>, un vrai naufrage pour un \u00e9quipement de cette ampleur. R\u00e9sultat : pendant trois d\u00e9cennies, l\u2019endroit est devenu un <strong>no man\u2019s land<\/strong> au pied de la tr\u00e8s fr\u00e9quent\u00e9e piscine Guy-Boissi\u00e8re.<\/p>\n<p>Mais depuis quelques ann\u00e9es, la M\u00e9tropole travaille sur la grande transformation de l\u2019\u00cele Lacroix. Et impossible d\u2019imaginer une \u00eele aussi strat\u00e9gique avec une friche en plein milieu.<\/p>\n<p>D\u00e8s <strong>2022<\/strong>, la discussion d\u00e9marre. En <strong>2024<\/strong>, un concours d\u2019architectes est lanc\u00e9. Trois projets finalistes\u2026 et c\u2019est finalement la vision de <strong>Jean-Pierre Lott<\/strong> qui d\u00e9croche la timbale.<\/p>\n<p><img loading=\"lazy\" decoding=\"async\" width=\"1024\" height=\"678\" data-id=\"39432\" src=\"https:\/\/www.europesays.com\/fr\/wp-content\/uploads\/2025\/11\/Credit-photo-Agence-Jean-Pierre-LOTT-IVAN-ROBIN-Rouen2-1024x678.png\" alt=\"Cr\u00e9dit photo : Agence Jean Pierre LOTT \/ IVAN ROBIN\" class=\"wp-image-39432 lazyload\" data-  \/>\u00a9 Agence Jean Pierre LOTT \/ IVAN ROBIN<\/p>\n<p><img loading=\"lazy\" decoding=\"async\" width=\"1024\" height=\"734\" data-id=\"39435\" src=\"https:\/\/www.europesays.com\/fr\/wp-content\/uploads\/2025\/11\/Credit-photo-Agence-Jean-Pierre-LOTT-IVAN-ROBIN-Rouen3-1024x734.png\" alt=\"Cr\u00e9dit photo : Agence Jean Pierre LOTT \/ IVAN ROBIN\" class=\"wp-image-39435 lazyload\" data-  \/>\u00a9 Agence Jean Pierre LOTT \/ IVAN ROBIN<\/p>\n<p><img loading=\"lazy\" decoding=\"async\" width=\"1024\" height=\"752\" data-id=\"39436\" src=\"https:\/\/www.europesays.com\/fr\/wp-content\/uploads\/2025\/11\/Credit-photo-Agence-Jean-Pierre-LOTT-IVAN-ROBIN-Rouen4-1024x752.png\" alt=\"Cr\u00e9dit photo : Agence Jean Pierre LOTT \/ IVAN ROBIN\" class=\"wp-image-39436 lazyload\" data-  \/>\u00a9 Agence Jean Pierre LOTT \/ IVAN ROBIN<\/p>\n<p><img loading=\"lazy\" decoding=\"async\" width=\"1009\" height=\"847\" data-id=\"39434\" src=\"https:\/\/www.europesays.com\/fr\/wp-content\/uploads\/2025\/11\/Credit-photo-Agence-Jean-Pierre-LOTT-IVAN-ROBIN-Rouen5.png\" alt=\"Cr\u00e9dit photo : Agence Jean Pierre LOTT \/ IVAN ROBIN\" class=\"wp-image-39434 lazyload\" data-  \/>\u00a9 Agence Jean Pierre LOTT \/ IVAN ROBIN<\/p>\n<p><img loading=\"lazy\" decoding=\"async\" width=\"949\" height=\"848\" data-id=\"39433\" src=\"https:\/\/www.europesays.com\/fr\/wp-content\/uploads\/2025\/11\/Credit-photo-Agence-Jean-Pierre-LOTT-IVAN-ROBIN-Rouen6.png\" alt=\"Cr\u00e9dit photo : Agence Jean Pierre LOTT \/ IVAN ROBIN\" class=\"wp-image-39433 lazyload\" data-  \/>\u00a9 Agence Jean Pierre LOTT \/ IVAN ROBIN<\/p>\n<p><img loading=\"lazy\" decoding=\"async\" width=\"1024\" height=\"733\" data-id=\"39438\" src=\"https:\/\/www.europesays.com\/fr\/wp-content\/uploads\/2025\/11\/Credit-photo-Agence-Jean-Pierre-LOTT-IVAN-ROBIN-Rouen7-1024x733.png\" alt=\"Cr\u00e9dit photo : Agence Jean Pierre LOTT \/ IVAN ROBIN\" class=\"wp-image-39438 lazyload\" data-  \/>\u00a9 Agence Jean Pierre LOTT \/ IVAN ROBIN<\/p>\n<p><img loading=\"lazy\" decoding=\"async\" width=\"1024\" height=\"495\" data-id=\"39437\" src=\"https:\/\/www.europesays.com\/fr\/wp-content\/uploads\/2025\/11\/Credit-photo-Agence-Jean-Pierre-LOTT-IVAN-ROBIN-Rouen8-1024x495.png\" alt=\"Cr\u00e9dit photo : Agence Jean Pierre LOTT \/ IVAN ROBIN\" class=\"wp-image-39437 lazyload\" data-  \/>\u00a9 Agence Jean Pierre LOTT \/ IVAN ROBIN<\/p>\n<p><img loading=\"lazy\" decoding=\"async\" width=\"1024\" height=\"517\" data-id=\"39439\" src=\"https:\/\/www.europesays.com\/fr\/wp-content\/uploads\/2025\/11\/Credit-photo-Agence-Jean-Pierre-LOTT-IVAN-ROBIN-Rouen9-1024x517.png\" alt=\"Cr\u00e9dit photo : Agence Jean Pierre LOTT \/ IVAN ROBIN\" class=\"wp-image-39439 lazyload\" data-  \/>\u00a9 Agence Jean Pierre LOTT \/ IVAN ROBIN<br \/>\n<strong>Bienvenue dans le futur : un centre d\u00e9di\u00e9 aux cultures urbaines<\/strong><\/p>\n<p>Exit la piscine d\u2019autrefois. Place \u00e0 un <strong>centre des cultures urbaines de 3 600 m\u00b2<\/strong>, pens\u00e9 comme un carrefour du sport nouvelle g\u00e9n\u00e9ration.<\/p>\n<p>Le c\u0153ur du projet ? <strong>1 800 m\u00b2 pour les sports de glisse<\/strong> : skate, trottinette, roller, BMX\u2026 avec modules en bois, dalle b\u00e9ton, et <strong>250 gradins escamotables<\/strong> pour accueillir des comp\u00e9titions. Oui oui, des comp\u00e9titions nationales.<\/p>\n<p style=\"margin: 0; color: #000000; font-size: 16px; font-weight: bold;\">\u00c0 voir aussi sur Rouen Bouge<\/p>\n<\/p>\n<p>                    \u2716\n                <\/p>\n<p>Un \u00e9quipement con\u00e7u main dans la main avec les assos locales, notamment <strong>Skate Off Rouen<\/strong>, pour remplacer l\u2019actuel skate-park du quartier Flaubert, vieillissant et promis \u00e0 la d\u00e9molition.<\/p>\n<p><strong>Parkour, danse, graff, basket\u2026 l\u2019\u00cele Lacroix devient une vraie machine \u00e0 sport<\/strong><\/p>\n<p>Autour de ce gros p\u00f4le glisse, le futur Oc\u00e9ade sera un v\u00e9ritable hub d\u2019activit\u00e9s urbaines :<\/p>\n<ul class=\"wp-block-list\">\n<li><strong>100 m\u00b2 d\u00e9di\u00e9s \u00e0 la danse<\/strong><\/li>\n<li><strong>150 m\u00b2 pour le graff<\/strong>, en semi-ouvert<\/li>\n<li><strong>200 m\u00b2 pour le parkour<\/strong>, avec des hauteurs jusqu\u2019\u00e0 <strong>7 m\u00e8tres<\/strong><\/li>\n<li><strong>Deux terrains de basket couverts en 3\u00d73<\/strong><\/li>\n<li><strong>Un terrain multisport ext\u00e9rieur<\/strong><\/li>\n<li>Un <strong>club-house<\/strong> et des <strong>espaces de coworking<\/strong> \u00e0 l\u2019\u00e9tage<\/li>\n<\/ul>\n<p>L\u2019ambition est claire : faire de l\u2019\u00cele Lacroix <strong>\u00ab l\u2019\u00eele la plus sportive de France \u00bb<\/strong>. Et quand on regarde la densit\u00e9 de clubs d\u00e9j\u00e0 pr\u00e9sents, natation, aviron, glace, plong\u00e9e\u2026 On se dit que le titre n\u2019est pas si exag\u00e9r\u00e9.<\/p>\n<p><strong>Un projet durable, responsable et tr\u00e8s styl\u00e9<\/strong><\/p>\n<p>La structure originale sera conserv\u00e9e (et renforc\u00e9e), mais tout le reste va \u00eatre repens\u00e9 pour faire entrer le site dans le 21e si\u00e8cle.<\/p>\n<p>Au programme :<\/p>\n<ul class=\"wp-block-list\">\n<li>isolation ext\u00e9rieure repens\u00e9e,<\/li>\n<li><strong>g\u00e9othermie<\/strong> pour l\u2019eau chaude,<\/li>\n<li><strong>2 400 m\u00b2 de panneaux photovolta\u00efques<\/strong>,<\/li>\n<li>r\u00e9emploi des b\u00e9tons d\u00e9molis,<\/li>\n<li>sous-sols condamn\u00e9s pour \u00e9viter les d\u00e9g\u00e2ts lors de crues.<\/li>\n<\/ul>\n<p>C\u00f4t\u00e9 esth\u00e9tique, Jean-Pierre Lott promet une entr\u00e9e iconique : une forme haute, toute en rondeurs, <strong>asym\u00e9trique<\/strong>, pens\u00e9e comme un clin d\u2019\u0153il \u00e0 la vitesse, \u00e0 l\u2019eau et aux courbes de la Seine.<\/p>\n<p>Bref, ce sera beau, vraiment beau.<\/p>\n<p><strong>Combien \u00e7a co\u00fbte et quand \u00e7a arrive ?<\/strong><\/p>\n<p>Le budget total fr\u00f4le les <strong>18 millions d\u2019euros<\/strong>, financ\u00e9s par l\u2019\u00c9tat, la R\u00e9gion, le D\u00e9partement et l\u2019Europe. Un investissement massif pour <strong>redonner de l\u2019\u00e9clat \u00e0 l\u2019\u00cele Lacroix<\/strong> et offrir aux Rouennais un vrai lieu de vie.<\/p>\n<p>Si tout se passe comme pr\u00e9vu, le chantier devrait d\u00e9buter <strong>fin 2027<\/strong>, pour une ouverture estim\u00e9e <strong>fin 2029<\/strong>. Oui, il faudra \u00eatre patient\u2026 mais vu le programme, on est d\u00e9j\u00e0 chauds.<\/p>\n","protected":false},"excerpt":{"rendered":"L\u2019Essentiel L\u2019ancienne piscine Oc\u00e9ade va devenir un centre des cultures urbaines de 3 600 m\u00b2. Un \u00e9norme espace&hellip;\n","protected":false},"author":2,"featured_media":556103,"comment_status":"","ping_status":"","sticky":false,"template":"","format":"standard","meta":{"footnotes":""},"categories":[9587],"tags":[1111,11,1777,674,1011,27,12,5161,25,9590],"class_list":{"0":"post-556102","1":"post","2":"type-post","3":"status-publish","4":"format-standard","5":"has-post-thumbnail","7":"category-rouen","8":"tag-actu","9":"tag-actualites","10":"tag-eu","11":"tag-europe","12":"tag-fr","13":"tag-france","14":"tag-news","15":"tag-normandie","16":"tag-republique-francaise","17":"tag-rouen"},"share_on_mastodon":{"url":"https:\/\/pubeurope.com\/@fr\/115606497533825609","error":""},"_links":{"self":[{"href":"https:\/\/www.europesays.com\/fr\/wp-json\/wp\/v2\/posts\/556102","targetHints":{"allow":["GET"]}}],"collection":[{"href":"https:\/\/www.europesays.com\/fr\/wp-json\/wp\/v2\/posts"}],"about":[{"href":"https:\/\/www.europesays.com\/fr\/wp-json\/wp\/v2\/types\/post"}],"author":[{"embeddable":true,"href":"https:\/\/www.europesays.com\/fr\/wp-json\/wp\/v2\/users\/2"}],"replies":[{"embeddable":true,"href":"https:\/\/www.europesays.com\/fr\/wp-json\/wp\/v2\/comments?post=556102"}],"version-history":[{"count":0,"href":"https:\/\/www.europesays.com\/fr\/wp-json\/wp\/v2\/posts\/556102\/revisions"}],"wp:featuredmedia":[{"embeddable":true,"href":"https:\/\/www.europesays.com\/fr\/wp-json\/wp\/v2\/media\/556103"}],"wp:attachment":[{"href":"https:\/\/www.europesays.com\/fr\/wp-json\/wp\/v2\/media?parent=556102"}],"wp:term":[{"taxonomy":"category","embeddable":true,"href":"https:\/\/www.europesays.com\/fr\/wp-json\/wp\/v2\/categories?post=556102"},{"taxonomy":"post_tag","embeddable":true,"href":"https:\/\/www.europesays.com\/fr\/wp-json\/wp\/v2\/tags?post=556102"}],"curies":[{"name":"wp","href":"https:\/\/api.w.org\/{rel}","templated":true}]}}