{"id":556104,"date":"2025-11-24T20:11:13","date_gmt":"2025-11-24T20:11:13","guid":{"rendered":"https:\/\/www.europesays.com\/fr\/556104\/"},"modified":"2025-11-24T20:11:13","modified_gmt":"2025-11-24T20:11:13","slug":"un-depistage-gratuit-pour-les-femmes-le-28-novembre","status":"publish","type":"post","link":"https:\/\/www.europesays.com\/fr\/556104\/","title":{"rendered":"un d\u00e9pistage gratuit pour les femmes le 28\u00a0novembre"},"content":{"rendered":"<p>La clinique de soins m\u00e9dicaux de r\u00e9adaptation (SMR) Les Granges &#8211; Inicea, install\u00e9e \u00e0 \u00c9chirolles, propose le 28\u00a0novembre prochain la Journ\u00e9e du c\u0153ur des femmes, avec le soutien de la Fondation Clariane. Une journ\u00e9e de pr\u00e9vention et de d\u00e9pistage puisque de 9\u00a0h \u00e0 16\u00a0h\u00a030, toutes les femmes pr\u00e9alablement inscrites (*) \u00a0pourront b\u00e9n\u00e9ficier gratuitement d\u2019un d\u00e9pistage des maladies cardio-vasculaires et gyn\u00e9cologiques.<\/p>\n<p>Pour les accueillir, la clinique mobilisera deux de ses m\u00e9decins, son \u00e9quipe administrative et h\u00f4teli\u00e8re, ses cadres de sant\u00e9, cinq infirmi\u00e8res, une aide-soignante, des professionnels de son \u00e9quipe de r\u00e9\u00e9ducation et deux gyn\u00e9cologues b\u00e9n\u00e9voles. L\u2019op\u00e9ration de d\u00e9pistage durera 1\u00a0h\u00a030 et se d\u00e9roulera en six \u00e9tapes\u00a0: accueil avec pr\u00e9sentation et remise du livret de d\u00e9pistage, d\u00e9pistage cardio-vasculaire, analyse des risques m\u00e9taboliques, \u00e9lectrocardiogramme si n\u00e9cessaire, d\u00e9pistage gyn\u00e9cologique et synth\u00e8se avec un m\u00e9decin qui proposera un parcours de soins si n\u00e9cessaire. Cette op\u00e9ration est port\u00e9e par la Fondation Agir pour le c\u0153ur des femmes, en partenariat avec l\u2019Assurance maladie. <\/p>\n<p>Ce contenu est bloqu\u00e9 car vous n&rsquo;avez pas accept\u00e9 les cookies et autres traceurs.<\/p>\n<p>En cliquant sur \u00ab J\u2019accepte \u00bb, les cookies et autres traceurs seront d\u00e9pos\u00e9s et vous pourrez visualiser les contenus  (<a href=\"\" class=\"consentModule_policy\" target=\"_blank\" title=\"Consulter la politique de protection des donn\u00e9es du fournisseur\">plus d&rsquo;informations<\/a>).<\/p>\n<p>En cliquant sur \u00ab J\u2019accepte tous les cookies \u00bb, vous autorisez des d\u00e9p\u00f4ts de cookies et autres traceurs pour le stockage de vos donn\u00e9es sur nos sites et applications \u00e0 des fins de personnalisation et de ciblage publicitaire.<\/p>\n<p class=\"consentModule_secondaryText\">Vous gardez la possibilit\u00e9 de retirer votre consentement \u00e0 tout moment en consultant notre <a href=\"https:\/\/www.ledauphine.com\/protection-des-donnees\" target=\"_blank\" title=\"Consulter notre politique de protection des donn\u00e9es\" rel=\"noopener\">politique de protection des donn\u00e9es<\/a>. <br \/>&#13;<br \/>\n            <a href=\"https:\/\/www.ledauphine.com\/sante\/2025\/11\/24\/javascript:Didomi.notice.show()\" class=\"consentModule_cmp\" target=\"_blank\" rel=\"noopener\">G\u00e9rer mes choix<\/a>&#13;\n        <\/p>\n<p>&#13;<br \/>\n                        J&rsquo;accepte&#13;<br \/>\n            J&rsquo;accepte tous les cookies&#13;\n        <\/p>\n<p>Il y a un v\u00e9ritable enjeu de sant\u00e9 publique puisque selon cette fondation, chaque jour en France, 200 femmes d\u00e9c\u00e8dent d\u2019une maladie cardio-vasculaire (infarctus, accident vasculaire c\u00e9r\u00e9bral, embolie pulmonaire\u2026), ce qui en fait la premi\u00e8re cause de mortalit\u00e9 chez les femmes.<\/p>\n<p class=\"note\">Inscription avant le 25\u00a0novembre aux services de d\u00e9pistage \u00e0 envoyer par e-mail \u00e0\u00a0: reception.lesgranges@inicea.fr Clinique Inicea Les Granges, 8, rue de Lorraine \u00e0 \u00c9chirolles.<\/p>\n","protected":false},"excerpt":{"rendered":"La clinique de soins m\u00e9dicaux de r\u00e9adaptation (SMR) Les Granges &#8211; Inicea, install\u00e9e \u00e0 \u00c9chirolles, propose le 28\u00a0novembre&hellip;\n","protected":false},"author":2,"featured_media":556105,"comment_status":"","ping_status":"","sticky":false,"template":"","format":"standard","meta":{"footnotes":""},"categories":[9566],"tags":[1111,11,2430,9852,9853,112,1777,674,1011,27,2731,108,12,25,71],"class_list":{"0":"post-556104","1":"post","2":"type-post","3":"status-publish","4":"format-standard","5":"has-post-thumbnail","7":"category-grenoble","8":"tag-actu","9":"tag-actualites","10":"tag-auvergne-rhone-alpes","11":"tag-echirolles","12":"tag-echirolles-bassin","13":"tag-edition-grenoble-agglomeration","14":"tag-eu","15":"tag-europe","16":"tag-fr","17":"tag-france","18":"tag-grenoble","19":"tag-isere","20":"tag-news","21":"tag-republique-francaise","22":"tag-sante"},"share_on_mastodon":{"url":"https:\/\/pubeurope.com\/@fr\/115606499095326056","error":""},"_links":{"self":[{"href":"https:\/\/www.europesays.com\/fr\/wp-json\/wp\/v2\/posts\/556104","targetHints":{"allow":["GET"]}}],"collection":[{"href":"https:\/\/www.europesays.com\/fr\/wp-json\/wp\/v2\/posts"}],"about":[{"href":"https:\/\/www.europesays.com\/fr\/wp-json\/wp\/v2\/types\/post"}],"author":[{"embeddable":true,"href":"https:\/\/www.europesays.com\/fr\/wp-json\/wp\/v2\/users\/2"}],"replies":[{"embeddable":true,"href":"https:\/\/www.europesays.com\/fr\/wp-json\/wp\/v2\/comments?post=556104"}],"version-history":[{"count":0,"href":"https:\/\/www.europesays.com\/fr\/wp-json\/wp\/v2\/posts\/556104\/revisions"}],"wp:featuredmedia":[{"embeddable":true,"href":"https:\/\/www.europesays.com\/fr\/wp-json\/wp\/v2\/media\/556105"}],"wp:attachment":[{"href":"https:\/\/www.europesays.com\/fr\/wp-json\/wp\/v2\/media?parent=556104"}],"wp:term":[{"taxonomy":"category","embeddable":true,"href":"https:\/\/www.europesays.com\/fr\/wp-json\/wp\/v2\/categories?post=556104"},{"taxonomy":"post_tag","embeddable":true,"href":"https:\/\/www.europesays.com\/fr\/wp-json\/wp\/v2\/tags?post=556104"}],"curies":[{"name":"wp","href":"https:\/\/api.w.org\/{rel}","templated":true}]}}