{"id":55611,"date":"2025-04-27T00:22:09","date_gmt":"2025-04-27T00:22:09","guid":{"rendered":"https:\/\/www.europesays.com\/fr\/55611\/"},"modified":"2025-04-27T00:22:09","modified_gmt":"2025-04-27T00:22:09","slug":"60-millions-de-consommateurs-denonce-ce-piege-dans-lequel-tout-le-monde-tombe","status":"publish","type":"post","link":"https:\/\/www.europesays.com\/fr\/55611\/","title":{"rendered":"60 Millions de consommateurs d\u00e9nonce ce pi\u00e8ge dans lequel tout le monde tombe"},"content":{"rendered":"<p>Montrer le sommaire Cacher le sommaire <\/p>\n<p>Cela fait plusieurs ann\u00e9es que les prix du gaz, mais aussi de <a href=\"https:\/\/www.vonews.fr\/actualites\/11781-electricite-ces-nouvelles-normes-vont-tout-changer-et-vous-impacter-fortement\/\" target=\"_blank\" rel=\"noopener\">l\u2019\u00e9lectricit\u00e9<\/a>, ont explos\u00e9. Et le moins que l\u2019on puisse dire, c\u2019est que ces <strong>augmentations ne cessent de peser sur le budget des Fran\u00e7ais<\/strong>. 60 Millions de consommateurs a d\u2019ailleurs alert\u00e9 sur un pi\u00e8ge tr\u00e8s inqui\u00e9tant.<\/p>\n<p>L\u2019alerte de 60 Millions de consommateurs sur cette pratique<\/p>\n<p>Pour mieux g\u00e9rer les d\u00e9penses li\u00e9es \u00e0 <a href=\"https:\/\/www.vonews.fr\/a-la-une\/11268-lappareil-qui-consomme-le-plus-lorsquil-est-eteint-il-fait-exploser-votre-facture-delectricite\/\" target=\"_blank\" rel=\"noopener\">l\u2019\u00e9nergie<\/a>, de nombreuses familles ont d\u00e9cid\u00e9 de privil\u00e9gier la mensualisation pour leurs factures de gaz et d\u2019\u00e9lectricit\u00e9. Cela leur permet alors de r\u00e9partir les co\u00fbts de consommation tout au long de l\u2019ann\u00e9e.\n<\/p>\n<p>Chaque mois, <strong>les Fran\u00e7ais paient un montant fixe<\/strong>. C\u2019est un choix qui peut d\u2019ailleurs se montrer tr\u00e8s rassurant et pratique pour beaucoup. En revanche, 60 Millions de consommateurs a r\u00e9v\u00e9l\u00e9 que ce syst\u00e8me pouvait r\u00e9server de tr\u00e8s <a href=\"https:\/\/www.vonews.fr\/a-la-une\/10469-electricite-cette-nouvelle-taxe-sur-votre-facture-va-bientot-plomber-votre-portefeuille\/\" target=\"_blank\" rel=\"noopener\">mauvaises surprises<\/a> aux consommateurs.<\/p>\n<p>En effet, les experts ont r\u00e9v\u00e9l\u00e9 que le fournisseur mettait en place <a href=\"https:\/\/www.vonews.fr\/actualites\/5114-electricite-ils-payent-15-e-par-mois-pour-4-personnes-les-secrets-de-cette-famille-devoiles\/\" target=\"_blank\" rel=\"noopener\">un \u00e9ch\u00e9ancier<\/a>. Ce dernier se base sur une estimation des besoins \u00e9nerg\u00e9tiques du foyer concern\u00e9. Il prend en compte la taille du logement, le nombre de personnes qui y vivent, mais aussi le type de chauffage utilis\u00e9.<\/p>\n<p><a class=\"related-article simple\" href=\"https:\/\/www.vonews.fr\/a-la-une\/12631-60-millions-de-consommateurs-alerte-ces-huiles-dolive-sont-contaminees-par-des-hydrocarbures\/\" target=\"_blank\" rel=\"noopener\"><br \/>\n                        \u00c0 lire<br \/>\n                        60 Millions de consommateurs alerte : ces huiles d\u2019olive sont contamin\u00e9es par des hydrocarbures<\/p>\n<p>                        <\/a><\/p>\n<p>Durant onze mois, cela<strong> signifie que le consommateur paie la m\u00eame somme.<\/strong> Le douzi\u00e8me mois, ce dernier doit alors faire face \u00e0 une facture de r\u00e9gularisation. Cette derni\u00e8re correspond \u00e0 la diff\u00e9rence entre sa consommation r\u00e9elle et les montants pay\u00e9s.\n<\/p>\n<p>60 Millions de consommateurs a alors expliqu\u00e9 que, si le fournisseur a fait une bonne estimation, il n\u2019y a pas de soucis pour le client. En revanche, si elle \u00e9tait sous-\u00e9valu\u00e9e, les mauvaises surprises peuvent alors appara\u00eetre.<\/p>\n<p>Dans ce cas pr\u00e9cis, le consommateur doit donc r\u00e9gler un rattrapage. La somme d\u2019argent \u00e0 payer peut alors grimper \u00e0 plusieurs centaines, voire milliers d\u2019euros dans certains cas. Une <strong>v\u00e9ritable catastrophe pour le foyer concern\u00e9<\/strong>.\n<\/p>\n<p>Plusieurs fournisseurs point\u00e9s du doigt<\/p>\n<p>Pour les fournisseurs, c\u2019est une m\u00e9thode qui permet de fid\u00e9liser les clients. Ils promettent alors stabilit\u00e9, mais aussi confort. En revanche, 60 Millions de consommateurs a expliqu\u00e9 que, la plupart du temps, les estimations de d\u00e9part sont volontairement trop basses.\n<\/p>\n<p>Les experts ont notamment point\u00e9 du doigt <strong>plusieurs fournisseurs comme Engie, ENI ou encore Ohm \u00c9nergie<\/strong> face \u00e0 cette pratique. Ils proposent des mensualit\u00e9s initiales irr\u00e9alistes pour les consommateurs.<\/p>\n<p><a class=\"related-article simple\" href=\"https:\/\/www.vonews.fr\/a-la-une\/12556-60-millions-de-consommateurs-alerte-sur-ces-boissons-populaires-un-grave-danger-pour-la-sante\/\" target=\"_blank\" rel=\"noopener\"><br \/>\n                        \u00c0 lire<br \/>\n                        60 Millions de consommateurs alerte sur ces boissons populaires: un grave danger pour la sant\u00e9<\/p>\n<p>                        <\/a><\/p>\n<p>Ces derniers ont l\u2019impression de b\u00e9n\u00e9ficier d\u2019un bon march\u00e9. Mais en r\u00e9alit\u00e9, ils doivent r\u00e9aliser des rattrapages assez importants \u00e0 l\u2019arriv\u00e9e du douzi\u00e8me mois. Pour \u00e9viter de se retrouver dans cette situation, il vaut mieux suivre r\u00e9guli\u00e8rement votre consommation.\n<\/p>\n<p>Les fournisseurs proposent leur propre application pour permettre aux consommateurs d\u2019avoir un \u0153il sur leur consommation. Ainsi, ils peuvent voir s\u2019ils <strong>ont besoin d\u2019augmenter leur apport en \u00e9nergie ou non<\/strong>.\n<\/p>\n<p>En cas de r\u00e9gularisation importante, 60 Millions de consommateurs indique qu\u2019il faut s\u2019assurer de l\u2019exactitude des index. Vous devez aussi v\u00e9rifier l\u2019\u00e9tat des \u00e9quipements \u00e9lectriques et surveiller les hausses de tarifs.<\/p>\n<p>Si vous avez un d\u00e9saccord avec votre fournisseur, vous pouvez toujours d\u00e9poser une r\u00e9clamation. Un m\u00e9diateur peut aussi entrer en jeu pour trouver une solution.\n<\/p>\n<p>Source : 60 <a href=\"https:\/\/www.60millions-mag.com\/2025\/04\/25\/electricite-gaz-le-piege-discret-de-la-mensualisation-24334\" target=\"_blank\" rel=\"noopener\">Millions de consommateurs<\/a><\/p>\n","protected":false},"excerpt":{"rendered":"Montrer le sommaire Cacher le sommaire Cela fait plusieurs ann\u00e9es que les prix du gaz, mais aussi de&hellip;\n","protected":false},"author":2,"featured_media":55612,"comment_status":"","ping_status":"","sticky":false,"template":"","format":"standard","meta":{"footnotes":""},"categories":[6],"tags":[140,35,33,34,1011,27],"class_list":{"0":"post-55611","1":"post","2":"type-post","3":"status-publish","4":"format-standard","5":"has-post-thumbnail","7":"category-economie","8":"tag-60-millions-de-consommateurs","9":"tag-business","10":"tag-economie","11":"tag-economy","12":"tag-fr","13":"tag-france"},"share_on_mastodon":{"url":"https:\/\/pubeurope.com\/@fr\/114407076271360413","error":""},"_links":{"self":[{"href":"https:\/\/www.europesays.com\/fr\/wp-json\/wp\/v2\/posts\/55611","targetHints":{"allow":["GET"]}}],"collection":[{"href":"https:\/\/www.europesays.com\/fr\/wp-json\/wp\/v2\/posts"}],"about":[{"href":"https:\/\/www.europesays.com\/fr\/wp-json\/wp\/v2\/types\/post"}],"author":[{"embeddable":true,"href":"https:\/\/www.europesays.com\/fr\/wp-json\/wp\/v2\/users\/2"}],"replies":[{"embeddable":true,"href":"https:\/\/www.europesays.com\/fr\/wp-json\/wp\/v2\/comments?post=55611"}],"version-history":[{"count":0,"href":"https:\/\/www.europesays.com\/fr\/wp-json\/wp\/v2\/posts\/55611\/revisions"}],"wp:featuredmedia":[{"embeddable":true,"href":"https:\/\/www.europesays.com\/fr\/wp-json\/wp\/v2\/media\/55612"}],"wp:attachment":[{"href":"https:\/\/www.europesays.com\/fr\/wp-json\/wp\/v2\/media?parent=55611"}],"wp:term":[{"taxonomy":"category","embeddable":true,"href":"https:\/\/www.europesays.com\/fr\/wp-json\/wp\/v2\/categories?post=55611"},{"taxonomy":"post_tag","embeddable":true,"href":"https:\/\/www.europesays.com\/fr\/wp-json\/wp\/v2\/tags?post=55611"}],"curies":[{"name":"wp","href":"https:\/\/api.w.org\/{rel}","templated":true}]}}