{"id":556110,"date":"2025-11-24T20:14:12","date_gmt":"2025-11-24T20:14:12","guid":{"rendered":"https:\/\/www.europesays.com\/fr\/556110\/"},"modified":"2025-11-24T20:14:12","modified_gmt":"2025-11-24T20:14:12","slug":"grace-aux-bouchons-en-liege-la-briqueterie-demmaus-terre-recoit-2-000-e-a-rennes","status":"publish","type":"post","link":"https:\/\/www.europesays.com\/fr\/556110\/","title":{"rendered":"Gr\u00e2ce aux bouchons en li\u00e8ge, la briqueterie d\u2019Emma\u00fcs Terre re\u00e7oit 2\u00a0000\u00a0\u20ac \u00e0 Rennes"},"content":{"rendered":"<p>La Maison de la Consommation et de l\u2019Environnement et l\u2019association Les Colocaterre ont remis un ch\u00e8que de 2\u00a0000\u00a0\u20ac \u00e0 Emma\u00fcs Terre, lundi 24\u00a0novembre 2025. Bas\u00e9e \u00e0 Chevaign\u00e9, dans la m\u00e9tropole de Rennes, cette briqueterie\u00a0fabrique et vend des <a href=\"https:\/\/vitre.maville.com\/actu\/actudet_-en-images.-un-lieu-de-vie-a-vitre-le-nouveau-batiment-periscolaire-de-la-hodeyere-devoile-_7-7012301_actu.Htm?utm_source=troove&amp;utm_medium=site\" target=\"_blank\" rel=\"noopener\">briques de terre crue<\/a>. Elle offre un toit et un travail \u00e0 d\u2019anciens SDF et sans-papiers. Une double d\u00e9marche que saluent les donateurs. <strong>\u00ab\u00a0Aider des gens en grande difficult\u00e9 sur le plan du logement \u00e0 s\u2019en sortir dignement. Emma\u00fcs Terre est aussi fortement li\u00e9 \u00e0 nos valeurs \u00e9cologiques en produisant\u00a0un mat\u00e9riau de construction \u00e0 la fois local, sobre en carbone et performant pour l\u2019habitat.\u00a0\u00bb<\/strong><\/p>\n<p><strong>Lire aussi\u00a0:<\/strong> <a href=\"https:\/\/rennes.maville.com\/actu\/actudet_-laura-et-orane-portent-sur-leurs-jeunes-et-solides-epaules-une-communaute-emmaus-pres-de-rennes-_7-6241794_actu.Htm\" target=\"_blank\" rel=\"noopener\">Laura et Orane portent sur leurs jeunes et solides \u00e9paules une communaut\u00e9 Emma\u00fcs pr\u00e8s de Rennes<\/a><\/p>\n<p>Les Colocaterre collecte des bouchons en li\u00e8ge aupr\u00e8s des commerces, les broie et vend le broyat obtenu \u00e0 des particuliers pour isoler leur logement. Tout est r\u00e9alis\u00e9 par des b\u00e9n\u00e9voles. Le b\u00e9n\u00e9fice r\u00e9colt\u00e9 a donc \u00e9t\u00e9 vers\u00e9 \u00e0 Emma\u00fcs Terre pour soutenir leur activit\u00e9.<\/p>\n<p>\u00a0<\/p>\n","protected":false},"excerpt":{"rendered":"La Maison de la Consommation et de l\u2019Environnement et l\u2019association Les Colocaterre ont remis un ch\u00e8que de 2\u00a0000\u00a0\u20ac&hellip;\n","protected":false},"author":2,"featured_media":556111,"comment_status":"","ping_status":"","sticky":false,"template":"","format":"standard","meta":{"footnotes":""},"categories":[2821],"tags":[5742,6541,1111,11,7050,829,45646,37652,1777,674,1011,27,4567,30348,12,15397,3086,584,25,4505],"class_list":{"0":"post-556110","1":"post","2":"type-post","3":"status-publish","4":"format-standard","5":"has-post-thumbnail","7":"category-rennes","8":"tag-5742","9":"tag-6541","10":"tag-actu","11":"tag-actualites","12":"tag-bouchons","13":"tag-bretagne","14":"tag-briqueterie","15":"tag-emmaus","16":"tag-eu","17":"tag-europe","18":"tag-fr","19":"tag-france","20":"tag-grace","21":"tag-liege","22":"tag-news","23":"tag-recoit","24":"tag-redon","25":"tag-rennes","26":"tag-republique-francaise","27":"tag-terre"},"share_on_mastodon":{"url":"https:\/\/pubeurope.com\/@fr\/115606511036192094","error":""},"_links":{"self":[{"href":"https:\/\/www.europesays.com\/fr\/wp-json\/wp\/v2\/posts\/556110","targetHints":{"allow":["GET"]}}],"collection":[{"href":"https:\/\/www.europesays.com\/fr\/wp-json\/wp\/v2\/posts"}],"about":[{"href":"https:\/\/www.europesays.com\/fr\/wp-json\/wp\/v2\/types\/post"}],"author":[{"embeddable":true,"href":"https:\/\/www.europesays.com\/fr\/wp-json\/wp\/v2\/users\/2"}],"replies":[{"embeddable":true,"href":"https:\/\/www.europesays.com\/fr\/wp-json\/wp\/v2\/comments?post=556110"}],"version-history":[{"count":0,"href":"https:\/\/www.europesays.com\/fr\/wp-json\/wp\/v2\/posts\/556110\/revisions"}],"wp:featuredmedia":[{"embeddable":true,"href":"https:\/\/www.europesays.com\/fr\/wp-json\/wp\/v2\/media\/556111"}],"wp:attachment":[{"href":"https:\/\/www.europesays.com\/fr\/wp-json\/wp\/v2\/media?parent=556110"}],"wp:term":[{"taxonomy":"category","embeddable":true,"href":"https:\/\/www.europesays.com\/fr\/wp-json\/wp\/v2\/categories?post=556110"},{"taxonomy":"post_tag","embeddable":true,"href":"https:\/\/www.europesays.com\/fr\/wp-json\/wp\/v2\/tags?post=556110"}],"curies":[{"name":"wp","href":"https:\/\/api.w.org\/{rel}","templated":true}]}}