{"id":556112,"date":"2025-11-24T20:15:27","date_gmt":"2025-11-24T20:15:27","guid":{"rendered":"https:\/\/www.europesays.com\/fr\/556112\/"},"modified":"2025-11-24T20:15:27","modified_gmt":"2025-11-24T20:15:27","slug":"a-strasbourg-le-tigre-va-devenir-un-cafe-librairie-en-2026","status":"publish","type":"post","link":"https:\/\/www.europesays.com\/fr\/556112\/","title":{"rendered":"\u00e0 Strasbourg, \u00ab Le Tigre \u00bb va devenir un caf\u00e9-librairie en 2026 !"},"content":{"rendered":"<p>    <img loading=\"lazy\" width=\"1800\" height=\"900\" src=\"https:\/\/www.europesays.com\/fr\/wp-content\/uploads\/2025\/11\/jeanne-callthepolice.jpg\" class=\"attachment-full size-full\" alt=\"\" id=\"imageLove\" decoding=\"async\"  \/><\/p>\n<p id=\"breadcrumbs\"><a href=\"https:\/\/pokaa.fr\/\" target=\"_blank\" rel=\"noopener\">Accueil<\/a> \/ <a href=\"https:\/\/pokaa.fr\/categories\/actu\/\" target=\"_blank\" rel=\"noopener\">Info locale<\/a> \/ Nouveau propri\u00e9taire : \u00e0 Strasbourg, \u00ab Le Tigre \u00bb va devenir un caf\u00e9-librairie en 2026 !<\/p>\n<p>                    Info locale<\/p>\n<p><b>Connaissant des difficult\u00e9s financi\u00e8res depuis quelque temps, Le Tigre va bient\u00f4t entamer une deuxi\u00e8me vie \u00e0 Strasbourg. La librairie ind\u00e9pendante du quai des Bateliers va se transformer en caf\u00e9-librairie \u00e0 l\u2019horizon du premier semestre 2026, apr\u00e8s un rachat par Laurent Singer, pr\u00e9sident du Parc animalier de Sainte-Croix. Pr\u00e9sentation d\u2019un projet qui en est encore \u00e0 ses d\u00e9buts.<\/b><\/p>\n<p class=\"p1\">Un Tigre 2.0 va rugir \u00e0 Strasbourg en 2026. En difficult\u00e9 financi\u00e8re comme d\u2019autres acteurs du milieu (comme expliqu\u00e9 ci-dessous), <b>la librairie ind\u00e9pendante va bient\u00f4t entamer un nouveau chapitre de son histoire en devenant un caf\u00e9-librairie<\/b>. <a href=\"https:\/\/actualitte.com\/article\/127572\/librairie\/a-strasbourg-la-librairie-le-tigre-a-un-nouveau-proprietaire\" target=\"_blank\" rel=\"noopener\">Une information r\u00e9v\u00e9l\u00e9e par le m\u00e9dia sp\u00e9cialis\u00e9 ActuaLitt\u00e9<\/a>, le 18 novembre dernier.<\/p>\n<p>                <a href=\"https:\/\/pokaa.fr\/2024\/09\/03\/strasbourg-face-aux-difficultes-financieres-la-librairie-independante-le-tigre-rugit-a-laide\/\" target=\"_blank\" rel=\"noopener\"><br \/>\n                    <img width=\"450\" height=\"270\" src=\"https:\/\/www.europesays.com\/fr\/wp-content\/uploads\/2025\/11\/tigre-450x270.png\" class=\"attachment-card-horizontal--same-subject size-card-horizontal--same-subject wp-post-image\" alt=\"\" decoding=\"async\" loading=\"lazy\"\/>                <\/a><\/p>\n<p>Rachet\u00e9 pour environ 150 000 \u20ac selon ActuaLitt\u00e9, <strong>L<\/strong><b>e Tigre change donc de propri\u00e9taire, avec \u00e0 sa t\u00eate Laurent Singer, le pr\u00e9sident du Parc animalier de Sainte-Croix<\/b>. Voulant en savoir plus, on est all\u00e9 sur le quai des Bateliers pour discuter avec Nicolas Deprez, le g\u00e9rant actuel, mais aussi Sara et Lucas, nouvelles t\u00eates de ce projet.<\/p>\n<p>    <img width=\"800\" height=\"600\" src=\"https:\/\/www.europesays.com\/fr\/wp-content\/uploads\/2025\/11\/img-2827-grande-800x600.jpeg\" class=\"attachment-image-size-L size-image-size-L\" alt=\"librairie le tigre\" decoding=\"async\" loading=\"lazy\"  \/>         \u00a9 Nicolas Kaspar \/ Pokaa <\/p>\n<p>Un rachat par \u00ab\u00a0amour du Tigre\u00a0\u00bb et pour \u00ab\u00a0ne pas le perdre\u00a0\u00bb<\/p>\n<p class=\"p1\">Pour Nicolas, ce rachat \u00e9tait devenu une \u00e9vidence : \u00ab\u00a0Laurent, c\u2019est un des premiers fans du shop. Je lui fais part de mes difficult\u00e9s, et je lui demande conseil.<b> Pour lui, comme pour moi, ce n\u2019\u00e9tait pas possible de perdre Le Tigre<\/b> ; il y avait forc\u00e9ment un moyen de garder mon b\u00e9b\u00e9. \u00bb Comme il l\u2019exprime avec une pointe d\u2019humour, Nicolas remercie Laurent Singer \u00ab de continuer \u00e0 oeuvrer pour la pr\u00e9servation de l\u2019esp\u00e8ce \u00bb.<\/p>\n<blockquote><p>\n        Le projet permet de conserver deux emplois, et de conserver le lieu.    <\/p><\/blockquote>\n<p>            Nicolas, g\u00e9rant de la librairie Le Tigre<\/p>\n<p>Mais attention, si c\u2019est le pr\u00e9sident de Sainte-Croix qui rach\u00e8te Le Tigre, \u00ab <strong>ce n\u2019est pas Sainte-Croix qui investit \u00bb <\/strong><strong>pr\u00e9cise Lucas, fils de Laurent Singer et directeur adjoint du parc animalier. <\/strong>Une distinction sur laquelle il insiste grandement : \u00ab C\u2019est une initiative purement familiale. <b>Ce n\u2019est pas pour r\u00e9inventer le mod\u00e8le et en faire autre chose, c\u2019est pour voir comment on fait un Tigre 2.0<\/b>.\u00a0\u00bb<\/p>\n<p>                <img width=\"667\" height=\"500\" src=\"https:\/\/www.europesays.com\/fr\/wp-content\/uploads\/2025\/11\/img-2823-grande-667x500.jpeg\" class=\"attachment-gallery size-gallery\" alt=\"librairie le tigre\" data-full-url=\"https:\/\/pokaa.fr\/wp-content\/uploads\/2025\/11\/24\/img-2823-grande.jpeg\" decoding=\"async\" loading=\"lazy\"  \/>            <\/p>\n<p>                <img width=\"667\" height=\"500\" src=\"https:\/\/www.europesays.com\/fr\/wp-content\/uploads\/2025\/11\/img-2824-grande-667x500.jpeg\" class=\"attachment-gallery size-gallery\" alt=\"librairie le tigre\" data-full-url=\"https:\/\/pokaa.fr\/wp-content\/uploads\/2025\/11\/24\/img-2824-grande.jpeg\" decoding=\"async\" loading=\"lazy\"  \/>            <\/p>\n<p>                    \u00a9 Nicolas Kaspar \/ Pokaa<\/p>\n<p>Un Tigre 2.0 \u00e0 l\u2019horizon du 1er semestre 2026<\/p>\n<p class=\"p2\">Justement, qu\u2019est-ce que \u00e7a va donner ce Tigre 2.0 ? Si, selon Lucas, il est trop t\u00f4t pour parler de la nouvelle forme que prendra Le Tigre, <b>Sara, la future responsable de la partie caf\u00e9, a d\u00e9j\u00e0 une id\u00e9e de ce qu\u2019elle veut y faire<\/b>. D\u2019origine roumaine, o\u00f9 \u00ab\u00a0il y a beaucoup plus de caf\u00e9s de sp\u00e9cialit\u00e9 qu\u2019ici\u00a0\u00bb, elle compte faire du caf\u00e9 \u00ab\u00a0un endroit de vie, o\u00f9 tout le monde passe un bon moment.\u00a0\u00bb<\/p>\n<blockquote><p>\n        L\u2019id\u00e9e n\u2019est pas de diminuer le bouquin pour plus de caf\u00e9, l\u2019id\u00e9e c\u2019est de combiner les deux. C\u2019est du plus, il n\u2019y aura pas de trucs en moins.    <\/p><\/blockquote>\n<p>            Nicolas, g\u00e9rant de la librairie Le Tigre<\/p>\n<p class=\"p2\">Surtout, selon Lucas, \u00ab la BD et le caf\u00e9, \u00e7a marche tr\u00e8s bien ensemble : c\u2019est un lieu social, de partage. Et pouvoir parler de BD en ayant un caf\u00e9 \u00e0 la main, c\u2019est encore mieux \u00bb. Il d\u00e9veloppe : \u00ab\u00a0On sait ce qu\u2019on veut faire. <b>\u00c7a va \u00eatre un lieu qui garde la librairie \u00e0 fond, et aussi le c\u00f4t\u00e9 social\/\u00e9v\u00e9nementiel qui a toujours eu au Tigre, avec une partie caf\u00e9 avec de la nourriture<\/b>, voire autre chose si on arrive \u00e0 d\u00e9velopper.\u00a0\u00bb<\/p>\n<p>    <img width=\"800\" height=\"533\" src=\"https:\/\/www.europesays.com\/fr\/wp-content\/uploads\/2025\/11\/dsc-5500-800x533.jpg\" class=\"attachment-image-size-L size-image-size-L\" alt=\"Maison alicia librairie le tigre\" decoding=\"async\" loading=\"lazy\"  \/>         \u00a9 Marie Goehner-David \/ Pokaa <\/p>\n<p class=\"p2\">Ce qui reste \u00e0 d\u00e9finir, ce sont les plans, <b>sur lesquels toutes les parties prenantes au projet vont travailler \u00e0 partir du 27 novembre, notamment sur la position du caf\u00e9 dans le b\u00e2timent et celle de la librairie<\/b>.<\/p>\n<p class=\"p2\">L\u2019horizon esp\u00e9r\u00e9 est celui d\u2019une ouverture au premier semestre 2026, avec notamment une terrasse. Pour Nicolas, il ne reste plus que l\u2019excitation \u00ab\u00a0de voir ce que le Tigre va devenir\u00a0\u00bb. Et selon Sara : \u00ab L\u2019\u00e2me du lieu va rester, on va renforcer le tout d\u2019un coup de griffe. \u00bb Il n\u2019y a plus qu\u2019\u00e0, dans ce lieu devenu un incontournable de la litt\u00e9rature strasbourgeoise.<\/p>\n","protected":false},"excerpt":{"rendered":"Accueil \/ Info locale \/ Nouveau propri\u00e9taire : \u00e0 Strasbourg, \u00ab Le Tigre \u00bb va devenir un caf\u00e9-librairie&hellip;\n","protected":false},"author":2,"featured_media":556113,"comment_status":"","ping_status":"","sticky":false,"template":"","format":"standard","meta":{"footnotes":""},"categories":[2820],"tags":[1111,917,11,1777,674,1011,27,775,67370,12,25,640,58524],"class_list":{"0":"post-556112","1":"post","2":"type-post","3":"status-publish","4":"format-standard","5":"has-post-thumbnail","7":"category-strasbourg","8":"tag-actu","9":"tag-actu-locale","10":"tag-actualites","11":"tag-eu","12":"tag-europe","13":"tag-fr","14":"tag-france","15":"tag-grand-est","16":"tag-librairie-le-tigre","17":"tag-news","18":"tag-republique-francaise","19":"tag-strasbourg","20":"tag-strasbourg-actualite"},"share_on_mastodon":{"url":"https:\/\/pubeurope.com\/@fr\/115606515968743240","error":""},"_links":{"self":[{"href":"https:\/\/www.europesays.com\/fr\/wp-json\/wp\/v2\/posts\/556112","targetHints":{"allow":["GET"]}}],"collection":[{"href":"https:\/\/www.europesays.com\/fr\/wp-json\/wp\/v2\/posts"}],"about":[{"href":"https:\/\/www.europesays.com\/fr\/wp-json\/wp\/v2\/types\/post"}],"author":[{"embeddable":true,"href":"https:\/\/www.europesays.com\/fr\/wp-json\/wp\/v2\/users\/2"}],"replies":[{"embeddable":true,"href":"https:\/\/www.europesays.com\/fr\/wp-json\/wp\/v2\/comments?post=556112"}],"version-history":[{"count":0,"href":"https:\/\/www.europesays.com\/fr\/wp-json\/wp\/v2\/posts\/556112\/revisions"}],"wp:featuredmedia":[{"embeddable":true,"href":"https:\/\/www.europesays.com\/fr\/wp-json\/wp\/v2\/media\/556113"}],"wp:attachment":[{"href":"https:\/\/www.europesays.com\/fr\/wp-json\/wp\/v2\/media?parent=556112"}],"wp:term":[{"taxonomy":"category","embeddable":true,"href":"https:\/\/www.europesays.com\/fr\/wp-json\/wp\/v2\/categories?post=556112"},{"taxonomy":"post_tag","embeddable":true,"href":"https:\/\/www.europesays.com\/fr\/wp-json\/wp\/v2\/tags?post=556112"}],"curies":[{"name":"wp","href":"https:\/\/api.w.org\/{rel}","templated":true}]}}