{"id":556114,"date":"2025-11-24T20:16:28","date_gmt":"2025-11-24T20:16:28","guid":{"rendered":"https:\/\/www.europesays.com\/fr\/556114\/"},"modified":"2025-11-24T20:16:28","modified_gmt":"2025-11-24T20:16:28","slug":"quel-programme-pour-linauguration-du-marche-de-noel-2025","status":"publish","type":"post","link":"https:\/\/www.europesays.com\/fr\/556114\/","title":{"rendered":"quel programme pour l\u2019inauguration du march\u00e9 de No\u00ebl 2025 ?"},"content":{"rendered":"<p>    <img loading=\"lazy\" width=\"1800\" height=\"900\" src=\"https:\/\/www.europesays.com\/fr\/wp-content\/uploads\/2025\/11\/jeanne-callthepolice.jpg\" class=\"attachment-full size-full\" alt=\"\" id=\"imageLove\" decoding=\"async\"  \/><\/p>\n<p id=\"breadcrumbs\"><a href=\"https:\/\/pokaa.fr\/\" target=\"_blank\" rel=\"noopener\">Accueil<\/a> \/ <a href=\"https:\/\/pokaa.fr\/categories\/noel\/\" target=\"_blank\" rel=\"noopener\">No\u00ebl<\/a> \/ J-1 \u00e0 Strasbourg : quel programme pour l\u2019inauguration du march\u00e9 de No\u00ebl 2025 ?<\/p>\n<p>                    No\u00ebl<\/p>\n<p class=\"p1\"><b>Alors que le march\u00e9 de No\u00ebl version 2025 d\u00e9marre ce 26 novembre \u00e0 Strasbourg, petit focus sur la journ\u00e9e d\u2019inauguration, qui sera rythm\u00e9e par l\u2019illumination du grand sapin et des activit\u00e9s pour enfants et familles square Louise-Weiss.\u00a0<\/b><\/p>\n<p class=\"p1\">Le compte \u00e0 rebours est bient\u00f4t termin\u00e9 pour Strasbourg Capitale de No\u00ebl. Alors que les Vitrines de Strasbourg ont inaugur\u00e9 leurs illuminations pour les Strasbourgeois(es) avec une soir\u00e9e musicale le 21 novembre, <b>le march\u00e9 de No\u00ebl 2025 est pr\u00eat \u00e0 ouvrir ses portes<\/b>.<\/p>\n<p class=\"p1\">Les chalets ont pris place, avec notamment une pyramide de No\u00ebl g\u00e9ante de 17 m\u00e8tres sur la place Broglie, et le grand sapin tr\u00e9pigne avant d\u2019\u00eatre illumin\u00e9.<b> Il est d\u00e9sormais temps de penser aux festivit\u00e9s qui d\u00e9marrent le 26 novembre<\/b>, entre journ\u00e9e d\u2019ouverture et dispositif de s\u00e9curit\u00e9.<\/p>\n<p>                <a href=\"https:\/\/pokaa.fr\/2025\/11\/05\/plus-authentique-et-feerique-voici-le-programme-2025-du-marche-de-noel-de-strasbourg\/\" target=\"_blank\" rel=\"noopener\"><br \/>\n                    <img width=\"450\" height=\"270\" src=\"https:\/\/www.europesays.com\/fr\/wp-content\/uploads\/2025\/11\/france-strasbourg-alsace-marche-de-noel-wr-50-450x270.jpg\" class=\"attachment-card-horizontal--same-subject size-card-horizontal--same-subject wp-post-image\" alt=\"\" decoding=\"async\" loading=\"lazy\"\/>                <\/a><\/p>\n<p>    <img width=\"800\" height=\"533\" src=\"https:\/\/www.europesays.com\/fr\/wp-content\/uploads\/2025\/10\/france-strasbourg-alsace-marche-de-noel-wr-99-800x533.jpg\" class=\"attachment-image-size-L size-image-size-L\" alt=\"March\u00e9 de Noel 2024 arches de d\u00e9coration\" decoding=\"async\" loading=\"lazy\"  \/>         \u00a9 Wilfried Rion \/ Pokaa <\/p>\n<p>Une inauguration entre grand sapin et journ\u00e9e des enfants<\/p>\n<p class=\"p1\">La star de la journ\u00e9e sera bien \u00e9videmment le grand sapin de la place Kl\u00e9ber. <a href=\"https:\/\/pokaa.fr\/2025\/10\/24\/il-est-la-a-strasbourg-le-grand-sapin-de-30-metres-trone-depuis-ce-matin-sur-la-place-kleber\/\" target=\"_blank\" rel=\"noopener\">Arriv\u00e9 dans l\u2019hypercentre le 24 octobre<\/a>, <b>il s\u2019est depuis bien remplum\u00e9 pour briller avec ses plus belles couleurs \u00e0 partir de 14h le 26 novembre<\/b>. Ensuite, il s\u2019illuminera en musique \u00e0 partir de 16h et toutes les heures jusqu\u2019\u00e0 21h, avant de s\u2019illuminer en silence jusqu\u2019\u00e0 minuit.<\/p>\n<p>    <img width=\"800\" height=\"600\" src=\"https:\/\/www.europesays.com\/fr\/wp-content\/uploads\/2025\/11\/img-2189-grande-800x600.jpeg\" class=\"attachment-image-size-L size-image-size-L\" alt=\"grand sapin\" decoding=\"async\" loading=\"lazy\"  \/>         Le grand sapin lors de son installation fin octobre. \u00a9 Nicolas Kaspar \/ Pokaa <\/p>\n<p class=\"p1\"><a href=\"https:\/\/pokaa.fr\/2024\/11\/23\/il-a-une-guirlande-de-pq-cette-annee-les-strasbourgeoises-pas-fans-du-grand-sapin\/\" target=\"_blank\" rel=\"noopener\">Apr\u00e8s les pol\u00e9miques autour de sa d\u00e9coration l\u2019an dernier<\/a>, il sera cette ann\u00e9e sur le th\u00e8me de la couronne de l\u2019Avent. <b>D\u00e9cor\u00e9 de pantins de bois, de branches de houx, de pommes de pin et de gui, il comportera \u00e9galement une boule de No\u00ebl toute particuli\u00e8re<\/b>. Nomm\u00e9e \u00ab la veilleuse \u00bb, elle rend hommage \u00e0 une cycliste d\u00e9c\u00e9d\u00e9e non loin de la place Kl\u00e9ber alors que le grand sapin allait se dresser, en 1996.<\/p>\n<p class=\"p1\">En plus du grand sapin, la journ\u00e9e d\u2019inauguration se fera tout particuli\u00e8rement au square Louise-Weiss, au sein du Village de l\u2019Avent. <b>Le mercredi \u00e9tant la journ\u00e9e des enfants, ces derniers\/\u00e8res seront invit\u00e9(e)s de 14h \u00e0 17h pour d\u00e9corer les sapins du Village autour d\u2019animations musicales, gustatives et festives ! <\/b><a href=\"https:\/\/pokaa.fr\/2024\/11\/28\/detranges-sapins-vivants-ont-pris-dassaut-strasbourg-a-louverture-du-marche-de-noel\/\" target=\"_blank\" rel=\"noopener\">Croiserons-nous les sapins vivants<\/a> qui avaient provoqu\u00e9 quelques terreurs nocturnes l\u2019an dernier ? Le suspense reste entier.<\/p>\n<p>    <img width=\"800\" height=\"533\" src=\"https:\/\/www.europesays.com\/fr\/wp-content\/uploads\/2025\/11\/marche-de-noel-louise-weiss-village-de-lavent-8-800x533.jpg\" class=\"attachment-image-size-L size-image-size-L\" alt=\"March\u00e9 de No\u00ebl Louise Weiss Village de l\u2019Avent (8)\" decoding=\"async\" loading=\"lazy\"  \/>         \u00a9 Marie Goehner-David \/ Pokaa <\/p>\n<p>Rappel du dispositif de s\u00e9curit\u00e9<\/p>\n<p class=\"p1\">Qui dit march\u00e9 de No\u00ebl, dit dispositif de s\u00e9curit\u00e9. Attention toutefois : il n\u2019y a rien de nouveau dans les mesures annonc\u00e9es le 18 novembre dernier.<b> On repart sur la sanctuarisation de la Grande \u00cele, avec interdiction de circulation des voitures (sauf autorisation) et des manifestations<\/b>, mais \u00e9galement des contr\u00f4les al\u00e9atoires sur les pi\u00e9ton(ne)s.<\/p>\n<p class=\"p1\">Par ailleurs, les arr\u00eats de tram \u00e0 l\u2019int\u00e9rieur de la Grande \u00cele ne seront pas desservis durant les horaires du march\u00e9 de No\u00ebl, sauf la station Homme-de-Fer.<\/p>\n<p>                <a href=\"https:\/\/pokaa.fr\/2025\/10\/21\/en-voiture-ou-en-tram-comment-stationner-et-circuler-pendant-le-marche-de-noel-2025-strasbourg\/\" target=\"_blank\" rel=\"noopener\"><br \/>\n                    <img width=\"450\" height=\"270\" src=\"https:\/\/www.europesays.com\/fr\/wp-content\/uploads\/2025\/11\/france-strasbourg-alsace-marche-de-noel-wr-68-450x270.jpg\" class=\"attachment-card-horizontal--same-subject size-card-horizontal--same-subject wp-post-image\" alt=\"\" decoding=\"async\" loading=\"lazy\"\/>                <\/a><\/p>\n<p>Pour les week-ends, qui sont des p\u00e9riodes de forte affluence pour un \u00e9v\u00e9nement qui a ramen\u00e9 3,4 millions de personnes l\u2019an dernier, quelques mesures suppl\u00e9mentaires ont \u00e9t\u00e9 prises : <b>suppression des espaces de convivialit\u00e9 place Kl\u00e9ber, passage en sens unique de la rue du Maroquin vers la rue de la Grande-Boucherie et de la rue de l\u2019Outre vers la place des \u00c9tudiants<\/b>.<\/p>\n<p>                <a href=\"https:\/\/pokaa.fr\/2025\/11\/19\/j-7-a-strasbourg-voici-les-mesures-de-securite-du-marche-de-noel-2025\/\" target=\"_blank\" rel=\"noopener\"><br \/>\n                    <img width=\"405\" height=\"270\" src=\"https:\/\/www.europesays.com\/fr\/wp-content\/uploads\/2025\/11\/marche-de-noel-strasbourg-foule-2018-16.jpg\" class=\"attachment-card-horizontal--same-subject size-card-horizontal--same-subject wp-post-image\" alt=\"\" decoding=\"async\" loading=\"lazy\"  \/>                <\/a><\/p>\n<p>    <img width=\"800\" height=\"533\" src=\"https:\/\/www.europesays.com\/fr\/wp-content\/uploads\/2025\/11\/france-strasbourg-alsace-marche-de-noel-wr-63-800x533.jpg\" class=\"attachment-image-size-L size-image-size-L\" alt=\"March\u00e9 de Noel 2024 carrousel et chalets place de la Cath\u00e9drale place du Ch\u00e2teau\" decoding=\"async\" loading=\"lazy\"  \/>         \u00a9 Wilfried Rion \/ Pokaa <\/p>\n<p>Une application pour savoir o\u00f9 aller faire pipi<\/p>\n<p><strong>Derni\u00e8re information et non la moindre : savoir o\u00f9 l\u2019on pourra faire pipi durant le march\u00e9 de No\u00ebl.<\/strong> Avec la foule et le manque de toilettes publiques disponibles \u00e0 Strasbourg, la chose ressemble \u00e0 s\u2019y m\u00e9prendre \u00e0 un parcours du combattant. Mais cette ann\u00e9e, la Ville a travaill\u00e9 avec l\u2019application ICI Toilettes pour proposer davantage de solutions aux touristes et aux Strasbourgeois(es).<\/p>\n<p>                <a href=\"https:\/\/pokaa.fr\/2025\/10\/16\/envie-de-faire-un-pipi-gratuit-a-strasbourg-cette-application-recense-51-toilettes\/\" target=\"_blank\" rel=\"noopener\"><br \/>\n                    <img width=\"450\" height=\"270\" src=\"https:\/\/www.europesays.com\/fr\/wp-content\/uploads\/2025\/11\/okkk-1-450x270.png\" class=\"attachment-card-horizontal--same-subject size-card-horizontal--same-subject wp-post-image\" alt=\"\" decoding=\"async\" loading=\"lazy\"\/>                <\/a><\/p>\n<p>Concr\u00e8tement, l\u2019appli r\u00e9pertorie 51 sanitaires accessibles en temps r\u00e9el dans la ville, et ce, avec une nouveaut\u00e9 : <strong>15 commer\u00e7ant(e)s du centre-ville strasbourgeois permettent d\u2019utiliser leurs toilettes gratuitement, sans consommer<\/strong>. De quoi profiter des vins ou jus de pomme chauds sans stress.<\/p>\n<p><b>\u00c0 un jour du d\u00e9but du march\u00e9 de No\u00ebl, Strasbourg se transforme pour la 455e fois pour accueillir touristes et habitant(e)s dans ses chalets et son centre-ville. Courage \u00e0 l\u2019ensemble des Strasbourgeois(es) et bonne d\u00e9couverte de notre ville aux autres !<\/b><\/p>\n","protected":false},"excerpt":{"rendered":"Accueil \/ No\u00ebl \/ J-1 \u00e0 Strasbourg : quel programme pour l\u2019inauguration du march\u00e9 de No\u00ebl 2025 ?&hellip;\n","protected":false},"author":2,"featured_media":556115,"comment_status":"","ping_status":"","sticky":false,"template":"","format":"standard","meta":{"footnotes":""},"categories":[2820],"tags":[1111,11,1777,674,1011,27,775,36053,12,15830,25,640,58524],"class_list":{"0":"post-556114","1":"post","2":"type-post","3":"status-publish","4":"format-standard","5":"has-post-thumbnail","7":"category-strasbourg","8":"tag-actu","9":"tag-actualites","10":"tag-eu","11":"tag-europe","12":"tag-fr","13":"tag-france","14":"tag-grand-est","15":"tag-marche-de-noel","16":"tag-news","17":"tag-noel","18":"tag-republique-francaise","19":"tag-strasbourg","20":"tag-strasbourg-actualite"},"share_on_mastodon":{"url":"https:\/\/pubeurope.com\/@fr\/115606519293742638","error":""},"_links":{"self":[{"href":"https:\/\/www.europesays.com\/fr\/wp-json\/wp\/v2\/posts\/556114","targetHints":{"allow":["GET"]}}],"collection":[{"href":"https:\/\/www.europesays.com\/fr\/wp-json\/wp\/v2\/posts"}],"about":[{"href":"https:\/\/www.europesays.com\/fr\/wp-json\/wp\/v2\/types\/post"}],"author":[{"embeddable":true,"href":"https:\/\/www.europesays.com\/fr\/wp-json\/wp\/v2\/users\/2"}],"replies":[{"embeddable":true,"href":"https:\/\/www.europesays.com\/fr\/wp-json\/wp\/v2\/comments?post=556114"}],"version-history":[{"count":0,"href":"https:\/\/www.europesays.com\/fr\/wp-json\/wp\/v2\/posts\/556114\/revisions"}],"wp:featuredmedia":[{"embeddable":true,"href":"https:\/\/www.europesays.com\/fr\/wp-json\/wp\/v2\/media\/556115"}],"wp:attachment":[{"href":"https:\/\/www.europesays.com\/fr\/wp-json\/wp\/v2\/media?parent=556114"}],"wp:term":[{"taxonomy":"category","embeddable":true,"href":"https:\/\/www.europesays.com\/fr\/wp-json\/wp\/v2\/categories?post=556114"},{"taxonomy":"post_tag","embeddable":true,"href":"https:\/\/www.europesays.com\/fr\/wp-json\/wp\/v2\/tags?post=556114"}],"curies":[{"name":"wp","href":"https:\/\/api.w.org\/{rel}","templated":true}]}}