{"id":556116,"date":"2025-11-24T20:17:12","date_gmt":"2025-11-24T20:17:12","guid":{"rendered":"https:\/\/www.europesays.com\/fr\/556116\/"},"modified":"2025-11-24T20:17:12","modified_gmt":"2025-11-24T20:17:12","slug":"que-va-devenir-la-tour-raimbaldi-a-nice","status":"publish","type":"post","link":"https:\/\/www.europesays.com\/fr\/556116\/","title":{"rendered":"Que va devenir la \u00ab tour Raimbaldi \u00bb \u00e0 Nice?"},"content":{"rendered":"<p class=\"fs-5 \">Haute de 45 m\u00e8tres, elle tr\u00f4ne au bout du boulevard Raimbaldi \u00e0 Nice. Construite au d\u00e9but des ann\u00e9es 1990, cette tour de 21 \u00e9tages abrite un silo \u00e0 voitures de 135 places et le si\u00e8ge de la R\u00e9gie Parcs Azur.<\/p>\n<p class=\"fs-5 \">\u00c0 l\u2019horizon 2027, les employ\u00e9s m\u00e9tropolitains devront d\u00e9m\u00e9nager. Cette emprise fonci\u00e8re est appel\u00e9e \u00e0 un autre avenir.<\/p>\n<p class=\"fs-5 \">Pour le dessiner, la Ville vient de lancer un appel \u00e0 projet urbain et innovant qui englobe, en plus de la \u00ab tour Raimbaldi \u00bb, la placette publique attenante.<\/p>\n<p class=\"fs-5 \">\u00ab Dans la continuit\u00e9 de l\u2019op\u00e9ration Iconic, je souhaite que les porteurs de projets fassent preuve, pour cette requalification, d\u2019inventivit\u00e9 en termes architectural, social, environnemental, artistique\u2026 pour redonner toutes ses lettres de noblesse \u00e0 ce d\u00e9but de boulevard en jonction avec l\u2019avenue Jean M\u00e9decin \u00bb, explique Christian Estrosi, le pr\u00e9sident de la M\u00e9tropole Nice &#8211; C\u00f4te d\u2019Azur <a href=\"https:\/\/www.nicematin.com\/societe\/politique\/municipales-2026\/tous-pour-nice-christian-estrosi-se-jette-dans-la-bataille-des-municipales-a-nice-voici-ce-qu-il-faut-retenir-du-lancement-officiel-de-la-campagne-10657776\" target=\"_blank\" rel=\"noopener\">et candidat officiel, depuis ce samedi, \u00e0 sa r\u00e9\u00e9lection \u00e0 la mairie de Nice<\/a>.<\/p>\n<p class=\"fs-5 \">Cette op\u00e9ration vise aussi \u00e0 mettre un terme aux nuisances occasionn\u00e9es par l\u2019occupation intempestive du jardin public.<\/p>\n<p>                                                                                Contraintes urbanistiques<\/p>\n<p class=\"fs-5 \">Il pourrait donc, bient\u00f4t, pousser un nouveau b\u00e2timent sur cette dent creuse.<\/p>\n<p class=\"fs-5 \">Quant \u00e0 la tour elle-m\u00eame, elle pourra soit \u00eatre r\u00e9nov\u00e9e, soit \u00eatre ras\u00e9e pour laisser place \u00e0 un nouveau projet.<\/p>\n<p class=\"fs-5 \">Si la feuille de route d\u00e9finie par la collectivit\u00e9 est tr\u00e8s ouverte, elle se heurte toutefois \u00e0 certaines contraintes urbanistiques.<\/p>\n<p class=\"fs-5 \">Le nouvel am\u00e9nagement devra ainsi se conformer au PLU qui pr\u00e9voit que les constructions neuves ne peuvent exc\u00e9der 21,50 m\u00e8tres et six \u00e9tages contre les 21 actuels qui culminent \u00e0 45 m\u00e8tres, comme le souligne le compte sp\u00e9cialis\u00e9 de @Nice2030 sur le r\u00e9seau X qui d\u00e9nonce \u00ab une ineptie vu la tour existante et l\u2019\u00e9troitesse du foncier \u00bb.<\/p>\n<p class=\"fs-5 \">Les candidats ont d\u00e9sormais jusqu\u2019au 31 d\u00e9cembre, date limite pour d\u00e9poser un dossier, pour s\u2019accommoder de ces contraintes et rendre leur copie.<\/p>\n<p class=\"fs-5 \">Un jury se r\u00e9unira ensuite, courant 2026, pour les d\u00e9partager.<\/p>\n","protected":false},"excerpt":{"rendered":"Haute de 45 m\u00e8tres, elle tr\u00f4ne au bout du boulevard Raimbaldi \u00e0 Nice. Construite au d\u00e9but des ann\u00e9es&hellip;\n","protected":false},"author":2,"featured_media":556117,"comment_status":"","ping_status":"","sticky":false,"template":"","format":"standard","meta":{"footnotes":""},"categories":[2819],"tags":[1111,11,1777,674,1011,27,12,2401,882,25],"class_list":{"0":"post-556116","1":"post","2":"type-post","3":"status-publish","4":"format-standard","5":"has-post-thumbnail","7":"category-nice","8":"tag-actu","9":"tag-actualites","10":"tag-eu","11":"tag-europe","12":"tag-fr","13":"tag-france","14":"tag-news","15":"tag-nice","16":"tag-provence-alpes-cote-dazur","17":"tag-republique-francaise"},"share_on_mastodon":{"url":"https:\/\/pubeurope.com\/@fr\/115606522737284093","error":""},"_links":{"self":[{"href":"https:\/\/www.europesays.com\/fr\/wp-json\/wp\/v2\/posts\/556116","targetHints":{"allow":["GET"]}}],"collection":[{"href":"https:\/\/www.europesays.com\/fr\/wp-json\/wp\/v2\/posts"}],"about":[{"href":"https:\/\/www.europesays.com\/fr\/wp-json\/wp\/v2\/types\/post"}],"author":[{"embeddable":true,"href":"https:\/\/www.europesays.com\/fr\/wp-json\/wp\/v2\/users\/2"}],"replies":[{"embeddable":true,"href":"https:\/\/www.europesays.com\/fr\/wp-json\/wp\/v2\/comments?post=556116"}],"version-history":[{"count":0,"href":"https:\/\/www.europesays.com\/fr\/wp-json\/wp\/v2\/posts\/556116\/revisions"}],"wp:featuredmedia":[{"embeddable":true,"href":"https:\/\/www.europesays.com\/fr\/wp-json\/wp\/v2\/media\/556117"}],"wp:attachment":[{"href":"https:\/\/www.europesays.com\/fr\/wp-json\/wp\/v2\/media?parent=556116"}],"wp:term":[{"taxonomy":"category","embeddable":true,"href":"https:\/\/www.europesays.com\/fr\/wp-json\/wp\/v2\/categories?post=556116"},{"taxonomy":"post_tag","embeddable":true,"href":"https:\/\/www.europesays.com\/fr\/wp-json\/wp\/v2\/tags?post=556116"}],"curies":[{"name":"wp","href":"https:\/\/api.w.org\/{rel}","templated":true}]}}